{"id":285566,"date":"2026-05-02T05:48:38","date_gmt":"2026-05-02T05:48:38","guid":{"rendered":"https:\/\/halkweb.com.tr\/?p=285566"},"modified":"2026-05-02T05:48:38","modified_gmt":"2026-05-02T05:48:38","slug":"may-day-between-two-bills","status":"publish","type":"post","link":"https:\/\/halkweb.com.tr\/en\/may-day-between-two-bills\/","title":{"rendered":"May 1 Between Two Bills"},"content":{"rendered":"<p>T\u00fcrkiye\u2019de 1 May\u0131s\u2019a girmek, yaln\u0131zca bir takvim yapra\u011f\u0131n\u0131 \u00e7evirmek de\u011fildir; eme\u011fin nas\u0131l sistematik bi\u00e7imde de\u011fersizle\u015ftirildi\u011fine, al\u0131n terinin nas\u0131l g\u00f6r\u00fcnmez k\u0131l\u0131nd\u0131\u011f\u0131na ve milyonlar\u0131n nas\u0131l yoksullu\u011fa mahk\u00fbm edildi\u011fine yeniden tan\u0131kl\u0131k etmektir.<\/p>\n<p>Resm\u00ee istatistiklerin \u00e7izdi\u011fi pembe tablolar ile pazar filesinin ger\u00e7e\u011fi aras\u0131nda art\u0131k kapanmaz bir u\u00e7urum vard\u0131r. K\u00e2\u011f\u0131t \u00fczerinde b\u00fcy\u00fcyen ekonomi, mutfakta k\u00fc\u00e7\u00fclen tencere; ekranlarda anlat\u0131lan refah hik\u00e2yeleri, sokakta \u00e7o\u011falan ge\u00e7im kuyruklar\u0131yla \u00e7arp\u0131\u015fmaktad\u0131r.<\/p>\n<p>Bug\u00fcn \u201ca\u00e7l\u0131k s\u0131n\u0131r\u0131\u201d, teknik bir veri olmaktan \u00e7\u0131km\u0131\u015f; \u00e7al\u0131\u015fan milyonlar i\u00e7in fiil\u00ee ya\u015fam standard\u0131na d\u00f6n\u00fc\u015fm\u00fc\u015ft\u00fcr. Daha vahimi, yoksulluk art\u0131k ge\u00e7ici bir ekonomik kriz de\u011fil; kurumsalla\u015ft\u0131r\u0131lm\u0131\u015f bir toplumsal d\u00fczene d\u00f6n\u00fc\u015fmektedir.<\/p>\n<p>Bu d\u00fczende i\u015f\u00e7iye bi\u00e7ilen kader nettir:<br \/>\n<strong>\u00c7al\u0131\u015f\u0131rken bor\u00e7lanmak, emekli olunca yoksunla\u015fmak\u2026<\/strong><\/p>\n<p>Aktif \u00e7al\u0131\u015fma hayat\u0131nda kredi kartlar\u0131 ve bor\u00e7 sarmal\u0131yla ayakta kalmaya \u00e7al\u0131\u015fan emek\u00e7i; y\u0131llar s\u00fcren prim \u00f6demelerinin ard\u0131ndan d\u00fc\u015f\u00fcr\u00fclen Ayl\u0131k Ba\u011flama Oranlar\u0131 (ABO) nedeniyle emeklilikte insanca ya\u015fam hakk\u0131ndan da uzakla\u015ft\u0131r\u0131lmaktad\u0131r.<br \/>\nYani sistem, eme\u011fi \u00f6nce s\u00f6m\u00fcrmekte; sonra ya\u015fland\u0131\u011f\u0131nda sessizce kenara itmektedir.<\/p>\n<p><strong>1980\u2019den Sonra K\u0131r\u0131lan Omurga<\/strong><\/p>\n<p>T\u00fcrkiye\u2019de emek hareketinin omurgas\u0131 yaln\u0131zca ekonomik politikalarla de\u011fil, bilin\u00e7li bir \u00f6rg\u00fcts\u00fczle\u015ftirme stratejisiyle k\u0131r\u0131lm\u0131\u015ft\u0131r.<\/p>\n<p>1980 \u00f6ncesi d\u00f6nemde, s\u0131n\u0131rl\u0131 sanayi altyap\u0131s\u0131na ve bug\u00fcne g\u00f6re \u00e7ok daha d\u00fc\u015f\u00fck n\u00fcfusa ra\u011fmen sendikalar yaln\u0131zca \u00fccret pazarl\u0131\u011f\u0131 yapan yap\u0131lar de\u011fil; eme\u011fin haysiyetini, toplumsal adaleti ve kamusal vicdan\u0131 savunan kurumlard\u0131.<\/p>\n<p>Bug\u00fcn ise tablo tersinedir.<br \/>\nN\u00fcfus artm\u0131\u015f, \u00fcretim b\u00fcy\u00fcm\u00fc\u015f, \u00e7al\u0131\u015fan say\u0131s\u0131 katlanm\u0131\u015f; fakat \u00f6rg\u00fctl\u00fc emek k\u00fc\u00e7\u00fclm\u00fc\u015ft\u00fcr.<\/p>\n<p>\u00c7\u00fcnk\u00fc bu ekonomik model; <strong>\u00f6rg\u00fctl\u00fc i\u015f\u00e7iyi de\u011fil, yaln\u0131zla\u015ft\u0131r\u0131lm\u0131\u015f i\u015f\u00e7iyi sever.<\/strong><br \/>\nHak arayan\u0131 de\u011fil, kaderine raz\u0131 olan\u0131 ister.<br \/>\nDayan\u0131\u015fmay\u0131 de\u011fil, rekabeti kutsar.<br \/>\nSendikay\u0131 de\u011fil, sessizli\u011fi \u00f6d\u00fcllendirir.<\/p>\n<p><strong>Ta\u015feron D\u00fczeni: Modern Zamanlar\u0131n G\u00f6r\u00fcnmez K\u00f6leli\u011fi<\/strong><\/p>\n<p>Ta\u015feronla\u015ft\u0131rma, yaln\u0131zca bir istihdam modeli de\u011fildir; sorumlulu\u011fu buharla\u015ft\u0131ran, hakk\u0131 muhataps\u0131z b\u0131rakan ve eme\u011fi g\u00fcvencesizli\u011fe mahk\u00fbm eden \u00e7a\u011fda\u015f bir s\u00f6m\u00fcr\u00fc mekanizmas\u0131d\u0131r.<\/p>\n<p>Bu sistemde i\u015f\u00e7inin patronu vard\u0131r ama muhatab\u0131 yoktur.<br \/>\nSorumlu vard\u0131r ama hesap veren yoktur.<br \/>\n\u00c7al\u0131\u015fan vard\u0131r ama g\u00fcvence yoktur.<\/p>\n<p>Ve sonra k\u00fcrs\u00fcler kurulur\u2026<br \/>\nNutuklar at\u0131l\u0131r\u2026<br \/>\n\u201cEmek en y\u00fcce de\u011ferdir\u201d denir\u2026<\/p>\n<p>Oysa 2 May\u0131s sabah\u0131 elektrik faturas\u0131 yine masadad\u0131r.<br \/>\nKira yine \u00f6denecektir.<br \/>\nPazar filesi yine yar\u0131m kalacakt\u0131r.<\/p>\n<p><strong>30 Nisan gecesi yoksul yatan i\u015f\u00e7i,<br \/>\n1 May\u0131s\u2019ta alk\u0131\u015flan\u0131r,<br \/>\n2 May\u0131s\u2019ta daha da yoksulla\u015fm\u0131\u015f halde yeniden tezg\u00e2h\u0131n ba\u015f\u0131na d\u00f6ner.<\/strong><\/p>\n<p>\u0130\u015fte bug\u00fcn\u00fcn emek ger\u00e7e\u011fi budur.<\/p>\n<p><strong>1 May\u0131s: Bayramdan Fazlas\u0131<\/strong><\/p>\n<p>1 May\u0131s bir nostalji g\u00fcn\u00fc de\u011fildir.<br \/>\nBir seremoni hi\u00e7 de\u011fildir.<br \/>\nO, eme\u011fin onurunu savunman\u0131n; adaletsiz b\u00f6l\u00fc\u015f\u00fcme, \u00f6rg\u00fcts\u00fczle\u015ftirmeye ve kurumsalla\u015fan yoksullu\u011fa itiraz\u0131n ad\u0131d\u0131r.<\/p>\n<p>\u00c7\u00fcnk\u00fc emek su\u00e7 de\u011fildir.<br \/>\nAl\u0131n teri bir l\u00fctuf de\u011fil, hakt\u0131r.<br \/>\n\u0130nsanca ya\u015famak bir ayr\u0131cal\u0131k de\u011fil, toplumsal adaletin asgari \u015fart\u0131d\u0131r.<\/p>\n<p><strong>\u00c7al\u0131\u015f\u0131rken yoksul, emekliyken yoksun kalmamak i\u00e7in\u2026<br \/>\nEme\u011fin hakk\u0131n\u0131, al\u0131n terinin onurunu ve adil payla\u015f\u0131m\u0131 savunmak i\u00e7in\u2026<br \/>\nHer \u015feye ra\u011fmen; ya\u015fas\u0131n 1 May\u0131s!<br \/>\nEmek Bayram\u0131m\u0131z kutlu olsun.<\/strong><\/p>","protected":false},"excerpt":{"rendered":"<p>30 Nisan gecesi yoksul yatan i\u015f\u00e7i,<br \/>\n1 May\u0131s\u2019ta alk\u0131\u015flan\u0131r,<br \/>\n2 May\u0131s\u2019ta daha da yoksulla\u015fm\u0131\u015f halde yeniden tezg\u00e2h\u0131n ba\u015f\u0131na d\u00f6ner.<\/p>\n<p>\u0130\u015fte bug\u00fcn\u00fcn emek ger\u00e7e\u011fi budur.<\/p>","protected":false},"author":17,"featured_media":285567,"comment_status":"closed","ping_status":"closed","sticky":false,"template":"","format":"standard","meta":{"footnotes":""},"categories":[286],"tags":[],"class_list":{"0":"post-285566","1":"post","2":"type-post","3":"status-publish","4":"format-standard","5":"has-post-thumbnail","7":"category-yazarlar"},"_links":{"self":[{"href":"https:\/\/halkweb.com.tr\/en\/wp-json\/wp\/v2\/posts\/285566","targetHints":{"allow":["GET"]}}],"collection":[{"href":"https:\/\/halkweb.com.tr\/en\/wp-json\/wp\/v2\/posts"}],"about":[{"href":"https:\/\/halkweb.com.tr\/en\/wp-json\/wp\/v2\/types\/post"}],"author":[{"embeddable":true,"href":"https:\/\/halkweb.com.tr\/en\/wp-json\/wp\/v2\/users\/17"}],"replies":[{"embeddable":true,"href":"https:\/\/halkweb.com.tr\/en\/wp-json\/wp\/v2\/comments?post=285566"}],"version-history":[{"count":1,"href":"https:\/\/halkweb.com.tr\/en\/wp-json\/wp\/v2\/posts\/285566\/revisions"}],"predecessor-version":[{"id":285568,"href":"https:\/\/halkweb.com.tr\/en\/wp-json\/wp\/v2\/posts\/285566\/revisions\/285568"}],"wp:featuredmedia":[{"embeddable":true,"href":"https:\/\/halkweb.com.tr\/en\/wp-json\/wp\/v2\/media\/285567"}],"wp:attachment":[{"href":"https:\/\/halkweb.com.tr\/en\/wp-json\/wp\/v2\/media?parent=285566"}],"wp:term":[{"taxonomy":"category","embeddable":true,"href":"https:\/\/halkweb.com.tr\/en\/wp-json\/wp\/v2\/categories?post=285566"},{"taxonomy":"post_tag","embeddable":true,"href":"https:\/\/halkweb.com.tr\/en\/wp-json\/wp\/v2\/tags?post=285566"}],"curies":[{"name":"wp","href":"https:\/\/api.w.org\/{rel}","templated":true}]}}