{"id":285549,"date":"2026-05-02T04:42:35","date_gmt":"2026-05-02T04:42:35","guid":{"rendered":"https:\/\/halkweb.com.tr\/?p=285549"},"modified":"2026-05-02T04:42:35","modified_gmt":"2026-05-02T04:42:35","slug":"kaybetti-masali-siyasetin-en-ucuz-yalani","status":"publish","type":"post","link":"https:\/\/halkweb.com.tr\/en\/kaybetti-masali-siyasetin-en-ucuz-yalani\/","title":{"rendered":"\u201cKaybetti\u201d Masal\u0131: Siyasetin En Ucuz Yalan\u0131"},"content":{"rendered":"<p>T\u00fcrkiye\u2019de baz\u0131 c\u00fcmleler vard\u0131r; ger\u00e7ek oldu\u011fu i\u00e7in de\u011fil, s\u00fcrekli tekrar edildi\u011fi i\u00e7in do\u011fru san\u0131l\u0131r.<br \/>\n\u201cKemal K\u0131l\u0131\u00e7daro\u011flu girdi\u011fi her se\u00e7imi kaybetti\u201d s\u00f6z\u00fc de tam olarak b\u00f6yle bir ezberdir.<\/p>\n<p>Bu bir analiz de\u011fil.<br \/>\nBu, bilin\u00e7li bir indirgeme ve politik tembelliktir.<\/p>\n<p>\u00c7\u00fcnk\u00fc siyaset, \u00e7ocuk oyunu gibi \u201ckazand\u0131\u2013kaybetti\u201d ikili\u011fine indirgenemez. Hele ki T\u00fcrkiye gibi devlet g\u00fcc\u00fcn\u00fcn, medyan\u0131n, ekonomik ara\u00e7lar\u0131n ve kimlik siyasetinin ayn\u0131 anda sahada oldu\u011fu bir \u00fclkede\u2026<\/p>\n<p>\u015eimdi a\u00e7\u0131k soral\u0131m:<\/p>\n<p>Bir siyaset\u00e7i, %20\u2019ye s\u0131k\u0131\u015fm\u0131\u015f bir partiyi al\u0131p %48,59\u2019a ta\u015f\u0131yorsa,<br \/>\nbu \u201ckaybetmek\u201d midir?<\/p>\n<p>E\u011fer buysa, ba\u015far\u0131 nedir?<\/p>\n<p>Bu soruya cevap veremeyen herkes asl\u0131nda tart\u0131\u015fmay\u0131 kapatmak i\u00e7in slogan kullan\u0131yor.<\/p>\n<p>Daha da \u00f6nemlisi \u015fu:<\/p>\n<p>\u201cK\u0131l\u0131\u00e7daro\u011flu kaybetti\u201d diyenlerin \u00f6nemli bir k\u0131sm\u0131, o s\u00fcrecin y\u00fck\u00fcn\u00fc ta\u015f\u0131mam\u0131\u015f insanlard\u0131r.<br \/>\nSahada olmayan, risk almayan ama sonu\u00e7tan sonra en y\u00fcksek sesi \u00e7\u0131karan kesim\u2026<\/p>\n<p>Siyasette bu tipolojinin ad\u0131 bellidir:<br \/>\n<strong>Sonu\u00e7 yorumcusu, s\u00fcre\u00e7 ka\u00e7aklar\u0131.<\/strong><\/p>\n<p><strong>Tarihsel Ger\u00e7ek: CHP\u2019nin Cam Tavan\u0131<\/strong><\/p>\n<p>B\u00fclent Ecevit istisnas\u0131n\u0131 \u00e7\u0131kar, tablo nettir:<\/p>\n<p>CHP, onlarca y\u0131l boyunca %20\u201325 band\u0131na s\u0131k\u0131\u015fm\u0131\u015f bir partidir.<\/p>\n<p>Ne devlet imk\u00e2n\u0131 vard\u0131,<br \/>\nne geni\u015f sa\u011f se\u00e7men deste\u011fi,<br \/>\nne de K\u00fcrt se\u00e7menle s\u00fcrd\u00fcr\u00fclebilir bir ili\u015fki.<\/p>\n<p>K\u0131l\u0131\u00e7daro\u011flu bu tabloyu devrald\u0131.<\/p>\n<p>Ve ne yapt\u0131?<\/p>\n<ul>\n<li>Sa\u011f partilerle masaya oturdu<\/li>\n<li>K\u00fcrt se\u00e7meni d\u0131\u015flamayan bir dil kurdu<\/li>\n<li>Farkl\u0131 ideolojileri ayn\u0131 hedefte bulu\u015fturdu<\/li>\n<\/ul>\n<p>Sonu\u00e7? %48,59<\/p>\n<p>Bu oran, sadece bir se\u00e7im sonucu de\u011fildir.<br \/>\nBu, T\u00fcrkiye\u2019de muhalefetin ilk kez iktidara bu kadar yakla\u015fmas\u0131d\u0131r.<\/p>\n<p><strong>As\u0131l Rahats\u0131zl\u0131k Nedir?<\/strong><\/p>\n<p>Burada mesele ba\u015far\u0131s\u0131zl\u0131k de\u011fil.<br \/>\nThe point is this:<\/p>\n<p>K\u0131l\u0131\u00e7daro\u011flu\u2019nun kurdu\u011fu denklem,<br \/>\nbir\u00e7ok ki\u015finin siyaset yapma bi\u00e7imini ge\u00e7ersiz k\u0131ld\u0131.<\/p>\n<p>Because:<\/p>\n<ul>\n<li>Kimlik \u00fczerinden siyaset yapanlar, bu geni\u015fli\u011fi kuramaz<\/li>\n<li>Dar ideolojik alanlara s\u0131k\u0131\u015fanlar, bu koalisyonu ta\u015f\u0131yamaz<\/li>\n<li>Sadece sloganla siyaset yapanlar, bu oranlara ula\u015famaz<\/li>\n<\/ul>\n<p>O y\u00fczden en kolay yol se\u00e7ildi:<\/p>\n<p>Ba\u015far\u0131y\u0131 k\u00fc\u00e7\u00fclt, sonucu \u201ckaybetti\u201d diye etiketle.<\/p>\n<p>Ama ger\u00e7ek de\u011fi\u015fmez:<\/p>\n<p>Bu \u00fclkede muhalefet ilk kez bu kadar geni\u015f bir toplumsal blok kurdu.<br \/>\nVe bunun mimar\u0131 K\u0131l\u0131\u00e7daro\u011flu\u2019ydu.<\/p>\n<p><strong>Hesap Sorulmas\u0131 Gereken Yer<\/strong><\/p>\n<p>Bug\u00fcn mesele K\u0131l\u0131\u00e7daro\u011flu\u2019nun ne yapt\u0131\u011f\u0131 de\u011fil.<br \/>\nThe point is this:<\/p>\n<p>Onun kurdu\u011fu e\u015fi\u011fi kim ta\u015f\u0131yabildi?<\/p>\n<p>Daha a\u00e7\u0131k soray\u0131m:<\/p>\n<ul>\n<li>%48,59\u2019un \u00fcst\u00fcne \u00e7\u0131kan var m\u0131?<\/li>\n<li>Ayn\u0131 geni\u015flikte bir ittifak kurabilen var m\u0131?<\/li>\n<li>Ayn\u0131 anda milliyet\u00e7iyi, muhafazak\u00e2r\u0131 ve K\u00fcrt se\u00e7meni ayn\u0131 zeminde tutabilen var m\u0131?<\/li>\n<\/ul>\n<p>No.<\/p>\n<p>Ama ele\u015ftiri \u00e7ok.<\/p>\n<p>\u0130\u015fte burada siyaset de\u011fil, psikoloji devreye giriyor.<\/p>\n<p><strong>\u201cSivas\u2019\u0131n \u00d6tesi\u201d Efsanesi ve Do\u011fu\u2019nun Sessiz Ger\u00e7e\u011fi<\/strong><\/p>\n<p>\u201cSivas\u2019\u0131n \u00f6tesine ge\u00e7emeyen parti\u2026\u201d<\/p>\n<p>T\u00fcrkiye siyasetinin en tembel, en kolay ve en \u00e7ok tekrar edilen kli\u015felerinden biri.<br \/>\nAma sorun \u015fu: Bu c\u00fcmle art\u0131k veriyle \u00e7eli\u015fiyor.<\/p>\n<p>Kemal K\u0131l\u0131\u00e7daro\u011flu d\u00f6nemini anlamak istiyorsan slogan\u0131 de\u011fil, haritay\u0131 okuyacaks\u0131n.<\/p>\n<p><strong>Do\u011fu ve G\u00fcneydo\u011fu\u2019da Ne Oldu?<\/strong><\/p>\n<p>2023 Cumhurba\u015fkanl\u0131\u011f\u0131 se\u00e7iminde ortaya \u00e7\u0131kan tabloyu sadele\u015ftirelim:<\/p>\n<ul>\n<li>Do\u011fu Anadolu\u2019da K\u0131l\u0131\u00e7daro\u011flu <strong>%45 band\u0131na dayand\u0131<\/strong><\/li>\n<li>G\u00fcneydo\u011fu\u2019nun bir\u00e7ok ilinde <strong>%60\u201380 aras\u0131 destek ald\u0131<\/strong><\/li>\n<li>T\u00fcrkiye genelinde <strong>%48,59\u2019a ula\u015ft\u0131<\/strong><\/li>\n<\/ul>\n<p>Bu tabloya \u201cge\u00e7emedi\u201d demek, iki ihtimali do\u011furur:<\/p>\n<ol>\n<li>Ya rakam bilmiyorsun<\/li>\n<li>Ya da bilerek g\u00f6rmezden geliyorsun<\/li>\n<\/ol>\n<p>\u0130kisi de siyasi ciddiyet a\u00e7\u0131s\u0131ndan sorunlu.<\/p>\n<p><strong>Ama Burada Bir Tuzak Var<\/strong><\/p>\n<p>\u015eimdi kritik ayr\u0131m\u0131 yapal\u0131m.<\/p>\n<p>Bu oylar do\u011frudan CHP\u2019nin klasik taban\u0131 m\u0131?<\/p>\n<p>No, no, no.<\/p>\n<p>Bu oylar neyin sonucu?<\/p>\n<p><strong>Kurulan siyasal denklemin sonucu.<\/strong><\/p>\n<p>I mean:<\/p>\n<ul>\n<li>K\u00fcrt se\u00e7menin stratejik tercihi<\/li>\n<li>\u0130ttifak siyasetinin yaratt\u0131\u011f\u0131 alan<\/li>\n<li>Kutupla\u015fmaya ra\u011fmen kurulan denge<\/li>\n<\/ul>\n<p>Bu \u00fc\u00e7\u00fc birle\u015fmeden o harita \u00e7\u0131kmaz.<\/p>\n<p>Ama tam da burada \u00e7arp\u0131tma ba\u015fl\u0131yor:<\/p>\n<p>Baz\u0131lar\u0131 bu oyu k\u00fc\u00e7\u00fcms\u00fcyor,<br \/>\nbaz\u0131lar\u0131 da tamamen \u201cCHP oyu\u201d gibi sunuyor.<\/p>\n<p>\u0130kisi de yanl\u0131\u015f.<\/p>\n<p>Do\u011fru olan \u015fu: K\u0131l\u0131\u00e7daro\u011flu, CHP\u2019nin tek ba\u015f\u0131na alamayaca\u011f\u0131 bir sosyolojiyi siyasete dahil etti.<\/p>\n<p>Bu, teknik olarak bir <strong>oy transferi de\u011fil<\/strong>,<br \/>\none <strong>siyasal konsolidasyon ba\u015far\u0131s\u0131d\u0131r.<\/strong><\/p>\n<p><strong>As\u0131l Soru: Kim Bu Dengeyi Kurabilir?<\/strong><\/p>\n<p>Bug\u00fcn ele\u015ftirenlere d\u00f6n\u00fcp \u015fu soruyu sormak gerekiyor:<\/p>\n<ul>\n<li>Ayn\u0131 anda milliyet\u00e7iyi \u00fcrk\u00fctmeden,<\/li>\n<li>K\u00fcrt se\u00e7meni d\u0131\u015flamadan,<\/li>\n<li>sa\u011f partileri masada tutarak<\/li>\n<\/ul>\n<p>%48\u2019e ula\u015fabilecek ba\u015fka bir modeliniz var m\u0131?<\/p>\n<p>Varsa ortaya koyun.<\/p>\n<p>Yoksa yap\u0131lan \u015fey analiz de\u011fil, <strong>y\u0131k\u0131c\u0131l\u0131kt\u0131r.<\/strong><\/p>\n<p><strong>2024 Yerel Se\u00e7imi: Yan\u0131lsama m\u0131?<\/strong><\/p>\n<p>Bug\u00fcn baz\u0131 kesimler %37\u2019lik yerel se\u00e7im sonucunu bir \u201czafer\u201d olarak sunuyor.<\/p>\n<p>Ama burada ciddi bir k\u00f6rl\u00fck var.<\/p>\n<p>\u00c7\u00fcnk\u00fc o sonu\u00e7:<\/p>\n<ul>\n<li>DEM se\u00e7meninin deste\u011fi<\/li>\n<li>\u0130Y\u0130 Parti taban\u0131n\u0131n k\u0131smi y\u00f6nelimi<\/li>\n<li>iktidar yorgunlu\u011fu<\/li>\n<\/ul>\n<p>ile olu\u015ftu.<\/p>\n<p>\u015eimdi net soral\u0131m:<\/p>\n<p>Bu \u00fc\u00e7 fakt\u00f6r\u00fcn tamam\u0131 kal\u0131c\u0131 m\u0131?<\/p>\n<p>E\u011fer de\u011filse,<br \/>\no zaman bug\u00fcn alk\u0131\u015flanan tablo yar\u0131n \u00e7\u00f6ker.<\/p>\n<p>Ve o zaman \u015fu ger\u00e7ekle y\u00fczle\u015filir:<\/p>\n<p>K\u0131l\u0131\u00e7daro\u011flu\u2019nun kurdu\u011fu denge, san\u0131ld\u0131\u011f\u0131ndan daha k\u0131r\u0131lgand\u0131 ama ayn\u0131 zamanda vazge\u00e7ilmezdi.<\/p>\n<p>Bug\u00fcn \u201cSivas\u2019\u0131n \u00f6tesi\u201d diye konu\u015fanlara tek soru:<\/p>\n<p>O haritay\u0131 kim geni\u015fletti?<\/p>\n<p>And more importantly:<\/p>\n<p>Bug\u00fcn o haritay\u0131 kim koruyabiliyor?<\/p>\n<p>\u00c7\u00fcnk\u00fc siyaset sadece oy almak de\u011fil,<br \/>\no oyu tutabilme kapasitesidir.<\/p>\n<p><strong>Sand\u0131k, Veri, Zoom: Kaybedilen Se\u00e7im mi, Da\u011f\u0131lan Organizasyon mu?<\/strong><\/p>\n<p>Siyasette en b\u00fcy\u00fck yan\u0131lsama \u015fudur:<br \/>\nSe\u00e7im sadece meydanlarda kazan\u0131l\u0131r san\u0131l\u0131r.<\/p>\n<p>Oysa ger\u00e7ek daha serttir.<\/p>\n<p>Se\u00e7im;<br \/>\nsand\u0131kta korunur,<br \/>\nveride y\u00f6netilir,<br \/>\n\u00f6rg\u00fctte kazan\u0131l\u0131r.<\/p>\n<p>Kemal K\u0131l\u0131\u00e7daro\u011flu d\u00f6nemindeki 2023 se\u00e7imini anlamak i\u00e7in art\u0131k aday tart\u0131\u015fmas\u0131n\u0131 b\u0131rak\u0131p \u015fu \u00fc\u00e7 ba\u015fl\u0131\u011fa bakmak zorunday\u0131z:<\/p>\n<p>Sand\u0131k g\u00fcvenli\u011fi, Veri y\u00f6netimi, Parti i\u00e7i koordinasyon<\/p>\n<p><strong>1. Sand\u0131k G\u00fcvenli\u011fi: Eksik Halka<\/strong><\/p>\n<p>\u00d6nce d\u00fcr\u00fcst olal\u0131m.<\/p>\n<p>CHP, \u00f6nceki se\u00e7imlere g\u00f6re sand\u0131k \u00f6rg\u00fctlenmesini geli\u015ftirdi mi?<br \/>\nYes.<\/p>\n<p>Ama yeterli miydi?<br \/>\nNo, no, no.<\/p>\n<p>T\u00fcrkiye gibi y\u00fcz binlerce sand\u0131\u011f\u0131n oldu\u011fu bir \u00fclkede,<\/p>\n<ul>\n<li>her sand\u0131kta g\u00f6revli<\/li>\n<li>her tutanakta kontrol<\/li>\n<li>her itirazda h\u0131z<\/li>\n<\/ul>\n<p>sa\u011flanamad\u0131\u011f\u0131nda, sonu\u00e7 sadece oy oran\u0131 de\u011fildir; <strong>g\u00fcven duygusu da zedelenir.<\/strong><\/p>\n<p>Burada mesele \u201c\u00e7al\u0131nd\u0131 m\u0131 \u00e7al\u0131nmad\u0131 m\u0131\u201d de\u011fil.<\/p>\n<p>The point is this: <strong>Bu b\u00fcy\u00fckl\u00fckte bir se\u00e7imi kusursuz y\u00f6netecek organizasyon kurulabildi mi?<\/strong><\/p>\n<p>Cevap net: Hay\u0131r.<\/p>\n<p>Ama \u015fu da net:<\/p>\n<p>Bu eksiklik tek ba\u015f\u0131na se\u00e7imi a\u00e7\u0131klamaz.<br \/>\nAma kritik farklar\u0131 b\u00fcy\u00fct\u00fcr.<\/p>\n<p><strong>2. Veri Krizi: Se\u00e7im Gecesi K\u0131r\u0131lmas\u0131<\/strong><\/p>\n<p>Se\u00e7imin belki de en kritik an\u0131 neydi?<\/p>\n<p>Se\u00e7im gecesi.<\/p>\n<ul>\n<li>Anadolu Ajans\u0131 veriyi ak\u0131tt\u0131<\/li>\n<li>Muhalefetin sistemi gecikti<\/li>\n<li>\u0130leti\u015fim kopuklu\u011fu ya\u015fand\u0131<\/li>\n<\/ul>\n<p>Ve en tehlikelisi oldu:<\/p>\n<p>Se\u00e7men, kime inanaca\u011f\u0131n\u0131 bilemedi.<\/p>\n<p>Siyasette alg\u0131, ger\u00e7ek kadar \u00f6nemlidir.<\/p>\n<p>O gece olu\u015fan tablo \u015fuydu:<\/p>\n<ul>\n<li>Moral \u00fcst\u00fcnl\u00fck kaybedildi<\/li>\n<li>Psikolojik diren\u00e7 zay\u0131flad\u0131<\/li>\n<li>\u201cAcaba yine mi?\u201d duygusu yay\u0131ld\u0131<\/li>\n<\/ul>\n<p>Bu, teknik bir hata de\u011fil; <strong>is a strategic weakness.<\/strong><\/p>\n<p><strong>3. Zoom Toplant\u0131lar\u0131: Birlik mi, \u00c7atlak m\u0131?<\/strong><\/p>\n<p>Gelelim en rahats\u0131z edici ba\u015fl\u0131\u011fa.<\/p>\n<p>Se\u00e7im s\u00fcrecinde ortaya \u00e7\u0131kan <strong>Zoom toplant\u0131lar\u0131<\/strong>\u2026<\/p>\n<p>Bu olay basit bir \u201ctoplant\u0131\u201d de\u011fildir.<br \/>\nBu, parti i\u00e7indeki ger\u00e7ek durumu a\u00e7\u0131\u011fa \u00e7\u0131karan bir i\u015farettir.<\/p>\n<p>\u015eunu g\u00f6sterir:<\/p>\n<p>Herkes ayn\u0131 stratejide birle\u015fmi\u015f miydi?<br \/>\nYoksa paralel ak\u0131llar m\u0131 \u00e7al\u0131\u015f\u0131yordu?<\/p>\n<p>Se\u00e7ime giderken:<\/p>\n<ul>\n<li>farkl\u0131 ekipler farkl\u0131 hesap yap\u0131yorsa<\/li>\n<li>lider etraf\u0131nda tam bir kenetlenme yoksa<\/li>\n<\/ul>\n<p>orada sorun vard\u0131r.<\/p>\n<p>Bu sadece CHP\u2019ye \u00f6zg\u00fc de\u011fil.<br \/>\nAma 2023\u2019te bunun bedeli a\u011f\u0131r oldu.<\/p>\n<p><strong>4. Verilmeyen Destek: Sessiz Ama Etkili<\/strong><\/p>\n<p>En tart\u0131\u015fmal\u0131 ama en ger\u00e7ek ba\u015fl\u0131klardan biri: K\u0131l\u0131\u00e7daro\u011flu\u2019na tam destek verildi mi?<\/p>\n<p>Answer:<\/p>\n<ul>\n<li>A\u00e7\u0131k sabotaj var m\u0131?\u00a0 Kan\u0131tlamak zor<\/li>\n<li>Ama g\u00f6n\u00fcls\u00fczl\u00fck, isteksizlik, par\u00e7al\u0131 destek var m\u0131?\u00a0 Evet<\/li>\n<\/ul>\n<p>Ve bu k\u00fc\u00e7\u00fcmsenecek bir \u015fey de\u011fil.<\/p>\n<p>\u00c7\u00fcnk\u00fc se\u00e7imler:<\/p>\n<ul>\n<li>%10 farkla de\u011fil<\/li>\n<li>%1\u20132 farkla kazan\u0131l\u0131r ya da kaybedilir<\/li>\n<\/ul>\n<p>Sahada yar\u0131m \u00e7al\u0131\u015fan,<br \/>\nmesafeli duran,<br \/>\nisteksiz hareket eden her yap\u0131\u2026<\/p>\n<p>toplam sonucu do\u011frudan etkiler.<\/p>\n<p><strong>Ac\u0131 Ger\u00e7ek: Tek Sebep Yok<\/strong><\/p>\n<p>\u015eimdi b\u00fct\u00fcn par\u00e7alar\u0131 birle\u015ftirelim:<\/p>\n<p>2023 se\u00e7imi:<\/p>\n<ul>\n<li>sadece aday meselesi de\u011fil<\/li>\n<li>sadece sand\u0131k meselesi de\u011fil<\/li>\n<li>sadece ittifak meselesi de\u011fil<\/li>\n<\/ul>\n<p><strong>Hepsinin birle\u015fimi.<\/strong><\/p>\n<p>Ama buna ra\u011fmen sonu\u00e7 ne? %48,59<\/p>\n<p>Bu oran iki \u015feyi ayn\u0131 anda anlat\u0131r:<\/p>\n<ul>\n<li>B\u00fcy\u00fck bir potansiyel<\/li>\n<li>B\u00fcy\u00fck bir ka\u00e7\u0131r\u0131lm\u0131\u015f f\u0131rsat<\/li>\n<\/ul>\n<p><strong>As\u0131l Hesapla\u015fma<\/strong><\/p>\n<p>Bug\u00fcn herkes konu\u015fuyor.<br \/>\nAma kimse \u015fu soruya net cevap vermiyor:<\/p>\n<p>Ayn\u0131 ko\u015fullarda,<br \/>\nayn\u0131 i\u00e7 \u00e7eki\u015fmelerle,<br \/>\nayn\u0131 koordinasyon sorunlar\u0131yla<\/p>\n<p>daha iyi sonu\u00e7 alabilecek miydiniz?<\/p>\n<p>E\u011fer evetse:<br \/>\nNeden o g\u00fcn sahada de\u011fildiniz?<\/p>\n<p>E\u011fer hay\u0131rsa:<br \/>\nO zaman ele\u015ftiriniz ne kadar samimi?<\/p>\n<p><strong>Bir Liderin Miras\u0131 m\u0131, Bir Kadronun S\u0131nav\u0131 m\u0131?<\/strong><\/p>\n<p>2023 se\u00e7imi \u00fczerinden iki y\u0131l ge\u00e7ti. Tart\u0131\u015fma h\u00e2l\u00e2 ayn\u0131 yerde d\u00f6n\u00fcyor:<br \/>\n\u201cKaybetti mi, kaybettirdi mi?\u201d<\/p>\n<p>Bu soru eksik.<br \/>\nThe right question is this:<\/p>\n<p><strong>Bu sonu\u00e7 kimin aynas\u0131yd\u0131?<\/strong><\/p>\n<p>Kemal K\u0131l\u0131\u00e7daro\u011flu %48,59 ald\u0131. Bu oran, T\u00fcrkiye\u2019de muhalefetin ula\u015ft\u0131\u011f\u0131 en y\u00fcksek e\u015fiklerden biri. Ama bu e\u015fi\u011fin anlam\u0131n\u0131 do\u011fru okumazsan, ayn\u0131 hatay\u0131 tekrar edersin.<\/p>\n<p><strong>1. Miras: Dar Partiden Geni\u015f Koalisyona<\/strong><\/p>\n<p>K\u0131l\u0131\u00e7daro\u011flu\u2019nun yapt\u0131\u011f\u0131 \u015fey, klasik CHP siyasetinin s\u0131n\u0131rlar\u0131n\u0131 zorlamakt\u0131:<\/p>\n<ul>\n<li>%20\u2019lik \u00e7ekirdek taban\u0131 a\u015fma denemesi<\/li>\n<li>Sa\u011f partilerle ayn\u0131 masaya oturma<\/li>\n<li>K\u00fcrt se\u00e7meni d\u0131\u015flamayan bir dil kurma<\/li>\n<li>Farkl\u0131 ideolojileri tek hedefte birle\u015ftirme<\/li>\n<\/ul>\n<p>Bu, kolay bir i\u015f de\u011fil. T\u00fcrkiye\u2019de bunun kar\u015f\u0131l\u0131\u011f\u0131 \u015fudur:<\/p>\n<p><strong>Kutupla\u015fmay\u0131 delmek.<\/strong><\/p>\n<p>Bu y\u00fczden ortaya \u00e7\u0131kan %48,59, sadece bir aday\u0131n oyu de\u011fil;<br \/>\none <strong>siyasal modelin sonucu<\/strong>Stop.<\/p>\n<p><strong>2. K\u0131r\u0131lma: Model Kuruldu, Ama Ta\u015f\u0131namad\u0131<\/strong><\/p>\n<p>Ama burada as\u0131l sorun ba\u015fl\u0131yor.<\/p>\n<p>Model kuruldu.<br \/>\nAma o modeli ta\u015f\u0131yacak \u00f6rg\u00fctsel disiplin kurulamad\u0131.<\/p>\n<p>Ne eksikti?<\/p>\n<ul>\n<li>Tam koordinasyon<\/li>\n<li>Net ileti\u015fim<\/li>\n<li>Kesintisiz saha \u00e7al\u0131\u015fmas\u0131<\/li>\n<li>Se\u00e7im gecesi y\u00f6netimi<\/li>\n<\/ul>\n<p>And most importantly:<\/p>\n<p><strong>Lider etraf\u0131nda tam konsolidasyon<\/strong><\/p>\n<p>Bir yap\u0131, liderine %100 inanmazsa,<br \/>\no lider %100 sonu\u00e7 \u00fcretemez.<\/p>\n<p>Bu kadar basit.<\/p>\n<p><strong>3. Hesap Sorulacak Yer: Ki\u015fi mi, Sistem mi?<\/strong><\/p>\n<p>Bug\u00fcn yap\u0131lan en b\u00fcy\u00fck hata \u015fu:<\/p>\n<p>T\u00fcm sorumlulu\u011fu tek bir isme y\u00fcklemek.<\/p>\n<p>Bu kolayd\u0131r.<br \/>\nAma do\u011fru de\u011fildir.<\/p>\n<p>\u00c7\u00fcnk\u00fc ger\u00e7ek tablo \u015fu:<\/p>\n<ul>\n<li>\u0130ttifak vard\u0131 ama tam uyum yoktu<\/li>\n<li>\u00d6rg\u00fct vard\u0131 ama tam disiplin yoktu<\/li>\n<li>Kampanya vard\u0131 ama tek merkez yoktu<\/li>\n<\/ul>\n<p>B\u00f6yle bir yap\u0131yla %48,59 almak\u2026<\/p>\n<p>ba\u015far\u0131s\u0131zl\u0131k de\u011fil, s\u0131n\u0131r zorlamakt\u0131r.<\/p>\n<p><strong>4. Bug\u00fcn\u00fcn Siyaseti: Kolay Ele\u015ftiri, Zor \u00dcretim<\/strong><\/p>\n<p>Bug\u00fcn K\u0131l\u0131\u00e7daro\u011flu\u2019nu ele\u015ftirenlere bak:<\/p>\n<ul>\n<li>Daha geni\u015f bir ittifak kurabildiler mi?<\/li>\n<li>Daha y\u00fcksek bir oy oran\u0131na ula\u015ft\u0131lar m\u0131?<\/li>\n<li>Ayn\u0131 sosyolojik \u00e7e\u015fitlili\u011fi ta\u015f\u0131yabildiler mi?<\/li>\n<\/ul>\n<p>No.<\/p>\n<p>Ama ele\u015ftiri y\u00fcksek.<\/p>\n<p>Bu da bize \u015funu g\u00f6steriyor:<\/p>\n<p>T\u00fcrkiye\u2019de siyaset \u00fcretmekten \u00e7ok, tasfiye etmek \u00fczerinden ilerliyor.<\/p>\n<p>Oysa siyaset y\u0131karak de\u011fil, kurarak yap\u0131l\u0131r.<\/p>\n<p><strong>5. Son C\u00fcmle: Tarih Kimi Yazacak?<\/strong><\/p>\n<p>Siyaset sadece kazananlar\u0131 yazmaz.<br \/>\nE\u015fik kuranlar\u0131 da yazar.<\/p>\n<p>K\u0131l\u0131\u00e7daro\u011flu:<\/p>\n<ul>\n<li>CHP\u2019nin tarihsel s\u0131n\u0131rlar\u0131n\u0131 zorlad\u0131<\/li>\n<li>Muhalefeti ger\u00e7ek bir iktidar alternatifi haline getirdi<\/li>\n<li>T\u00fcrkiye\u2019de \u201ckazanabiliriz\u201d duygusunu somutla\u015ft\u0131rd\u0131<\/li>\n<\/ul>\n<p>Ve evet, se\u00e7imi kazanamad\u0131.<\/p>\n<p>Ama \u015fu soruyu tarihe b\u0131rakt\u0131:<\/p>\n<p><strong>Bu e\u015fi\u011fi kim a\u015facak?<\/strong><\/p>\n<p>E\u011fer kimse a\u015famazsa,<br \/>\no zaman bug\u00fcn \u201ckaybetti\u201d diyenler,<br \/>\nyar\u0131n o e\u015fi\u011fin ne kadar zor kuruldu\u011funu anlayacak.<\/p>\n<p><strong>Hesap Kapanmad\u0131<\/strong><\/p>\n<p>Bu yaz\u0131n\u0131n \u00f6zeti tek c\u00fcmle:<\/p>\n<p>2023 se\u00e7imi bir ki\u015finin de\u011fil, bir sistemin s\u0131nav\u0131yd\u0131.<\/p>\n<p>Ve o s\u0131navda:<\/p>\n<ul>\n<li>Lider s\u0131n\u0131r\u0131 zorlad\u0131<\/li>\n<li>Sistem o s\u0131n\u0131r\u0131 ta\u015f\u0131yamad\u0131<\/li>\n<\/ul>\n<p>Hesapla\u015fma h\u00e2l\u00e2 devam ediyor.<\/p>","protected":false},"excerpt":{"rendered":"<p>K\u0131l\u0131\u00e7daro\u011flu\u2019nun kurdu\u011fu denklem,<br \/>\nbir\u00e7ok ki\u015finin siyaset yapma bi\u00e7imini ge\u00e7ersiz k\u0131ld\u0131.<\/p>","protected":false},"author":14,"featured_media":285551,"comment_status":"closed","ping_status":"closed","sticky":false,"template":"","format":"standard","meta":{"footnotes":""},"categories":[286],"tags":[289],"class_list":{"0":"post-285549","1":"post","2":"type-post","3":"status-publish","4":"format-standard","5":"has-post-thumbnail","7":"category-yazarlar","8":"tag-manset"},"_links":{"self":[{"href":"https:\/\/halkweb.com.tr\/en\/wp-json\/wp\/v2\/posts\/285549","targetHints":{"allow":["GET"]}}],"collection":[{"href":"https:\/\/halkweb.com.tr\/en\/wp-json\/wp\/v2\/posts"}],"about":[{"href":"https:\/\/halkweb.com.tr\/en\/wp-json\/wp\/v2\/types\/post"}],"author":[{"embeddable":true,"href":"https:\/\/halkweb.com.tr\/en\/wp-json\/wp\/v2\/users\/14"}],"replies":[{"embeddable":true,"href":"https:\/\/halkweb.com.tr\/en\/wp-json\/wp\/v2\/comments?post=285549"}],"version-history":[{"count":2,"href":"https:\/\/halkweb.com.tr\/en\/wp-json\/wp\/v2\/posts\/285549\/revisions"}],"predecessor-version":[{"id":285552,"href":"https:\/\/halkweb.com.tr\/en\/wp-json\/wp\/v2\/posts\/285549\/revisions\/285552"}],"wp:featuredmedia":[{"embeddable":true,"href":"https:\/\/halkweb.com.tr\/en\/wp-json\/wp\/v2\/media\/285551"}],"wp:attachment":[{"href":"https:\/\/halkweb.com.tr\/en\/wp-json\/wp\/v2\/media?parent=285549"}],"wp:term":[{"taxonomy":"category","embeddable":true,"href":"https:\/\/halkweb.com.tr\/en\/wp-json\/wp\/v2\/categories?post=285549"},{"taxonomy":"post_tag","embeddable":true,"href":"https:\/\/halkweb.com.tr\/en\/wp-json\/wp\/v2\/tags?post=285549"}],"curies":[{"name":"wp","href":"https:\/\/api.w.org\/{rel}","templated":true}]}}