{"id":285528,"date":"2026-04-30T12:45:20","date_gmt":"2026-04-30T12:45:20","guid":{"rendered":"https:\/\/halkweb.com.tr\/?p=285528"},"modified":"2026-04-30T12:45:20","modified_gmt":"2026-04-30T12:45:20","slug":"zaferin-ideolojik-insasi-bir-kavram-nasil-tersyuz-edilir","status":"publish","type":"post","link":"https:\/\/halkweb.com.tr\/en\/zaferin-ideolojik-insasi-bir-kavram-nasil-tersyuz-edilir\/","title":{"rendered":"Zaferin \u0130deolojik \u0130n\u015fas\u0131: Bir Kavram Nas\u0131l Tersy\u00fcz Edilir?"},"content":{"rendered":"<p>Zafer\u2026<br \/>\nBu kelime, tarih boyunca s\u0131n\u0131flar aras\u0131 m\u00fccadelenin en kritik kavramlar\u0131ndan biri oldu. Ama bug\u00fcn, \u00f6zellikle T\u00fcrkiye\u2019de, zafer kavram\u0131 sadece a\u015f\u0131nd\u0131r\u0131lmad\u0131; bilin\u00e7li bir \u015fekilde tersy\u00fcz edildi.<\/p>\n<p>\u00c7\u00fcnk\u00fc art\u0131k zafer, kazan\u0131lan bir \u015fey de\u011fil; kazan\u0131lm\u0131\u015f gibi anlat\u0131lan bir \u015feydir.<\/p>\n<p>Bu ayr\u0131m hayati \u00f6nemdedir. Zira bir kavram\u0131n i\u00e7eri\u011fini bo\u015faltman\u0131n en etkili yolu, onun kullan\u0131m\u0131n\u0131 yayg\u0131nla\u015ft\u0131rmakt\u0131r. Bug\u00fcn \u201ckazand\u0131k\u201d c\u00fcmlesi ne kadar s\u0131k kuruluyorsa, o kadar \u015f\u00fcpheyle yakla\u015fmak gerekir. \u00c7\u00fcnk\u00fc bu tekrar, bir ger\u00e7ekli\u011fin de\u011fil; bir ihtiyac\u0131n g\u00f6stergesidir. Ve o ihtiya\u00e7, \u00e7o\u011fu zaman ger\u00e7e\u011fi \u00f6rtme ihtiyac\u0131d\u0131r.<\/p>\n<p>Modern emek rejimi, i\u015f\u00e7iyi sadece \u00fcretim s\u00fcrecinde de\u011fil, alg\u0131 d\u00fczeyinde de y\u00f6netir. Art\u0131k mesele yaln\u0131zca eme\u011fin s\u00f6m\u00fcr\u00fclmesi de\u011fil; s\u00f6m\u00fcr\u00fcn\u00fcn nas\u0131l adland\u0131r\u0131laca\u011f\u0131n\u0131n da kontrol edilmesidir. Bu y\u00fczden \u201ckay\u0131p\u201d kelimesi yerini \u201ckazan\u0131m\u201da, \u201cgeri \u00e7ekilme\u201d yerini \u201cstratejik ba\u015far\u0131\u201dya b\u0131rak\u0131r.<\/p>\n<p>Dil de\u011fi\u015fir. Ger\u00e7eklik sabit kal\u0131r.<\/p>\n<p>Bug\u00fcn bir i\u015f\u00e7i maa\u015f\u0131n\u0131 alabildi\u011finde, bu durum zafer olarak sunulabiliyorsa, burada sadece ekonomik de\u011fil, ideolojik bir k\u0131r\u0131lma vard\u0131r. \u00c7\u00fcnk\u00fc \u00fccret, zaten verilmesi gereken bir hakt\u0131r. Gasp edilen bir hakk\u0131n iadesi zafer de\u011fildir. Ama bu, zafer gibi sunulur.<\/p>\n<p>Why?<\/p>\n<p>\u00c7\u00fcnk\u00fc \u00e7\u0131ta d\u00fc\u015f\u00fcr\u00fclm\u00fc\u015ft\u00fcr.<\/p>\n<p>\u0130\u015f\u00e7i s\u0131n\u0131f\u0131 art\u0131k daha iyi ko\u015fullar i\u00e7in de\u011fil, mevcut ko\u015fullar\u0131n tamamen \u00e7\u00f6kmesini engellemek i\u00e7in m\u00fccadele eder h\u00e2le getirilmi\u015ftir. Bu, klasik anlamda bir ilerleme de\u011fil; kontroll\u00fc bir gerilemedir. Ve bu gerileme, ba\u015far\u0131 hik\u00e2yeleriyle paketlenir.<\/p>\n<p>Bu noktada kritik bir e\u015fik a\u015f\u0131l\u0131r:<br \/>\nS\u0131n\u0131f, kendi durumunu yanl\u0131\u015f adland\u0131rmaya ba\u015flar.<\/p>\n<p>Ve bu, en tehlikeli and\u0131r.<\/p>\n<p>\u00c7\u00fcnk\u00fc bir s\u0131n\u0131f, yenilgisini zafer olarak i\u00e7selle\u015ftirdi\u011finde, art\u0131k sadece maddi olarak de\u011fil; d\u00fc\u015f\u00fcnsel olarak da ku\u015fat\u0131lm\u0131\u015ft\u0131r. Bu, Gramsci\u2019nin tarif etti\u011fi anlamda bir hegemonya de\u011fil, daha ileri bir a\u015famad\u0131r: \u0130\u00e7selle\u015ftirilmi\u015f bir teslimiyet.<\/p>\n<p>Art\u0131k d\u0131\u015far\u0131dan zorlamaya bile gerek kalmaz. Sistem, kendi dilini s\u0131n\u0131fa konu\u015fturur.<\/p>\n<p>\u201cDirendik ve kazand\u0131k.\u201d<\/p>\n<p>Bu c\u00fcmle, \u00e7o\u011fu zaman ger\u00e7e\u011fi de\u011fil; ihtiyac\u0131 ifade eder. \u00c7\u00fcnk\u00fc kazan\u0131ld\u0131\u011f\u0131na inanmak, kaybedildi\u011fini kabul etmekten daha katlan\u0131labilir bir durumdur.<\/p>\n<p>But the truth is this:<\/p>\n<p>E\u011fer bir m\u00fccadele, kal\u0131c\u0131 bir d\u00f6n\u00fc\u015f\u00fcm yaratm\u0131yorsa,<br \/>\ne\u011fer i\u015f\u00e7inin ya\u015fam ko\u015fullar\u0131nda yap\u0131sal bir iyile\u015fme sa\u011flam\u0131yorsa,<br \/>\ne\u011fer ertesi g\u00fcn ayn\u0131 g\u00fcvencesizlik devam ediyorsa\u2026<\/p>\n<p>Ortada zafer yoktur.<\/p>\n<p>Sadece daha iyi anlat\u0131lm\u0131\u015f bir yenilgi vard\u0131r.<\/p>\n<p>Ve bu yenilgi, en \u00e7ok alk\u0131\u015fland\u0131\u011f\u0131nda en g\u00f6r\u00fcnmez h\u00e2line gelir.<\/p>\n<p><strong>G\u00fcvencesizli\u011fin Rejimi: \u0130\u015f G\u00fcvencesinin Tasfiyesi ve Hak Gasb\u0131n\u0131n Normalle\u015fmesi<\/strong><\/p>\n<p>Bir \u00fclkede i\u015f g\u00fcvencesi fiilen ortadan kalkt\u0131\u011f\u0131nda, art\u0131k tek tek ihlallerden de\u011fil; bir rejimden s\u00f6z etmek gerekir. T\u00fcrkiye\u2019de bug\u00fcn ya\u015fanan tam olarak budur: G\u00fcvencesizlik istisna de\u011fil, normdur.<\/p>\n<p>Hukuk metinlerinde i\u015f g\u00fcvencesi h\u00e2l\u00e2 vard\u0131r. Ama pratikte, bu g\u00fcvence s\u00fcrekli delinmekte, a\u015f\u0131nd\u0131r\u0131lmakta ve sonunda i\u015flevsiz h\u00e2le getirilmektedir. \u00c7\u00fcnk\u00fc i\u015ften \u00e7\u0131karma, sermaye i\u00e7in yaln\u0131zca ekonomik bir karar de\u011fil; ayn\u0131 zamanda bir disiplin mekanizmas\u0131d\u0131r.<\/p>\n<p>\u0130\u015f\u00e7i konu\u015fur \u2192 i\u015ften at\u0131l\u0131r.<br \/>\nHak talep eder \u2192 \u201cuyumsuz\u201d ilan edilir.<br \/>\n\u00d6rg\u00fctlenir \u2192 sistem d\u0131\u015f\u0131na itilir.<\/p>\n<p>Bu zincir, art\u0131k o kadar s\u0131radanla\u015fm\u0131\u015ft\u0131r ki, \u00e7o\u011fu zaman tart\u0131\u015fma konusu bile yap\u0131lmaz. Oysa burada olan \u015fey, bireysel bir ma\u011fduriyet de\u011fil; kolektif bir sindirme politikas\u0131d\u0131r.<\/p>\n<p>Ancak mesele sadece i\u015ften at\u0131lmakla s\u0131n\u0131rl\u0131 de\u011fildir. As\u0131l k\u0131r\u0131lma, i\u015f\u00e7inin eme\u011finin kar\u015f\u0131l\u0131\u011f\u0131n\u0131 alamamas\u0131nda derinle\u015fir.<\/p>\n<p>K\u0131dem tazminat\u0131 ya hi\u00e7 \u00f6denmez ya da par\u00e7alara b\u00f6l\u00fcn\u00fcr.<br \/>\nFazla mesai sistematik olarak yok say\u0131l\u0131r.<br \/>\nY\u0131ll\u0131k izinler ka\u011f\u0131t \u00fczerinde kal\u0131r.<br \/>\n\u00dccretler geciktirilir, eksik yat\u0131r\u0131l\u0131r.<\/p>\n<p>Ve b\u00fct\u00fcn bunlar, b\u00fcy\u00fck \u00f6l\u00e7\u00fcde yapt\u0131r\u0131ms\u0131z kal\u0131r.<\/p>\n<p>Burada hukuk devreye girer gibi g\u00f6r\u00fcn\u00fcr; ama asl\u0131nda zamana yay\u0131l\u0131r, etkisizle\u015ftirilir. \u0130\u015f\u00e7i dava a\u00e7ar. Y\u0131llar ge\u00e7er. Karar \u00e7\u0131kar. Ama o karar, \u00e7o\u011fu zaman hayat\u0131n gerisinde kalm\u0131\u015ft\u0131r. Enflasyon, bor\u00e7, ge\u00e7im bask\u0131s\u0131\u2026 Hepsi o \u201ckazan\u0131m\u0131\u201d \u00e7oktan eritmi\u015ftir.<\/p>\n<p>Yani sistem \u015fu \u015fekilde \u00e7al\u0131\u015f\u0131r:<br \/>\nHak verilmez \u2192 arayana bedel \u00f6detilir \u2192 kazan\u0131lsa bile de\u011feri d\u00fc\u015f\u00fcr\u00fcl\u00fcr.<\/p>\n<p>Bu, tesad\u00fcfi bir aksakl\u0131k de\u011fil; rasyonel bir d\u00fczendir.<\/p>\n<p>\u00c7\u00fcnk\u00fc yapt\u0131r\u0131m\u0131n olmad\u0131\u011f\u0131 yerde hukuk de\u011fil, maliyet hesab\u0131 i\u015fler. Ve bu hesapta i\u015f\u00e7inin hakk\u0131, \u00e7o\u011fu zaman en d\u00fc\u015f\u00fck \u00f6nceli\u011fe sahiptir.<\/p>\n<p>\u0130\u015f g\u00fcvenli\u011fi meselesi de bu \u00e7er\u00e7evenin d\u0131\u015f\u0131nda de\u011fildir. \u201c\u0130\u015f kazas\u0131\u201d denilen \u015feylerin b\u00fcy\u00fck b\u00f6l\u00fcm\u00fc \u00f6ng\u00f6r\u00fclebilir, \u00f6nlenebilir ve tekrar eden olaylard\u0131r. Ama \u00f6nlenmez. \u00c7\u00fcnk\u00fc \u00f6nlem almak maliyetlidir; ceza ise \u00e7o\u011fu zaman daha ucuzdur.<\/p>\n<p>Bu noktada insan hayat\u0131 bile ekonomik bir de\u011fi\u015fkene indirgenir.<\/p>\n<p>Ve b\u00f6yle bir d\u00fczende, en trajik olan \u015fudur:<br \/>\n\u0130\u015f\u00e7i, sadece \u00e7al\u0131\u015f\u0131rken de\u011fil; hakk\u0131n\u0131 ararken de risk alt\u0131ndad\u0131r.<\/p>\n<p>Bu y\u00fczden, elde edilen her s\u0131n\u0131rl\u0131 geri ad\u0131m \u201ckazan\u0131m\u201d gibi sunulabilir. \u00c7\u00fcnk\u00fc genel tablo o kadar gerilemi\u015ftir ki, en k\u00fc\u00e7\u00fck iyile\u015fme bile b\u00fcy\u00fck bir ba\u015far\u0131 gibi g\u00f6r\u00fcn\u00fcr.<\/p>\n<p>Ama ger\u00e7ek de\u011fi\u015fmez:<\/p>\n<p>E\u011fer i\u015f\u00e7i ertesi g\u00fcn i\u015fine d\u00f6nemiyorsa,<br \/>\ne\u011fer hakk\u0131n\u0131 almak i\u00e7in y\u0131llarca m\u00fccadele etmek zorundaysa,<br \/>\ne\u011fer en temel g\u00fcvenlik \u00f6nlemleri bile pazarl\u0131k konusuysa\u2026<\/p>\n<p>Ortada bir ilerleme yoktur.<\/p>\n<p>Sadece daha rafine bir g\u00fcvencesizlik vard\u0131r.<\/p>\n<p>Ve bu g\u00fcvencesizlik, art\u0131k bireysel de\u011fil; kurumsalla\u015fm\u0131\u015f bir d\u00fczendir.<\/p>\n<p><strong> Temsil Krizi ve Kontroll\u00fc M\u00fccadele: Kim Bu D\u00fczeni S\u00fcrd\u00fcr\u00fcyor?<\/strong><\/p>\n<p>Bir d\u00fczen yaln\u0131zca bask\u0131yla ayakta kalmaz. Ayn\u0131 zamanda temsil mekanizmalar\u0131yla s\u00fcrd\u00fcr\u00fcl\u00fcr. Ve e\u011fer o mekanizmalar i\u015flevini yitirirse, bask\u0131ya gerek kalmadan da sistem kendini yeniden \u00fcretir.<\/p>\n<p>Bug\u00fcn emek m\u00fccadelesinin en kritik sorunlar\u0131ndan biri tam da budur: Temsil krizi.<\/p>\n<p>\u00c7\u00fcnk\u00fc i\u015f\u00e7i ad\u0131na konu\u015fanlarla, i\u015f\u00e7iyle birlikte m\u00fccadele edenler aras\u0131ndaki fark giderek silinmi\u015ftir. Bu fark silindi\u011finde ise ortaya \u015fu \u00e7\u0131kar: M\u00fccadele varm\u0131\u015f gibi g\u00f6r\u00fcn\u00fcr, ama etkisi s\u0131n\u0131rl\u0131d\u0131r. Direni\u015f vard\u0131r, ama y\u00f6n\u00fc yoktur. \u00d6fke vard\u0131r, ama \u00f6rg\u00fctlenemez.<\/p>\n<p>Bu bir zay\u0131fl\u0131k de\u011fil, \u00e7o\u011fu zaman bilin\u00e7li bir s\u0131n\u0131rland\u0131rmad\u0131r.<\/p>\n<p>Bug\u00fcn bir\u00e7ok direni\u015fin ortak kaderi \u015fudur:<br \/>\nBa\u015flar, g\u00f6r\u00fcn\u00fcr olur, belli bir noktada yo\u011funla\u015f\u0131r\u2026<br \/>\nVe sonra dar bir alana s\u0131k\u0131\u015f\u0131r.<\/p>\n<p>Why?<\/p>\n<p>\u00c7\u00fcnk\u00fc yay\u0131lmas\u0131na izin verilmez. Daha do\u011frusu, yay\u0131lmas\u0131n\u0131 sa\u011flayacak irade ortaya konmaz.<\/p>\n<p>Bir direni\u015f \u00fclke sath\u0131na ta\u015f\u0131nmad\u0131\u011f\u0131 s\u00fcrece, sistem i\u00e7in y\u00f6netilebilir kal\u0131r. Bu y\u00fczden pek \u00e7ok m\u00fccadele, co\u011frafi ve siyasal olarak izole edilir. Sembol h\u00e2line gelir ama g\u00fc\u00e7 h\u00e2line gelemez.<\/p>\n<p>Kurtulu\u015f Park\u0131\u2019nda kalan bir direni\u015f, \u00fclkeyi de\u011fi\u015ftiremez.<br \/>\nAma orada kalmas\u0131 sa\u011flanan bir direni\u015f, sistem i\u00e7in tehdit olmaktan \u00e7\u0131kar.<\/p>\n<p>Burada as\u0131l mesele \u015fudur:<br \/>\nM\u00fccadele y\u00f6netiliyor mu, yoksa ger\u00e7ekten b\u00fcy\u00fct\u00fcl\u00fcyor mu?<\/p>\n<p>E\u011fer m\u00fccadele, belirli s\u0131n\u0131rlar\u0131n d\u0131\u015f\u0131na ta\u015fm\u0131yorsa\u2026<br \/>\nE\u011fer her kriz, kontroll\u00fc bir \u015fekilde so\u011furuluyorsa\u2026<br \/>\nE\u011fer sonu\u00e7lar, yap\u0131sal bir de\u011fi\u015fim yaratm\u0131yorsa\u2026<\/p>\n<p>Ortada bir eksiklik de\u011fil, bir tercih vard\u0131r.<\/p>\n<p>Bu noktada temsil edenlere bakmak gerekir:<\/p>\n<p>Meydanda g\u00f6r\u00fcnen ama risk almayanlar\u2026<br \/>\n\u0130\u015f\u00e7iyle foto\u011fraf verip, karar an\u0131nda ortada olmayanlar\u2026<br \/>\nDireni\u015fi b\u00fcy\u00fctmek yerine \u201cmakul\u201d seviyede tutanlar\u2026<\/p>\n<p>Bunlar sadece pasif akt\u00f6rler de\u011fildir. Bu d\u00fczenin devaml\u0131l\u0131\u011f\u0131nda aktif rol oynarlar.<\/p>\n<p>Daha a\u00e7\u0131k bir ifadeyle:<br \/>\n\u0130\u015f\u00e7inin kaybetti\u011fi her yerde, yaln\u0131zca patronlar kazanmaz.<br \/>\nM\u00fccadeleyi s\u0131n\u0131rlayanlar da kaybetmez.<\/p>\n<p>Bu y\u00fczden mesele sadece ekonomik de\u011fil; siyasal bir meseledir.<\/p>\n<p>Sendikalar\u0131n kriz an\u0131nda ortaya \u00e7\u0131k\u0131p sonra geri \u00e7ekilmesi\u2026<br \/>\nSiyasi yap\u0131lar\u0131n direni\u015fi sahiplenmek yerine mesafeli durmas\u0131\u2026<br \/>\nDayan\u0131\u015fman\u0131n sembolik d\u00fczeyde kalmas\u0131\u2026<\/p>\n<p>Bunlar\u0131n hi\u00e7biri tesad\u00fcfi de\u011fildir.<\/p>\n<p>\u00c7\u00fcnk\u00fc ger\u00e7ek bir m\u00fccadele, bedel gerektirir.<br \/>\nVe bedel \u00f6demek, pozisyon kaybetmeyi g\u00f6ze almak demektir.<\/p>\n<p>Bug\u00fcn ya\u015fanan ise \u00e7o\u011fu zaman bunun tersidir:<br \/>\nRiskten ar\u0131nd\u0131r\u0131lm\u0131\u015f, kontroll\u00fc, s\u0131n\u0131rl\u0131 bir \u201cm\u00fccadele\u201d prati\u011fi.<\/p>\n<p>Bu nedenle sonu\u00e7 de\u011fi\u015fmez.<\/p>\n<p>\u0130\u015f\u00e7i yaln\u0131z kal\u0131r.<br \/>\nDireni\u015f daral\u0131r.<br \/>\nVe \u201ckazan\u0131m\u201d diye anlat\u0131lan \u015fey, sistemin tolere edebilece\u011fi bir seviyede tutulur.<\/p>\n<p>Bu bir ba\u015far\u0131s\u0131zl\u0131k de\u011filse nedir?<\/p>\n<p>And more importantly:<br \/>\nBu, ger\u00e7ekten de\u011fi\u015fmek istenmedi\u011finin g\u00f6stergesi de\u011fil midir?<\/p>\n<p><strong>Zaferin Ger\u00e7ek Tan\u0131m\u0131 ve \u00c7\u0131k\u0131\u015f: Hak, G\u00fcvence, Yapt\u0131r\u0131m<\/strong><\/p>\n<p>Art\u0131k hi\u00e7bir kavram\u0131 e\u011fip b\u00fckmeden konu\u015fma zaman\u0131.<\/p>\n<p>E\u011fer bir i\u015f\u00e7i, hakk\u0131n\u0131 arad\u0131ktan sonra i\u015fsiz kal\u0131yorsa\u2026<br \/>\nE\u011fer kazand\u0131\u011f\u0131 dava y\u0131llar sonra de\u011fersizle\u015fmi\u015f bir alaca\u011fa d\u00f6n\u00fc\u015f\u00fcyorsa\u2026<br \/>\nE\u011fer i\u015f g\u00fcvenli\u011fi h\u00e2l\u00e2 \u00f6l\u00fcmle sonu\u00e7lanan bir \u201colas\u0131l\u0131k\u201d olarak s\u00fcr\u00fcyorsa\u2026<\/p>\n<p>Ortada ne kazan\u0131m vard\u0131r ne de zafer.<\/p>\n<p>Bu noktada zaferin tan\u0131m\u0131n\u0131 yeniden ve sert bi\u00e7imde kurmak gerekir. \u00c7\u00fcnk\u00fc tan\u0131m netle\u015fmeden m\u00fccadele netle\u015fmez.<\/p>\n<p>Ger\u00e7ek zafer;<br \/>\ni\u015f\u00e7inin i\u015fine geri d\u00f6nebildi\u011fi,<br \/>\nhaklar\u0131n\u0131 eksiksiz ve zaman\u0131nda alabildi\u011fi,<br \/>\ni\u015f g\u00fcvencesinin tart\u0131\u015fma d\u0131\u015f\u0131 oldu\u011fu,<br \/>\nve i\u015f g\u00fcvenli\u011finin maliyet de\u011fil zorunluluk say\u0131ld\u0131\u011f\u0131 bir d\u00fczendir.<\/p>\n<p>Bunun alt\u0131ndaki her sonu\u00e7, eksiktir.<br \/>\nEksik olan her \u015fey ise, sistemin lehine i\u015fler.<\/p>\n<p>Bu y\u00fczden \u00e7\u00f6z\u00fcm de soyut de\u011fil, somut olmak zorundad\u0131r.<\/p>\n<p><strong>Birincisi: \u0130\u015f g\u00fcvencesi pazarl\u0131k konusu olmaktan \u00e7\u0131kar\u0131lmal\u0131d\u0131r.<\/strong><br \/>\n\u0130\u015ften atma, bir \u201cy\u00f6netim hakk\u0131\u201d de\u011fil, istisnai ve denetlenebilir bir i\u015flem olmal\u0131d\u0131r. Hak arayan i\u015f\u00e7inin i\u015ften \u00e7\u0131kar\u0131lmas\u0131 do\u011frudan ge\u00e7ersiz say\u0131lmad\u0131\u011f\u0131 s\u00fcrece, hi\u00e7bir hak g\u00fcvende de\u011fildir.<\/p>\n<p><strong>\u0130kincisi: \u00d6denmeyen haklara an\u0131nda ve a\u011f\u0131r yapt\u0131r\u0131m uygulanmal\u0131d\u0131r.<\/strong><br \/>\n\u00dccretini, tazminat\u0131n\u0131, fazla mesaisini alamayan bir i\u015f\u00e7i i\u00e7in mahkeme yolu bir \u00e7\u00f6z\u00fcm de\u011fil, gecikmi\u015f bir tesellidir. Hak ihlali, otomatik yapt\u0131r\u0131mla kar\u015f\u0131la\u015fmad\u0131k\u00e7a sistem de\u011fi\u015fmez.<\/p>\n<p><strong>\u00dc\u00e7\u00fcnc\u00fcs\u00fc: \u0130\u015f g\u00fcvenli\u011fi s\u0131f\u0131r tolerans alan\u0131 h\u00e2line getirilmelidir.<\/strong><br \/>\n\u0130\u015f cinayetleri \u201ckader\u201d de\u011fil, do\u011frudan sorumluluk meselesidir. Bu sorumluluk, yaln\u0131zca idari de\u011fil; cezai sonu\u00e7lar do\u011furmad\u0131k\u00e7a hi\u00e7bir cayd\u0131r\u0131c\u0131l\u0131k olu\u015fmaz.<\/p>\n<p><strong>D\u00f6rd\u00fcnc\u00fcs\u00fc: M\u00fccadele yerelden \u00e7\u0131k\u0131p yay\u0131lmak zorundad\u0131r.<\/strong><br \/>\nTekil direni\u015fler, ne kadar hakl\u0131 olursa olsun, sistem i\u00e7in y\u00f6netilebilir kal\u0131r. Ancak yayg\u0131nla\u015fan, birle\u015fen ve s\u00fcreklilik kazanan m\u00fccadele ger\u00e7ek bir g\u00fc\u00e7 \u00fcretir.<\/p>\n<p><strong>Be\u015fincisi: Temsil yeniden tan\u0131mlanmal\u0131d\u0131r.<\/strong><br \/>\n\u0130\u015f\u00e7i ad\u0131na konu\u015fan herkes, i\u015f\u00e7iyle ayn\u0131 riski ta\u015f\u0131m\u0131yorsa, o temsil sahici de\u011fildir. G\u00f6r\u00fcn\u00fcrl\u00fck de\u011fil, sorumluluk esas al\u0131nmad\u0131k\u00e7a bu kriz devam eder.<\/p>\n<p>Bu maddeler bir \u201c\u00f6neri\u201d de\u011fil; bir zorunluluktur.<\/p>\n<p>\u00c7\u00fcnk\u00fc mevcut d\u00fczen kendi kendine de\u011fi\u015fmez.<br \/>\nVe hi\u00e7bir sistem, i\u015f\u00e7iye hakk\u0131n\u0131 g\u00f6n\u00fcll\u00fc olarak vermez.<\/p>\n<p>Son s\u00f6z a\u00e7\u0131k ve tart\u0131\u015fmas\u0131z olmal\u0131d\u0131r:<\/p>\n<p>E\u011fer i\u015f\u00e7i ertesi g\u00fcn i\u015fsizse,<br \/>\ne\u011fer hakk\u0131n\u0131 almak i\u00e7in y\u0131llarca m\u00fccadele etmek zorundaysa,<br \/>\ne\u011fer \u00f6lmemek i\u00e7in bile \u015fansa b\u0131rak\u0131l\u0131yorsa\u2026<\/p>\n<p>O m\u00fccadele kazan\u0131lmam\u0131\u015ft\u0131r.<\/p>\n<p>Ve e\u011fer bu tabloya ra\u011fmen h\u00e2l\u00e2 \u201czafer\u201d deniyorsa,<br \/>\nsorun sadece sistemde de\u011fil\u2014<br \/>\no sistemi do\u011fru adland\u0131rmayanlardad\u0131r.<\/p>\n<p>Ger\u00e7ek zafer, anlat\u0131lan de\u011fil, ya\u015fanand\u0131r.<\/p>\n<p>Ve ya\u015fanm\u0131yorsa, yoktur.<\/p>","protected":false},"excerpt":{"rendered":"<p>Hukuk metinlerinde i\u015f g\u00fcvencesi h\u00e2l\u00e2 vard\u0131r. Ama pratikte, bu g\u00fcvence s\u00fcrekli delinmekte, a\u015f\u0131nd\u0131r\u0131lmakta ve sonunda i\u015flevsiz h\u00e2le getirilmektedir.<\/p>","protected":false},"author":14,"featured_media":285530,"comment_status":"closed","ping_status":"closed","sticky":false,"template":"","format":"standard","meta":{"footnotes":""},"categories":[286],"tags":[289],"class_list":{"0":"post-285528","1":"post","2":"type-post","3":"status-publish","4":"format-standard","5":"has-post-thumbnail","7":"category-yazarlar","8":"tag-manset"},"_links":{"self":[{"href":"https:\/\/halkweb.com.tr\/en\/wp-json\/wp\/v2\/posts\/285528","targetHints":{"allow":["GET"]}}],"collection":[{"href":"https:\/\/halkweb.com.tr\/en\/wp-json\/wp\/v2\/posts"}],"about":[{"href":"https:\/\/halkweb.com.tr\/en\/wp-json\/wp\/v2\/types\/post"}],"author":[{"embeddable":true,"href":"https:\/\/halkweb.com.tr\/en\/wp-json\/wp\/v2\/users\/14"}],"replies":[{"embeddable":true,"href":"https:\/\/halkweb.com.tr\/en\/wp-json\/wp\/v2\/comments?post=285528"}],"version-history":[{"count":2,"href":"https:\/\/halkweb.com.tr\/en\/wp-json\/wp\/v2\/posts\/285528\/revisions"}],"predecessor-version":[{"id":285531,"href":"https:\/\/halkweb.com.tr\/en\/wp-json\/wp\/v2\/posts\/285528\/revisions\/285531"}],"wp:featuredmedia":[{"embeddable":true,"href":"https:\/\/halkweb.com.tr\/en\/wp-json\/wp\/v2\/media\/285530"}],"wp:attachment":[{"href":"https:\/\/halkweb.com.tr\/en\/wp-json\/wp\/v2\/media?parent=285528"}],"wp:term":[{"taxonomy":"category","embeddable":true,"href":"https:\/\/halkweb.com.tr\/en\/wp-json\/wp\/v2\/categories?post=285528"},{"taxonomy":"post_tag","embeddable":true,"href":"https:\/\/halkweb.com.tr\/en\/wp-json\/wp\/v2\/tags?post=285528"}],"curies":[{"name":"wp","href":"https:\/\/api.w.org\/{rel}","templated":true}]}}