{"id":285518,"date":"2026-04-30T10:12:47","date_gmt":"2026-04-30T10:12:47","guid":{"rendered":"https:\/\/halkweb.com.tr\/?p=285518"},"modified":"2026-04-30T10:14:27","modified_gmt":"2026-04-30T10:14:27","slug":"tkp-1-mayis-programini-duyurdu-4-ilde-sosyalizm-yuruyusu","status":"publish","type":"post","link":"https:\/\/halkweb.com.tr\/en\/tkp-1-mayis-programini-duyurdu-4-ilde-sosyalizm-yuruyusu\/","title":{"rendered":"TKP 1 May\u0131s Program\u0131n\u0131 Duyurdu: 4 \u0130lde &#8220;Sosyalizm&#8221; Y\u00fcr\u00fcy\u00fc\u015f\u00fc"},"content":{"rendered":"<p>\u200bT\u00fcrkiye Kom\u00fcnist Partisi (TKP), 1 May\u0131s \u0130\u015f\u00e7i S\u0131n\u0131f\u0131n\u0131n Birlik, M\u00fccadele ve Dayan\u0131\u015fma G\u00fcn\u00fc i\u00e7in \u0130stanbul, Ankara, \u0130zmir ve Adana programlar\u0131n\u0131 a\u00e7\u0131klad\u0131. &#8220;Emek\u00e7iler, ayd\u0131nlar ve sanat\u00e7\u0131lar sosyalizm i\u00e7in toplan\u0131yor&#8221; slogan\u0131yla duyurulan mitinglerde i\u015f\u00e7i temsilcileri ve sanat\u00e7\u0131lar sahne alacak.<\/p>\n<p>&nbsp;<\/p>\n<p><img loading=\"lazy\" decoding=\"async\" class=\"alignnone size-full wp-image-285520\" src=\"https:\/\/halkweb.com.tr\/wp-content\/uploads\/2026\/04\/whatsapp-image-2026-04-30-at-130718-1.jpeg\" alt=\"\" width=\"1200\" height=\"1500\" srcset=\"https:\/\/halkweb.com.tr\/wp-content\/uploads\/2026\/04\/whatsapp-image-2026-04-30-at-130718-1.jpeg 1200w, https:\/\/halkweb.com.tr\/wp-content\/uploads\/2026\/04\/whatsapp-image-2026-04-30-at-130718-1-10x12.jpeg 10w, https:\/\/halkweb.com.tr\/wp-content\/uploads\/2026\/04\/whatsapp-image-2026-04-30-at-130718-1-300x375.jpeg 300w, https:\/\/halkweb.com.tr\/wp-content\/uploads\/2026\/04\/whatsapp-image-2026-04-30-at-130718-1-696x870.jpeg 696w, https:\/\/halkweb.com.tr\/wp-content\/uploads\/2026\/04\/whatsapp-image-2026-04-30-at-130718-1-1068x1335.jpeg 1068w\" sizes=\"auto, (max-width: 1200px) 100vw, 1200px\" \/><\/p>\n<p>\u200bTKP, bu y\u0131lki 1 May\u0131s kutlamalar\u0131 kapsam\u0131nda d\u00f6rt b\u00fcy\u00fck \u015fehirde ger\u00e7ekle\u015ftirece\u011fi mitinglerin detaylar\u0131n\u0131 kamuoyuyla payla\u015ft\u0131. Siyasetten sanata, at\u00f6lyelerden \u015fantiyelere kadar toplumun pek \u00e7ok kesiminden ismin k\u00fcrs\u00fcye \u00e7\u0131kaca\u011f\u0131 programlar\u0131n detaylar\u0131 \u015f\u00f6yle:<\/p>\n<p><strong>\u200b\u0130stanbul: Adres Kartal Meydan\u0131<\/strong><\/p>\n<p>\u200b\u0130stanbul&#8217;daki b\u00fcy\u00fck bulu\u015fma saat 15.00&#8217;te Kartal Meydan\u0131&#8217;nda ger\u00e7ekle\u015fecek.<br \/>\n\u200bK\u00fcrs\u00fcde Kimler Var? TKP Genel Sekreteri Kemal Okuyan, Gazeteci Bar\u0131\u015f Terko\u011flu, \u0130\u015f\u00e7i Temsilcileri Meclisi S\u00f6zc\u00fcs\u00fc Aydaner Akta\u015f ve Birle\u015fik Emekliler Sendikas\u0131 Genel Ba\u015fkan\u0131 Mahmut \u015eeng\u00fcl.<br \/>\n\u200bSanat\u00e7\u0131lar: Arda Kavakl\u0131o\u011flu, Orhan Ayd\u0131n, Senan Kara, G\u00fclcan Altan, Nejat Yava\u015fo\u011flu, An Vokal ve Irk\u00e7\u0131l\u0131\u011fa Kar\u015f\u0131 Karde\u015flik Korosu.<\/p>\n<p>\u200b<strong>Ankara: An\u0131tpark\u2019ta Emek Sesleri<\/strong><\/p>\n<p>\u200bAnkara\u2019daki emek\u00e7iler saat 15.00&#8217;te An\u0131tpark\u2019ta bir araya gelecek.<br \/>\n\u200bKonu\u015fmac\u0131lar: TKP MK \u00dcyesi Ali Ufuk Arikan, THTM Y\u00fcr\u00fctme Kurulu \u00dcyesi O\u011fuz Oyan, TKG\u2019den Arda Yavuz, in\u015faat i\u015f\u00e7isi Murat Tanksavar ve emekli \u00d6zden Karata\u015f.<br \/>\n\u200bM\u00fczik: Gizem G\u00fcl, Grup Abdal ve Grup G\u00fcny\u00fcz\u00fc.<\/p>\n<p><strong>\u200b\u0130zmir: Bostanl\u0131 Meydan\u0131&#8217;nda \u0130\u015f\u00e7iler Konu\u015facak<\/strong><\/p>\n<p>\u200b\u0130zmir\u2019de saat 15.00&#8217;te Bostanl\u0131 Meydan\u0131&#8217;nda d\u00fczenlenecek mitingde k\u00fcrs\u00fc a\u011f\u0131rl\u0131kl\u0131 olarak i\u015f\u00e7ilere ayr\u0131ld\u0131.<br \/>\n\u200bKonu\u015fmac\u0131lar: TKP MK \u00dcyesi Berkay Kemal \u00d6no\u011flu, Do\u011fan \u00d6\u00e7al, tekstil i\u015f\u00e7isi Oktay Y\u0131ld\u0131z, metal i\u015f\u00e7isi Ozan \u00c7ayhan, belediye i\u015f\u00e7isi Ozan Evcimen ve emekli G\u00fclay Erken.<br \/>\n\u200bSanat\u00e7\u0131lar: Ece-Sinan, Ercan-G\u00f6khan \u00c7a\u011f\u0131ran, Hale T\u00fcblek ve Hasan Tanay.<\/p>\n<p><strong>\u200bAdana: \u0130ller Bankas\u0131 Kav\u015fa\u011f\u0131<\/strong><\/p>\n<p>\u200bAdana program\u0131 saat 12.30\u2019da ba\u015flayacak.<br \/>\n\u200bK\u00fcrs\u00fcde: TKP MK \u00dcyesi Sava\u015f Sar\u0131, \u00f6\u011fretmen Eyl\u00fcl \u00c7apar ve elektrik i\u015f\u00e7isi \u00d6zg\u00fcr Tuna.<br \/>\n\u200bPerformans: Mersin Viran\u015fehir KDK Ritim Toplulu\u011fu.<\/p>\n<p>&nbsp;<\/p>\n<p><img loading=\"lazy\" decoding=\"async\" class=\"alignnone size-full wp-image-285521\" src=\"https:\/\/halkweb.com.tr\/wp-content\/uploads\/2026\/04\/whatsapp-image-2026-04-30-at-130718.jpeg\" alt=\"\" width=\"1200\" height=\"1500\" srcset=\"https:\/\/halkweb.com.tr\/wp-content\/uploads\/2026\/04\/whatsapp-image-2026-04-30-at-130718.jpeg 1200w, https:\/\/halkweb.com.tr\/wp-content\/uploads\/2026\/04\/whatsapp-image-2026-04-30-at-130718-10x12.jpeg 10w, https:\/\/halkweb.com.tr\/wp-content\/uploads\/2026\/04\/whatsapp-image-2026-04-30-at-130718-300x375.jpeg 300w, https:\/\/halkweb.com.tr\/wp-content\/uploads\/2026\/04\/whatsapp-image-2026-04-30-at-130718-696x870.jpeg 696w, https:\/\/halkweb.com.tr\/wp-content\/uploads\/2026\/04\/whatsapp-image-2026-04-30-at-130718-1068x1335.jpeg 1068w\" sizes=\"auto, (max-width: 1200px) 100vw, 1200px\" \/><\/p>\n<p>&nbsp;<\/p>\n<p>Merkez Haber<\/p>","protected":false},"excerpt":{"rendered":"<p>\u200bT\u00fcrkiye Kom\u00fcnist Partisi (TKP), 1 May\u0131s \u0130\u015f\u00e7i S\u0131n\u0131f\u0131n\u0131n Birlik, M\u00fccadele ve Dayan\u0131\u015fma G\u00fcn\u00fc i\u00e7in \u0130stanbul, Ankara, \u0130zmir ve Adana programlar\u0131n\u0131 a\u00e7\u0131klad\u0131. &#8220;Emek\u00e7iler, ayd\u0131nlar ve sanat\u00e7\u0131lar sosyalizm i\u00e7in toplan\u0131yor&#8221; slogan\u0131yla duyurulan mitinglerde i\u015f\u00e7i temsilcileri ve sanat\u00e7\u0131lar sahne alacak. &nbsp; \u200bTKP, bu y\u0131lki 1 May\u0131s kutlamalar\u0131 kapsam\u0131nda d\u00f6rt b\u00fcy\u00fck \u015fehirde ger\u00e7ekle\u015ftirece\u011fi mitinglerin detaylar\u0131n\u0131 kamuoyuyla payla\u015ft\u0131. Siyasetten sanata, [&hellip;]<\/p>\n","protected":false},"author":49,"featured_media":285519,"comment_status":"closed","ping_status":"closed","sticky":false,"template":"","format":"standard","meta":{"footnotes":""},"categories":[7],"tags":[],"class_list":{"0":"post-285518","1":"post","2":"type-post","3":"status-publish","4":"format-standard","5":"has-post-thumbnail","7":"category-yasam"},"_links":{"self":[{"href":"https:\/\/halkweb.com.tr\/en\/wp-json\/wp\/v2\/posts\/285518","targetHints":{"allow":["GET"]}}],"collection":[{"href":"https:\/\/halkweb.com.tr\/en\/wp-json\/wp\/v2\/posts"}],"about":[{"href":"https:\/\/halkweb.com.tr\/en\/wp-json\/wp\/v2\/types\/post"}],"author":[{"embeddable":true,"href":"https:\/\/halkweb.com.tr\/en\/wp-json\/wp\/v2\/users\/49"}],"replies":[{"embeddable":true,"href":"https:\/\/halkweb.com.tr\/en\/wp-json\/wp\/v2\/comments?post=285518"}],"version-history":[{"count":2,"href":"https:\/\/halkweb.com.tr\/en\/wp-json\/wp\/v2\/posts\/285518\/revisions"}],"predecessor-version":[{"id":285523,"href":"https:\/\/halkweb.com.tr\/en\/wp-json\/wp\/v2\/posts\/285518\/revisions\/285523"}],"wp:featuredmedia":[{"embeddable":true,"href":"https:\/\/halkweb.com.tr\/en\/wp-json\/wp\/v2\/media\/285519"}],"wp:attachment":[{"href":"https:\/\/halkweb.com.tr\/en\/wp-json\/wp\/v2\/media?parent=285518"}],"wp:term":[{"taxonomy":"category","embeddable":true,"href":"https:\/\/halkweb.com.tr\/en\/wp-json\/wp\/v2\/categories?post=285518"},{"taxonomy":"post_tag","embeddable":true,"href":"https:\/\/halkweb.com.tr\/en\/wp-json\/wp\/v2\/tags?post=285518"}],"curies":[{"name":"wp","href":"https:\/\/api.w.org\/{rel}","templated":true}]}}