{"id":285476,"date":"2026-04-28T18:01:26","date_gmt":"2026-04-28T18:01:26","guid":{"rendered":"https:\/\/halkweb.com.tr\/?p=285476"},"modified":"2026-04-28T18:01:26","modified_gmt":"2026-04-28T18:01:26","slug":"beylikduzunde-hizmet-carki-durdu-mu-belediye-baskan-vekili-cebi-hakkinda-imza-iddialari","status":"publish","type":"post","link":"https:\/\/halkweb.com.tr\/en\/beylikduzunde-hizmet-carki-durdu-mu-belediye-baskan-vekili-cebi-hakkinda-imza-iddialari\/","title":{"rendered":"Beylikd\u00fcz\u00fc\u2019nde Hizmet \u00c7ark\u0131 Durdu mu? Belediye Ba\u015fkan Vekili \u00c7ebi Hakk\u0131nda &#8220;\u0130mza&#8221; \u0130ddialar\u0131!"},"content":{"rendered":"<p>&nbsp;<\/p>\n<p><strong>HALKWEB \/ D\u0130LEK BOZKURT\u00a0<\/strong> \u00a0\u200b \u0130stanbul B\u00fcy\u00fck\u015fehir Belediyesi\u2019ne y\u00f6nelik 23 Mart 2025 tarihinde ger\u00e7ekle\u015ftirilen operasyonlar\u0131n yank\u0131lar\u0131 s\u00fcrerken, Beylikd\u00fcz\u00fc cephesinde sular durulmuyor. Mehmet Murat \u00c7al\u0131k\u2019\u0131n tutuklanmas\u0131n\u0131n ard\u0131ndan Belediye Ba\u015fkan Vekilli\u011fi g\u00f6revine getirilen Av. \u00d6nder Serkan \u00c7ebi d\u00f6nemi, halk\u0131n yo\u011fun \u015fikayetleri ve hizmet aksamalar\u0131yla ba\u015flad\u0131.<\/p>\n<p>\u200bGazetemize ula\u015fan y\u00fczlerce mesaj, Beylikd\u00fcz\u00fc sakinlerinin belediye hizmetlerinden duydu\u011fu memnuniyetsizli\u011fi ve b\u00f6lgedeki durgunlu\u011fu g\u00f6zler \u00f6n\u00fcne seriyor.<\/p>\n<p><strong>\u200bSokaklarda &#8220;Hizmet&#8221; Alarm\u0131: <\/strong><strong>Vatanda\u015f \u015eikayet\u00e7i<\/strong><\/p>\n<p>\u200bBeylikd\u00fcz\u00fc halk\u0131, il\u00e7enin al\u0131\u015f\u0131lagelmi\u015f dinamizmini kaybetti\u011fini savunuyor. \u00d6zellikle \u00e7evre d\u00fczenlemesi, temizlik i\u015fleri ve yol bak\u0131m\u0131 gibi temel belediyecilik faaliyetlerinde ciddi aksamalar oldu\u011fu iddia ediliyor. Gazetemize ula\u015fan baz\u0131 vatanda\u015f g\u00f6r\u00fc\u015fleri ise durumun ciddiyetini \u00f6zetler nitelikte:<br \/>\n\u200b&#8221;Eskiden bir sorun oldu\u011funda h\u0131zl\u0131ca m\u00fcdahale edilirdi. \u015eimdi ise ne bir yenilik var ne de mevcut sorunlara \u00e7\u00f6z\u00fcm \u00fcretiliyor. Beylikd\u00fcz\u00fc adeta kaderine terk edilmi\u015f gibi hissediyoruz.&#8221;<br \/>\n\u200bB\u00f6lgede s\u00fcregelen projelerin durma noktas\u0131na gelmesi ve yeni bir \u00e7al\u0131\u015fman\u0131n ba\u015flat\u0131lmam\u0131\u015f olmas\u0131, il\u00e7e sakinlerinin en b\u00fcy\u00fck tepki oda\u011f\u0131.<\/p>\n<p><strong>\u200bBa\u015fkan Vekili \u00c7ebi &#8220;\u0130mza Atmaktan&#8221; \u00c7ekiniyor mu?<\/strong><\/p>\n<p>\u200bKamuoyunda ve kulislerde konu\u015fulan en \u00e7arp\u0131c\u0131 iddia ise, Belediye Ba\u015fkan Vekili Av. \u00d6nder Serkan \u00c7ebi\u2019nin g\u00f6rev s\u00fcresince sorumluluk almaktan ka\u00e7\u0131nd\u0131\u011f\u0131 y\u00f6n\u00fcnde. Mehmet Murat \u00c7al\u0131k\u2019\u0131n tutuklanma s\u00fcreciyle ba\u011flant\u0131l\u0131 olarak, belediye b\u00fcrokrasisinde bir &#8220;imza atma korkusu&#8221; ya\u015fand\u0131\u011f\u0131 \u00f6ne s\u00fcr\u00fcl\u00fcyor.<\/p>\n<p>\u200bSiyasi Belirsizlik: Devam eden hukuki s\u00fcre\u00e7lerin belediye y\u00f6netiminde bir \u00e7ekimserli\u011fe yol a\u00e7\u0131p a\u00e7mad\u0131\u011f\u0131 merak ediliyor.<br \/>\n\u200bProje Durgunlu\u011fu: Beylikd\u00fcz\u00fc\u2019nde \u015fu ana kadar somut bir ad\u0131m at\u0131lmamas\u0131, &#8220;Karar mekanizmalar\u0131 kilitlendi mi?&#8221; sorusunu ak\u0131llara getiriyor.<\/p>\n<p><strong>\u200bMuhalefetin Tavr\u0131 Merak Konusu<\/strong><\/p>\n<p>\u200bHizmetlerin aksamas\u0131 ve halk\u0131n artan \u015fikayetleri kar\u015f\u0131s\u0131nda muhalefet kanad\u0131n\u0131n tak\u0131naca\u011f\u0131 tutum ise il\u00e7ede b\u00fcy\u00fck bir merakla bekleniyor. \u00d6zellikle Belediye Meclisi&#8217;ndeki muhalif \u00fcyelerin, bu &#8220;hizmet duraklamas\u0131&#8221; ve idari sessizli\u011fe kar\u015f\u0131 sert bir \u00e7\u0131k\u0131\u015f yapmaya haz\u0131rland\u0131\u011f\u0131 belirtiliyor.<br \/>\n\u200bVatanda\u015flar, sadece ele\u015ftiri de\u011fil, yerel y\u00f6netimin \u00fczerindeki bu &#8220;\u00f6l\u00fc topra\u011f\u0131n\u0131n&#8221; nas\u0131l at\u0131laca\u011f\u0131na dair \u00e7\u00f6z\u00fcm \u00f6nerilerini de duymak istiyor.<\/p>\n<p><strong>\u200bG\u00f6zler Belediye Y\u00f6netiminde<\/strong><\/p>\n<p>\u200bBeylikd\u00fcz\u00fc gibi \u0130stanbul\u2019un vitrin il\u00e7elerinden birinde ya\u015fanan bu idari bo\u015fluk hissi, yerel se\u00e7imlerin ard\u0131ndan b\u00f6lgede olu\u015fan siyasi havay\u0131 da etkileyecek gibi g\u00f6r\u00fcn\u00fcyor. Av. \u00d6nder Serkan \u00c7ebi\u2019nin, hakk\u0131ndaki &#8220;\u00e7ekiniyor mu?&#8221; iddialar\u0131na sahada yapaca\u011f\u0131 \u00e7al\u0131\u015fmalarla m\u0131 yoksa bir bas\u0131n a\u00e7\u0131klamas\u0131yla m\u0131 yan\u0131t verece\u011fi \u00f6n\u00fcm\u00fczdeki g\u00fcnlerin en \u00f6nemli g\u00fcndem maddesi olacak.<\/p>\n<p>&nbsp;<\/p>","protected":false},"excerpt":{"rendered":"<p>&nbsp; HALKWEB \/ D\u0130LEK BOZKURT\u00a0 \u00a0\u200b \u0130stanbul B\u00fcy\u00fck\u015fehir Belediyesi\u2019ne y\u00f6nelik 23 Mart 2025 tarihinde ger\u00e7ekle\u015ftirilen operasyonlar\u0131n yank\u0131lar\u0131 s\u00fcrerken, Beylikd\u00fcz\u00fc cephesinde sular durulmuyor. Mehmet Murat \u00c7al\u0131k\u2019\u0131n tutuklanmas\u0131n\u0131n ard\u0131ndan Belediye Ba\u015fkan Vekilli\u011fi g\u00f6revine getirilen Av. \u00d6nder Serkan \u00c7ebi d\u00f6nemi, halk\u0131n yo\u011fun \u015fikayetleri ve hizmet aksamalar\u0131yla ba\u015flad\u0131. \u200bGazetemize ula\u015fan y\u00fczlerce mesaj, Beylikd\u00fcz\u00fc sakinlerinin belediye hizmetlerinden duydu\u011fu memnuniyetsizli\u011fi ve [&hellip;]<\/p>\n","protected":false},"author":49,"featured_media":285480,"comment_status":"closed","ping_status":"closed","sticky":false,"template":"","format":"standard","meta":{"footnotes":""},"categories":[285],"tags":[],"class_list":{"0":"post-285476","1":"post","2":"type-post","3":"status-publish","4":"format-standard","5":"has-post-thumbnail","7":"category-politika"},"_links":{"self":[{"href":"https:\/\/halkweb.com.tr\/en\/wp-json\/wp\/v2\/posts\/285476","targetHints":{"allow":["GET"]}}],"collection":[{"href":"https:\/\/halkweb.com.tr\/en\/wp-json\/wp\/v2\/posts"}],"about":[{"href":"https:\/\/halkweb.com.tr\/en\/wp-json\/wp\/v2\/types\/post"}],"author":[{"embeddable":true,"href":"https:\/\/halkweb.com.tr\/en\/wp-json\/wp\/v2\/users\/49"}],"replies":[{"embeddable":true,"href":"https:\/\/halkweb.com.tr\/en\/wp-json\/wp\/v2\/comments?post=285476"}],"version-history":[{"count":1,"href":"https:\/\/halkweb.com.tr\/en\/wp-json\/wp\/v2\/posts\/285476\/revisions"}],"predecessor-version":[{"id":285482,"href":"https:\/\/halkweb.com.tr\/en\/wp-json\/wp\/v2\/posts\/285476\/revisions\/285482"}],"wp:featuredmedia":[{"embeddable":true,"href":"https:\/\/halkweb.com.tr\/en\/wp-json\/wp\/v2\/media\/285480"}],"wp:attachment":[{"href":"https:\/\/halkweb.com.tr\/en\/wp-json\/wp\/v2\/media?parent=285476"}],"wp:term":[{"taxonomy":"category","embeddable":true,"href":"https:\/\/halkweb.com.tr\/en\/wp-json\/wp\/v2\/categories?post=285476"},{"taxonomy":"post_tag","embeddable":true,"href":"https:\/\/halkweb.com.tr\/en\/wp-json\/wp\/v2\/tags?post=285476"}],"curies":[{"name":"wp","href":"https:\/\/api.w.org\/{rel}","templated":true}]}}