{"id":285459,"date":"2026-04-28T05:13:53","date_gmt":"2026-04-28T05:13:53","guid":{"rendered":"https:\/\/halkweb.com.tr\/?p=285459"},"modified":"2026-04-28T05:13:53","modified_gmt":"2026-04-28T05:13:53","slug":"ekmek-isteyen-isciye-barikat-susan-sendikaya-konfor","status":"publish","type":"post","link":"https:\/\/halkweb.com.tr\/en\/ekmek-isteyen-isciye-barikat-susan-sendikaya-konfor\/","title":{"rendered":"Ekmek \u0130steyen \u0130\u015f\u00e7iye Barikat, Susan Sendikaya Konfor"},"content":{"rendered":"<p>Kurtulu\u015f Park\u0131\u2019nda i\u015f\u00e7iler a\u00e7l\u0131k grevinde.<\/p>\n<p>Bu c\u00fcmleyi herkes kuruyor.<\/p>\n<p>Ama kimse \u015fu c\u00fcmleyi kurmuyor:<\/p>\n<p><strong>Orada olmas\u0131 gerekenler yok.<\/strong><\/p>\n<p>Bu bir eksiklik de\u011fil.<\/p>\n<p><strong>Bu bir \u00e7\u00f6k\u00fc\u015f.<\/strong><\/p>\n<p>Bir zamanlar o meydanlar bo\u015f kalmazd\u0131.<\/p>\n<p>Abdullah Ba\u015ft\u00fcrk olsayd\u0131, o i\u015f\u00e7i yaln\u0131z kalmazd\u0131.<br \/>\n\u015eemsi Denizer olsayd\u0131, o y\u00fcr\u00fcy\u00fc\u015f sessiz ge\u00e7mezdi.<\/p>\n<p>Ama bug\u00fcn yoklar.<\/p>\n<p>Ve mesele sadece onlar\u0131n \u00f6l\u00fcm\u00fc de\u011fil.<\/p>\n<p><strong>As\u0131l \u00f6len, onlar\u0131n temsil etti\u011fi sendikac\u0131l\u0131k.<\/strong><\/p>\n<p>\u00c7\u00fcnk\u00fc o sendikac\u0131l\u0131k:<\/p>\n<ul>\n<li>\u0130\u015f\u00e7iye \u201cbekle\u201d demezdi<\/li>\n<li>\u0130\u015f\u00e7iye \u201csabret\u201d demezdi<\/li>\n<li>\u0130\u015f\u00e7iyi yaln\u0131z b\u0131rakmazd\u0131<\/li>\n<\/ul>\n<p><strong>Zorlar, b\u00fcy\u00fct\u00fcr, \u00e7at\u0131\u015f\u0131rd\u0131.<\/strong><\/p>\n<p>Today?<\/p>\n<p>Bug\u00fcn sendika dedi\u011fin yap\u0131:<\/p>\n<ul>\n<li>A\u00e7\u0131klama yap\u0131yor<\/li>\n<li>Tweet at\u0131yor<\/li>\n<li>Bekliyor<\/li>\n<\/ul>\n<p>Ama i\u015f\u00e7i a\u00e7 kald\u0131\u011f\u0131nda ortada yok.<\/p>\n<p>Bu bir zay\u0131fl\u0131k de\u011fil.<\/p>\n<p><strong>It's a choice.<\/strong><\/p>\n<p>Ve o tercihin ad\u0131:<\/p>\n<p><strong>M\u00fccadeleden ka\u00e7\u0131\u015f.<\/strong><\/p>\n<p>Daha a\u00e7\u0131k konu\u015fal\u0131m:<\/p>\n<p>Bug\u00fcn sendikalar\u0131n \u00f6nemli bir k\u0131sm\u0131, i\u015f\u00e7inin yan\u0131nda duran de\u011fil\u2014<\/p>\n<p><strong>i\u015f\u00e7inin \u00f6fkesini kontrol eden yap\u0131lara d\u00f6n\u00fc\u015fm\u00fc\u015f durumda.<\/strong><\/p>\n<p>\u00c7\u00fcnk\u00fc kontrol edilen \u00f6fke tehlikeli de\u011fildir.<\/p>\n<p>S\u0131n\u0131rland\u0131r\u0131lm\u0131\u015f direni\u015f, sistem i\u00e7in sorunsuzdur.<\/p>\n<p>O y\u00fczden:<\/p>\n<ul>\n<li>\u0130\u015f\u00e7i y\u00fcr\u00fcr \u2192 sendika yok<\/li>\n<li>\u0130\u015f\u00e7i a\u00e7l\u0131k grevinde \u2192 sendika yok<\/li>\n<li>\u0130\u015f\u00e7i barikata \u00e7arpar \u2192 sendika yok<\/li>\n<\/ul>\n<p>Bu tablo tesad\u00fcf de\u011fil.<\/p>\n<p><strong>Bu bir pozisyon.<\/strong><\/p>\n<p>Ve bu pozisyon \u015funu s\u00f6yl\u00fcyor:<\/p>\n<p>Koltuk kaybetmemek,<br \/>\nm\u00fccadele kazanmaktan daha \u00f6nemli.<\/p>\n<p>\u0130\u015fte bu y\u00fczden bug\u00fcn Kurtulu\u015f Park\u0131 sadece bir direni\u015f alan\u0131 de\u011fil.<\/p>\n<p><strong>Bir te\u015fhir alan\u0131.<\/strong><\/p>\n<p>Kim ger\u00e7ekten i\u015f\u00e7inin yan\u0131nda,<br \/>\nkim sadece onun ad\u0131na konu\u015fuyor\u2014<\/p>\n<p>hepsi a\u00e7\u0131\u011fa \u00e7\u0131k\u0131yor.<\/p>\n<p>Ve en sert c\u00fcmle, ka\u00e7\u0131n\u0131lmaz:<\/p>\n<p><strong>Bug\u00fcn i\u015f\u00e7i yaln\u0131zsa, bu sadece devletin bask\u0131s\u0131ndan de\u011fil\u2014<br \/>\nonu temsil etti\u011fini s\u00f6yleyenlerin ortadan \u00e7ekilmesindendir.<\/strong><\/p>\n<p>Bu a\u011f\u0131r.<\/p>\n<p>Ama ger\u00e7ek.<\/p>\n<p><strong>Devletin Tercihi: \u00c7\u00f6zmek De\u011fil, Bast\u0131rmak<\/strong><\/p>\n<p>Kurtulu\u015f Park\u0131\u2019nda i\u015f\u00e7iler a\u00e7l\u0131k grevinde.<\/p>\n<p>Ve devlet bunu izliyor.<\/p>\n<p>Ama bu izlemek, pasif bir izlemek de\u011fil.<\/p>\n<p><strong>Se\u00e7ilmi\u015f bir g\u00f6rmezden gelme.<\/strong><\/p>\n<p>\u00c7\u00fcnk\u00fc ayn\u0131 devlet, ba\u015fka bir konuda son derece h\u0131zl\u0131d\u0131r:<\/p>\n<ul>\n<li>Toplan\u0131rs\u0131n \u2192 polis gelir<\/li>\n<li>Y\u00fcr\u00fcrs\u00fcn \u2192 barikat kurulur<\/li>\n<li>Ses \u00e7\u0131kar\u0131rs\u0131n \u2192 abluka ba\u015flar<\/li>\n<\/ul>\n<p>Yani devlet yok de\u011fil.<\/p>\n<p><strong>Yanl\u0131\u015f yerde var.<\/strong><\/p>\n<p>Soruyu net soral\u0131m:<\/p>\n<p>Bu i\u015f\u00e7iler neden a\u00e7?<\/p>\n<p>\u00c7\u00fcnk\u00fc maa\u015flar\u0131 \u00f6denmedi.<\/p>\n<p>Peki bu sorunu \u00e7\u00f6zmek zor mu?<\/p>\n<p>No, no, no.<\/p>\n<p>Bir talimat yeter.<\/p>\n<p>Ama o talimat verilmiyor.<\/p>\n<p>Why?<\/p>\n<p>\u00c7\u00fcnk\u00fc mesele \u00e7\u00f6zmek de\u011fil.<\/p>\n<p><strong>Mesele kontrol etmek.<\/strong><\/p>\n<p>Bug\u00fcn T\u00fcrkiye\u2019de uygulanan model a\u00e7\u0131k:<\/p>\n<p>Sorunu bitirme.<br \/>\n<strong>Sorunu y\u00f6net.<\/strong><\/p>\n<ul>\n<li>Direni\u015fi da\u011f\u0131tma<\/li>\n<li>Ama b\u00fcy\u00fctme<\/li>\n<li>Hak verme<\/li>\n<li>Ama kazan\u0131m hissi yaratma<\/li>\n<\/ul>\n<p>Yani i\u015f\u00e7iye \u015funu s\u00f6yle:<\/p>\n<p>\u201cSes \u00e7\u0131karabilirsin\u2026 ama fazla de\u011fil.\u201d<\/p>\n<p>Kurtulu\u015f Park\u0131\u2019nda kurulan barikat\u0131n anlam\u0131 budur.<\/p>\n<p>Bu sadece bir g\u00fcvenlik \u00f6nlemi de\u011fil.<\/p>\n<p><strong>Bu bir mesajd\u0131r.<\/strong><\/p>\n<p>\u201cBuraya kadar.\u201d<\/p>\n<p>\u0130\u015f\u00e7inin halka ula\u015fmas\u0131n\u0131 engelle.<br \/>\nBa\u015fka i\u015f\u00e7ilerle temas\u0131n\u0131 kes.<br \/>\nYay\u0131lmas\u0131n\u0131 durdur.<\/p>\n<p>\u00c7\u00fcnk\u00fc bir direni\u015fin en b\u00fcy\u00fck g\u00fcc\u00fc kalabal\u0131k de\u011fil\u2014<\/p>\n<p><strong>bula\u015f\u0131c\u0131l\u0131\u011f\u0131d\u0131r.<\/strong><\/p>\n<p>E\u011fer bu yay\u0131l\u0131rsa:<\/p>\n<ul>\n<li>ba\u015fka sekt\u00f6rler aya\u011fa kalkar<\/li>\n<li>ba\u015fka i\u015f\u00e7iler cesaretlenir<\/li>\n<li>mesele b\u00fcy\u00fcr<\/li>\n<\/ul>\n<p>Ve b\u00fcy\u00fcyen her \u015fey, bu d\u00fczen i\u00e7in tehdittir.<\/p>\n<p>O y\u00fczden yap\u0131lan \u015fey a\u00e7\u0131k:<\/p>\n<p><strong>Sorunu \u00e7\u00f6zmek yerine g\u00f6r\u00fcnmez k\u0131lmak.<\/strong><\/p>\n<p>Madenciler soruyor:<\/p>\n<p>\u201cBiz vatan haini miyiz?\u201d<\/p>\n<p>Bu soru bir isyan de\u011fil.<\/p>\n<p><strong>Bir te\u015fhis.<\/strong><\/p>\n<p>\u00c7\u00fcnk\u00fc bu \u00fclkede i\u015f\u00e7i:<\/p>\n<ul>\n<li>\u00fcretirken de\u011ferli<\/li>\n<li>hak ararken tehlikeli<\/li>\n<\/ul>\n<p>Devletin dili burada de\u011fi\u015fir.<\/p>\n<p>Ve bu dil \u015funu s\u00f6yler:<\/p>\n<p>\u201c\u00c7al\u0131\u015f, sus, \u00fcret.\u201d<\/p>\n<p>Ama hak isteme.<\/p>\n<p>\u0130\u015fte o noktada barikat ba\u015flar.<\/p>\n<p>Ama burada ciddi bir yan\u0131lg\u0131 var:<\/p>\n<p>Eme\u011fin bast\u0131r\u0131lan sesi yok olmaz.<\/p>\n<p><strong>Birikir.<\/strong><\/p>\n<p>Ve biriken her \u015fey gibi,<br \/>\nbir g\u00fcn kontrol edilemez hale gelir.<\/p>\n<p>Bug\u00fcn Kurtulu\u015f Park\u0131\u2019nda g\u00f6rd\u00fc\u011f\u00fcm\u00fcz \u015fey:<\/p>\n<ul>\n<li>bir maa\u015f kavgas\u0131 de\u011fil<\/li>\n<li>bir anl\u0131k tepki de\u011fil<\/li>\n<\/ul>\n<p><strong>birikmi\u015f \u00f6fkenin patlama noktas\u0131d\u0131r.<\/strong><\/p>\n<p>Ve bu art\u0131k sadece ekonomi de\u011fil:<\/p>\n<ul>\n<li>onur<\/li>\n<li>Justice<\/li>\n<li>varl\u0131k<\/li>\n<\/ul>\n<p>Bu t\u00fcr meseleler bast\u0131r\u0131larak \u00e7\u00f6z\u00fclmez.<\/p>\n<p>It is only postponed.<\/p>\n<p><strong>Sessizli\u011fin Ad\u0131: Sendikalar Bu Tablonun Su\u00e7 Orta\u011f\u0131 m\u0131?<\/strong><\/p>\n<p>Kurtulu\u015f Park\u0131\u2019nda i\u015f\u00e7iler a\u00e7l\u0131k grevinde.<\/p>\n<p>Ve bu c\u00fcmleyi a\u011f\u0131rla\u015ft\u0131ran \u015fey devletin barikat\u0131 de\u011fil\u2014<\/p>\n<p><strong>sendikalar\u0131n yoklu\u011fu.<\/strong><\/p>\n<p>D\u0130SK nerede?<br \/>\nT\u00fcrk-\u0130\u015f nerede?<\/p>\n<p>Bu art\u0131k bir ele\u015ftiri de\u011fil.<\/p>\n<p><strong>Bu bir hesap sorma.<\/strong><\/p>\n<p>\u00c7\u00fcnk\u00fc sendikalar tam da b\u00f6yle anlar i\u00e7in vard\u0131r.<\/p>\n<p>Ama bug\u00fcn tablo \u015fu:<\/p>\n<ul>\n<li>\u0130\u015f\u00e7i a\u00e7<\/li>\n<li>\u0130\u015f\u00e7i y\u00fcr\u00fcm\u00fc\u015f<\/li>\n<li>\u0130\u015f\u00e7i a\u00e7l\u0131k grevinde<\/li>\n<\/ul>\n<p>Ve sendika?<\/p>\n<p><strong>No.<\/strong><\/p>\n<p>Bu bir gecikme de\u011fil.<br \/>\nBu bir koordinasyon sorunu de\u011fil.<\/p>\n<p><strong>Bu bir pozisyon.<\/strong><\/p>\n<p>Let's say it more clearly:<\/p>\n<p>Bug\u00fcn sendikalar\u0131n \u00f6nemli bir k\u0131sm\u0131, i\u015f\u00e7i hareketinin \u00f6n\u00fcn\u00fc a\u00e7an de\u011fil\u2014<\/p>\n<p><strong>\u00f6n\u00fcne set \u00e7eken yap\u0131lara d\u00f6n\u00fc\u015fm\u00fc\u015f durumda.<\/strong><\/p>\n<p>\u00c7\u00fcnk\u00fc kontrol edilen i\u015f\u00e7i,<br \/>\nsistemin en sevdi\u011fi i\u015f\u00e7idir.<\/p>\n<p>Sokakta de\u011fil, masada olan\u2026<br \/>\nba\u011f\u0131rmayan\u2026<br \/>\ns\u0131n\u0131r\u0131 a\u015fmayan\u2026<\/p>\n<p>\u0130\u015fte \u201cmakbul i\u015f\u00e7i\u201d budur.<\/p>\n<p>Ve bug\u00fcnk\u00fc sendikac\u0131l\u0131k, bu makbull\u00fc\u011f\u00fc \u00fcretir.<\/p>\n<p>O y\u00fczden:<\/p>\n<ul>\n<li>\u0130\u015f\u00e7i y\u00fcr\u00fcr \u2192 sendika yok<\/li>\n<li>\u0130\u015f\u00e7i a\u00e7l\u0131k grevine girer \u2192 sendika yok<\/li>\n<li>\u0130\u015f\u00e7i barikata dayan\u0131r \u2192 sendika yok<\/li>\n<\/ul>\n<p>\u00c7\u00fcnk\u00fc burada as\u0131l soru \u015fudur:<\/p>\n<p><strong>M\u00fccadele mi, koltuk mu?<\/strong><\/p>\n<p>Ve bug\u00fcn\u00fcn sendikac\u0131l\u0131\u011f\u0131 cevab\u0131n\u0131 vermi\u015ftir:<\/p>\n<p>Koltuk.<\/p>\n<p>Stat\u00fc.<\/p>\n<p>D\u00fczenle uyum.<\/p>\n<p>Ama temsil?<\/p>\n<p><strong>No.<\/strong><\/p>\n<p>\u015eimdi ge\u00e7mi\u015fe bakal\u0131m.<\/p>\n<p>\u015eemsi Denizer ne yapard\u0131?<\/p>\n<p>\u0130\u015f\u00e7inin \u00f6n\u00fcnde y\u00fcr\u00fcrd\u00fc.<\/p>\n<p>Geri \u00e7ekmezdi.<\/p>\n<p>B\u00fcy\u00fct\u00fcrd\u00fc.<\/p>\n<p>Abdullah Ba\u015ft\u00fcrk ne yapard\u0131?<\/p>\n<p>\u0130\u015f\u00e7iye s\u0131n\u0131r \u00e7izmezdi.<\/p>\n<p>Ufuk a\u00e7ard\u0131.<\/p>\n<p>M\u00fccadeleyi daraltmazd\u0131\u2014<\/p>\n<p><strong>geni\u015fletirdi.<\/strong><\/p>\n<p>What's today?<\/p>\n<ul>\n<li>S\u0131n\u0131r var<\/li>\n<li>sessizlik var<\/li>\n<li>geri \u00e7ekilme var<\/li>\n<\/ul>\n<p>Yani sadece isimler yok de\u011fil\u2014<\/p>\n<p><strong>o sendikac\u0131l\u0131k yok.<\/strong><\/p>\n<p>Ve bu yokluk, bir bo\u015fluk yarat\u0131yor.<\/p>\n<p>Ama o bo\u015fluk sonsuza kadar bo\u015f kalmaz.<\/p>\n<p>Senin metninde \u00e7ok \u00f6nemli bir \u015fey var\u2014onu a\u00e7\u0131k s\u00f6yleyelim:<\/p>\n<p>\u0130\u015f\u00e7i art\u0131k beklemiyor.<\/p>\n<p><strong>Kendi \u00f6rg\u00fct\u00fcn\u00fc kuruyor.<\/strong><\/p>\n<p>Ba\u011f\u0131ms\u0131z Maden-\u0130\u015f gibi yap\u0131lar tam buradan do\u011fuyor.<\/p>\n<p>Why?<\/p>\n<p>\u00c7\u00fcnk\u00fc i\u015f\u00e7i \u015funu g\u00f6r\u00fcyor:<\/p>\n<p>\u201cBeni temsil eden yoksa,<br \/>\nben kendimi temsil ederim.\u201d<\/p>\n<p>Bu, sendikac\u0131l\u0131k a\u00e7\u0131s\u0131ndan k\u0131r\u0131lma noktas\u0131d\u0131r.<\/p>\n<p>\u00c7\u00fcnk\u00fc bu \u015fu demektir:<\/p>\n<ul>\n<li>klasik sendikalar a\u015f\u0131l\u0131r<\/li>\n<li>yeni \u00f6rg\u00fctlenmeler do\u011far<\/li>\n<li>m\u00fccadele daha sertle\u015fir<\/li>\n<\/ul>\n<p>And most importantly:<\/p>\n<p><strong>kontrol edilemez hale gelir.<\/strong><\/p>\n<p>\u0130\u015fte bu y\u00fczden b\u00fcy\u00fck sendikalar susar.<\/p>\n<p>\u00c7\u00fcnk\u00fc bu d\u00f6n\u00fc\u015f\u00fcm, onlar\u0131 da gereksiz k\u0131lar.<\/p>\n<p>\u015eimdi en a\u011f\u0131r c\u00fcmleyi koyuyorum:<\/p>\n<p><strong>Bug\u00fcn i\u015f\u00e7i yaln\u0131zsa, bu sadece devletin bask\u0131s\u0131ndan de\u011fil\u2014<br \/>\nonu temsil etti\u011fini s\u00f6yleyen yap\u0131lar\u0131n ortadan \u00e7ekilmesindendir.<\/strong><\/p>\n<p>Bu c\u00fcmle tart\u0131\u015f\u0131l\u0131r.<\/p>\n<p>Ama \u00e7\u00fcr\u00fct\u00fclemez.<\/p>\n<p><strong>Bu Bir Direni\u015f De\u011fil: Bir D\u00fczenin \u0130f\u015fas\u0131<\/strong><\/p>\n<p>Kurtulu\u015f Park\u0131\u2019nda olan biteni h\u00e2l\u00e2 \u201cbir i\u015f\u00e7i eylemi\u201d olarak g\u00f6rmek, ger\u00e7e\u011fi k\u00fc\u00e7\u00fcltmektir.<\/p>\n<p>Bu bir eylem de\u011fil.<br \/>\nThis is not a crisis.<br \/>\nBu bir istisna hi\u00e7 de\u011fil.<\/p>\n<p><strong>Bu, d\u00fczenin kendisidir.<\/strong><\/p>\n<p>Bir tarafta aylarca maa\u015f alamayan i\u015f\u00e7iler var.<br \/>\nDi\u011fer tarafta bunu \u00e7\u00f6zmeyen bir devlet.<\/p>\n<p>Bir tarafta a\u00e7l\u0131k grevi var.<br \/>\nDi\u011fer tarafta suskun sendikalar.<\/p>\n<p>Bir tarafta \u00e7ocuklar\u0131n ya\u011fmur alt\u0131nda bekleyi\u015fi var.<br \/>\nDi\u011fer tarafta konforundan \u00e7\u0131kmayan yap\u0131lar.<\/p>\n<p>Bu tabloyu h\u00e2l\u00e2 \u201ctalihsizlik\u201d diye okumak m\u00fcmk\u00fcn m\u00fc?<\/p>\n<p>No, no, no.<\/p>\n<p>Bu, bir sistemin nas\u0131l \u00e7al\u0131\u015ft\u0131\u011f\u0131n\u0131n a\u00e7\u0131k kan\u0131t\u0131d\u0131r.<\/p>\n<p>\u00c7\u00fcnk\u00fc bu d\u00fczenin mant\u0131\u011f\u0131 \u015fudur:<\/p>\n<p>\u00c7al\u0131\u015f\u0131rs\u0131n.<br \/>\nBeklersin.<br \/>\nSusars\u0131n.<\/p>\n<p>Ama art\u0131k o d\u00f6ng\u00fc k\u0131r\u0131l\u0131yor.<\/p>\n<p>\u00c7\u00fcnk\u00fc i\u015f\u00e7i \u015funu g\u00f6r\u00fcyor:<\/p>\n<ul>\n<li>\u00c7al\u0131\u015fmak yetmiyor<\/li>\n<li>Beklemek \u00e7\u00f6zm\u00fcyor<\/li>\n<li>Susmak hi\u00e7bir \u015fey kazand\u0131rm\u0131yor<\/li>\n<\/ul>\n<p>\u0130\u015fte o noktada sistemin en b\u00fcy\u00fck yalan\u0131 \u00e7\u00f6k\u00fcyor:<\/p>\n<p><strong>\u201c\u00c7al\u0131\u015f\u0131rsan kar\u015f\u0131l\u0131\u011f\u0131n\u0131 al\u0131rs\u0131n.\u201d<\/strong><\/p>\n<p>Bug\u00fcn ger\u00e7ek \u015fu:<\/p>\n<p>\u00c7al\u0131\u015f\u0131yorsun\u2014alam\u0131yorsun.<br \/>\nKonu\u015fuyorsun\u2014duyulmuyorsun.<br \/>\nDireniyorsun\u2014bast\u0131r\u0131l\u0131yorsun.<\/p>\n<p>Bu art\u0131k ekonomik bir mesele de\u011fil.<\/p>\n<p><strong>Ahlaki bir \u00e7\u00f6k\u00fc\u015f.<\/strong><\/p>\n<p>Ve toplumlar ekonomik krizleri ta\u015f\u0131r.<\/p>\n<p>Ama ahlaki \u00e7\u00f6k\u00fc\u015f\u00fc ta\u015f\u0131yamaz.<\/p>\n<p>Kurtulu\u015f Park\u0131 bu y\u00fczden bir eylem alan\u0131 de\u011fil\u2014<\/p>\n<p><strong>bir turnusol ka\u011f\u0131d\u0131.<\/strong><\/p>\n<p>Kim nerede?<\/p>\n<ul>\n<li>Devlet barikat\u0131n arkas\u0131nda<\/li>\n<li>Sendikalar sessizli\u011fin i\u00e7inde<\/li>\n<li>\u0130\u015f\u00e7iler a\u00e7l\u0131\u011f\u0131n ortas\u0131nda<\/li>\n<\/ul>\n<p>Bu \u00fc\u00e7l\u00fc tablo tek bir \u015fey s\u00f6yl\u00fcyor:<\/p>\n<p><strong>Sistem krizi.<\/strong><\/p>\n<p>Ama burada en tehlikeli \u015fey bask\u0131 de\u011fil.<\/p>\n<p>Bask\u0131 g\u00f6r\u00fcn\u00fcr.<\/p>\n<p>\u0130nsan ona kar\u015f\u0131 durabilir.<\/p>\n<p>As\u0131l tehlike:<\/p>\n<p><strong>al\u0131\u015fmak.<\/strong><\/p>\n<ul>\n<li>Maa\u015fs\u0131zl\u0131\u011fa al\u0131\u015fmak<\/li>\n<li>barikata al\u0131\u015fmak<\/li>\n<li>yaln\u0131zl\u0131\u011fa al\u0131\u015fmak<\/li>\n<\/ul>\n<p>\u00c7\u00fcnk\u00fc bir toplum haks\u0131zl\u0131\u011fa al\u0131\u015ft\u0131\u011f\u0131nda,<br \/>\nonu de\u011fi\u015ftirme g\u00fcc\u00fcn\u00fc kaybeder.<\/p>\n<p>Ama tarih \u015funu s\u00f6yler:<\/p>\n<p>Hi\u00e7bir d\u00fczen sonsuza kadar bu dengeyi s\u00fcrd\u00fcremez.<\/p>\n<p>\u00c7\u00fcnk\u00fc bast\u0131r\u0131lan her \u015fey,<br \/>\ndaha sert geri d\u00f6ner.<\/p>\n<p>Bug\u00fcn Kurtulu\u015f Park\u0131\u2019nda g\u00f6rd\u00fc\u011f\u00fcm\u00fcz \u015fey:<\/p>\n<ul>\n<li>bir \u00fccret kavgas\u0131 de\u011fil<\/li>\n<li>bir sendika tart\u0131\u015fmas\u0131 de\u011fil<\/li>\n<li>bir g\u00fcvenlik meselesi de\u011fil<\/li>\n<\/ul>\n<p><strong>birikmi\u015f bir \u00e7eli\u015fkinin patlamas\u0131d\u0131r.<\/strong><\/p>\n<p>Ve o \u00e7eli\u015fki \u015fudur:<\/p>\n<p><strong>Eme\u011fin \u00fcretti\u011fi ile eme\u011fin ald\u0131\u011f\u0131 aras\u0131ndaki u\u00e7urum.<\/strong><\/p>\n<p>Bu u\u00e7urum b\u00fcy\u00fcd\u00fck\u00e7e,<br \/>\nd\u00fczen \u00e7atlar.<\/p>\n<p>Son bir ger\u00e7ek:<\/p>\n<p>\u0130\u015f\u00e7i yeralt\u0131nda \u00e7al\u0131\u015f\u0131rken bu sistemin temelidir.<br \/>\nAma hakk\u0131n\u0131 arad\u0131\u011f\u0131nda, o temel sars\u0131l\u0131r.<\/p>\n<p>Kurtulu\u015f Park\u0131\u2019nda olan tam olarak budur.<\/p>\n<p>Bu y\u00fczden bu bir direni\u015f de\u011fil\u2014<\/p>\n<p><strong>bir uyar\u0131d\u0131r.<\/strong><\/p>\n<p>Ve o uyar\u0131 \u015funu s\u00f6yl\u00fcyor:<\/p>\n<p>Eme\u011fi yok sayan hi\u00e7bir d\u00fczen kal\u0131c\u0131 de\u011fildir.<br \/>\nSessizlik \u00fczerine kurulan hi\u00e7bir denge sonsuza kadar s\u00fcrmez.<\/p>\n<p>Bug\u00fcn bast\u0131r\u0131rs\u0131n.<br \/>\nYar\u0131n susturursun.<\/p>\n<p>Ama nedenler ortadan kalkmad\u0131k\u00e7a\u2014<\/p>\n<p><strong>hi\u00e7bir \u015fey bitmez.<\/strong><\/p>\n<p><strong>\u00c7\u00f6z\u00fcm De\u011fil, Zorunluluk: Bu D\u00fczen Nas\u0131l K\u0131r\u0131l\u0131r?<\/strong><\/p>\n<p>Art\u0131k \u015funu kabul edelim:<\/p>\n<p>Bu tablo bir \u201caksakl\u0131k\u201d de\u011fil.<br \/>\nBir \u201cistisna\u201d hi\u00e7 de\u011fil.<\/p>\n<p><strong>Bu, i\u015fleyen bir sistem.<\/strong><\/p>\n<p>Ama bu sistem eme\u011fe kar\u015f\u0131 i\u015fliyor.<\/p>\n<p>Dolay\u0131s\u0131yla mesele \u201ciyile\u015ftirme\u201d de\u011fil.<\/p>\n<p><strong>K\u0131r\u0131lma.<\/strong><\/p>\n<p><strong>1. \u00dccret Gasp\u0131: Su\u00e7tur<\/strong><\/p>\n<p>Bir i\u015f\u00e7i aylarca maa\u015f alam\u0131yorsa, bu ekonomik kriz de\u011fildir.<\/p>\n<p><strong>Bu su\u00e7tur.<\/strong><\/p>\n<p>Ama bug\u00fcn bu su\u00e7un bir kar\u015f\u0131l\u0131\u011f\u0131 yok.<\/p>\n<p>\u0130\u015fveren \u00f6demiyor \u2192 hi\u00e7bir \u015fey olmuyor.<br \/>\n\u0130\u015f\u00e7i bekliyor \u2192 her \u015fey normal say\u0131l\u0131yor.<\/p>\n<p>Bu d\u00fczen de\u011fi\u015fmeden hi\u00e7bir \u015fey de\u011fi\u015fmez.<\/p>\n<ul>\n<li>Maa\u015f \u00f6dememek = do\u011frudan cezai su\u00e7 olmal\u0131<\/li>\n<li>Devlet i\u015f\u00e7inin alaca\u011f\u0131n\u0131 <strong>an\u0131nda \u00f6demeli<\/strong><\/li>\n<li>Sonra gidip i\u015fverenden zorla tahsil etmeli<\/li>\n<\/ul>\n<p>\u00c7\u00fcnk\u00fc \u00e7al\u0131\u015ft\u0131r\u0131p \u00f6dememek, \u201cticaret\u201d de\u011fil\u2014<strong>gasp.<\/strong><\/p>\n<p><strong>2. Sendikalar: Ya D\u00f6n\u00fc\u015f\u00fcr Ya Yok Olur<\/strong><\/p>\n<p>Bug\u00fcnk\u00fc haliyle sendikal sistem ciddi bir kriz i\u00e7inde.<\/p>\n<p>Ve bu art\u0131k ink\u00e2r edilemez.<\/p>\n<p>E\u011fer bir sendika:<\/p>\n<ul>\n<li>i\u015f\u00e7i a\u00e7ken ortada yoksa<\/li>\n<li>direni\u015fte g\u00f6r\u00fcnm\u00fcyorsa<\/li>\n<li>risk alm\u0131yorsa<\/li>\n<\/ul>\n<p>O yap\u0131 sendika de\u011fildir.<\/p>\n<p><strong>Bir kurumdur.<\/strong><\/p>\n<p>Ve kurumlar m\u00fccadele etmez.<\/p>\n<p><strong>Uyum sa\u011flar.<\/strong><\/p>\n<p>Bu y\u00fczden:<\/p>\n<ul>\n<li>taban s\u00f6z sahibi olacak<\/li>\n<li>y\u00f6neticiler geri \u00e7a\u011fr\u0131labilecek<\/li>\n<li>\u015feffafl\u0131k zorunlu olacak<\/li>\n<\/ul>\n<p>Yoksa ne olur?<\/p>\n<p>\u0130\u015f\u00e7i beklemez.<\/p>\n<p><strong>Kendi yolunu a\u00e7ar.<\/strong><\/p>\n<p>Ve o yol daha sert olur.<\/p>\n<p>Daha kontrols\u00fcz olur.<\/p>\n<p>Daha ger\u00e7ek olur.<\/p>\n<p><strong>3. Hak Aramak: Ka\u011f\u0131tta De\u011fil, Sokakta<\/strong><\/p>\n<p>Bug\u00fcn en b\u00fcy\u00fck yalanlardan biri:<\/p>\n<p>\u201cEylem hakk\u0131 var.\u201d<\/p>\n<p>No.<\/p>\n<p>Ka\u011f\u0131tta var.<br \/>\nSahada yok.<\/p>\n<p>Because:<\/p>\n<ul>\n<li>y\u00fcr\u00fcrs\u00fcn \u2192 engellenirsin<\/li>\n<li>toplan\u0131rs\u0131n \u2192 da\u011f\u0131t\u0131l\u0131rs\u0131n<\/li>\n<li>konu\u015fursun \u2192 susturulursun<\/li>\n<\/ul>\n<p>Bu ikiy\u00fczl\u00fcl\u00fck bitmeden hi\u00e7bir \u015fey de\u011fi\u015fmez.<\/p>\n<p>Hak varsa kullan\u0131lacak.<\/p>\n<p>Kullan\u0131lam\u0131yorsa\u2014<\/p>\n<p><strong>yoktur.<\/strong><\/p>\n<p><strong>4. Maden: K\u00e2r Alan\u0131 De\u011fil, Hayat Meselesi<\/strong><\/p>\n<p>Maden sekt\u00f6r\u00fc piyasa mant\u0131\u011f\u0131yla y\u00f6netilemez.<\/p>\n<p>\u00c7\u00fcnk\u00fc burada mesele \u00fcretim de\u011fil\u2014<\/p>\n<p><strong>ya\u015fam.<\/strong><\/p>\n<ul>\n<li>denetim s\u00fcrekli olacak<\/li>\n<li>ihlal varsa ruhsat iptal edilecek<\/li>\n<li>gerekiyorsa kamula\u015ft\u0131rma yap\u0131lacak<\/li>\n<\/ul>\n<p>\u00c7\u00fcnk\u00fc yeralt\u0131nda \u00e7al\u0131\u015fan insan\u0131n hayat\u0131,<br \/>\nbir \u015firketin bilan\u00e7osundan daha de\u011fersiz olamaz.<\/p>\n<p><strong>5. Korku K\u0131r\u0131lmadan Hi\u00e7bir \u015eey De\u011fi\u015fmez<\/strong><\/p>\n<p>\u0130\u015f\u00e7i neden \u00f6rg\u00fctlenemiyor?<\/p>\n<p>\u00c7\u00fcnk\u00fc korkuyor.<\/p>\n<ul>\n<li>i\u015ften at\u0131lmaktan<\/li>\n<li>yaln\u0131z kalmaktan<\/li>\n<li>sistemin d\u0131\u015f\u0131na itilmekten<\/li>\n<\/ul>\n<p>Bu korku k\u0131r\u0131lmadan hi\u00e7bir \u015fey de\u011fi\u015fmez.<\/p>\n<ul>\n<li>sendikal nedenle i\u015ften atma \u2192 a\u011f\u0131r yapt\u0131r\u0131m<\/li>\n<li>i\u015f g\u00fcvencesi \u2192 ger\u00e7ek g\u00fcvence<\/li>\n<\/ul>\n<p>Because:<\/p>\n<p><strong>korku varsa \u00f6rg\u00fct yoktur.<br \/>\n\u00f6rg\u00fct yoksa hak yoktur.<\/strong><\/p>\n<p><strong>Bu D\u00fczen Sessizlikle Ayakta Durur<\/strong><\/p>\n<p>Bu d\u00fczen sadece yukar\u0131dan kurulmaz.<\/p>\n<p><strong>A\u015fa\u011f\u0131dan sessizlikle ya\u015far.<\/strong><\/p>\n<ul>\n<li>medya susar<\/li>\n<li>toplum bakmaz<\/li>\n<li>insanlar \u201cbana dokunmuyor\u201d der<\/li>\n<\/ul>\n<p>Ve sistem devam eder.<\/p>\n<p>But here's the truth:<\/p>\n<p><strong>\u0130\u015f\u00e7i yaln\u0131z kald\u0131\u011f\u0131nda sistem kazan\u0131r.<br \/>\nToplum ses verdi\u011finde denge de\u011fi\u015fir.<\/strong><\/p>\n<p>Bu mesele birka\u00e7 madencinin meselesi de\u011fil.<\/p>\n<p>This one:<\/p>\n<ul>\n<li>eme\u011fin de\u011feri<\/li>\n<li>adaletin s\u0131n\u0131r\u0131<\/li>\n<li>ve bu \u00fclkenin nas\u0131l y\u00f6netildi\u011fi meselesi<\/li>\n<\/ul>\n<p>Bug\u00fcn Kurtulu\u015f Park\u0131\u2019nda olan \u015fey \u015funu g\u00f6steriyor:<\/p>\n<p>D\u00fcn korkan insan, bug\u00fcn y\u00fcr\u00fcr.<br \/>\nD\u00fcn susan insan, bug\u00fcn ba\u011f\u0131r\u0131r.<\/p>\n<p>\u00c7\u00fcnk\u00fc a\u00e7l\u0131k \u00f6\u011fretir.<\/p>\n<p>Ama m\u00fccadele\u2026<\/p>\n<p><strong>insan\u0131 de\u011fi\u015ftirir.<\/strong><\/p>\n<p>Ve de\u011fi\u015fen insan,<br \/>\nhi\u00e7bir d\u00fczenin kontrol edemeyece\u011fi tek \u015feydir.<\/p>","protected":false},"excerpt":{"rendered":"<p>\u201cAylarca maa\u015f alamayan i\u015f\u00e7i a\u00e7l\u0131k grevinde. Devlet barikat kuruyor, sendikalar susuyor. Bu bir kriz de\u011fil\u2014bir tercihtir.\u201d<\/p>\n<p>Yokluk De\u011fil, \u00c7\u00f6k\u00fc\u015f: Sendikac\u0131l\u0131\u011f\u0131n \u00d6l\u00fcm\u00fc<\/p>","protected":false},"author":14,"featured_media":285461,"comment_status":"closed","ping_status":"closed","sticky":false,"template":"","format":"standard","meta":{"footnotes":""},"categories":[286],"tags":[289],"class_list":{"0":"post-285459","1":"post","2":"type-post","3":"status-publish","4":"format-standard","5":"has-post-thumbnail","7":"category-yazarlar","8":"tag-manset"},"_links":{"self":[{"href":"https:\/\/halkweb.com.tr\/en\/wp-json\/wp\/v2\/posts\/285459","targetHints":{"allow":["GET"]}}],"collection":[{"href":"https:\/\/halkweb.com.tr\/en\/wp-json\/wp\/v2\/posts"}],"about":[{"href":"https:\/\/halkweb.com.tr\/en\/wp-json\/wp\/v2\/types\/post"}],"author":[{"embeddable":true,"href":"https:\/\/halkweb.com.tr\/en\/wp-json\/wp\/v2\/users\/14"}],"replies":[{"embeddable":true,"href":"https:\/\/halkweb.com.tr\/en\/wp-json\/wp\/v2\/comments?post=285459"}],"version-history":[{"count":2,"href":"https:\/\/halkweb.com.tr\/en\/wp-json\/wp\/v2\/posts\/285459\/revisions"}],"predecessor-version":[{"id":285462,"href":"https:\/\/halkweb.com.tr\/en\/wp-json\/wp\/v2\/posts\/285459\/revisions\/285462"}],"wp:featuredmedia":[{"embeddable":true,"href":"https:\/\/halkweb.com.tr\/en\/wp-json\/wp\/v2\/media\/285461"}],"wp:attachment":[{"href":"https:\/\/halkweb.com.tr\/en\/wp-json\/wp\/v2\/media?parent=285459"}],"wp:term":[{"taxonomy":"category","embeddable":true,"href":"https:\/\/halkweb.com.tr\/en\/wp-json\/wp\/v2\/categories?post=285459"},{"taxonomy":"post_tag","embeddable":true,"href":"https:\/\/halkweb.com.tr\/en\/wp-json\/wp\/v2\/tags?post=285459"}],"curies":[{"name":"wp","href":"https:\/\/api.w.org\/{rel}","templated":true}]}}