{"id":285454,"date":"2026-04-28T05:07:55","date_gmt":"2026-04-28T05:07:55","guid":{"rendered":"https:\/\/halkweb.com.tr\/?p=285454"},"modified":"2026-04-28T05:07:55","modified_gmt":"2026-04-28T05:07:55","slug":"hakaret-ovgu-sovgu-ve-timsah-gozyaslari","status":"publish","type":"post","link":"https:\/\/halkweb.com.tr\/en\/hakaret-ovgu-sovgu-ve-timsah-gozyaslari\/","title":{"rendered":"Hakaret, \u00d6vg\u00fc, S\u00f6vg\u00fc ve Timsah G\u00f6zya\u015flar\u0131"},"content":{"rendered":"<p>HAKARET: TCK&#8217;da hakaretin tan\u0131m\u0131:<\/p>\n<p>\u201cBir kimsenin onur, \u015eeref ve sayg\u0131nl\u0131\u011f\u0131n\u0131 rencide edebilecek nitelikte somut bir fiil veya olgu isnat etmek ya da s\u00f6vmek suretiyle ki\u015finin manevi varl\u0131\u011f\u0131na sald\u0131rmak\u201c olarak tarif ediliyor ve cezas\u0131 vard\u0131r.<\/p>\n<p>\u00d6VG\u00dc: \u00d6zetle; bir kimsenin veya bir \u015feyin de\u011ferini, ba\u015far\u0131s\u0131n\u0131 belirtmek, y\u00fcceltmek ve takdir etmek.<\/p>\n<p>S\u00d6VG\u00dc: Hakaretin bir t\u00fcr\u00fcd\u00fcr, ve k\u0131saca her t\u00fcrl\u00fc s\u00f6zl\u00fc sald\u0131r\u0131d\u0131r.<\/p>\n<p>Son g\u00fcnlerde CHP 7. Genel Ba\u015fkan\u0131 Say\u0131n Kemal K\u0131l\u0131\u00e7daro\u011flu\u2019na y\u00f6nelik sistematik sald\u0131r\u0131lar\u0131n yeniden ba\u015flamas\u0131 ve itibars\u0131zla\u015ft\u0131rma \u00e7al\u0131\u015fmas\u0131n\u0131n tekrar hayata ge\u00e7irilmesi dikkat \u00e7ekicidir.<\/p>\n<p>Peki, f\u00fctursuzca artan olumsuz payla\u015f\u0131mlara Say\u0131n K\u0131l\u0131\u00e7daro\u011flu ne gibi bir duru\u015f sergiliyor?<\/p>\n<p>Bu sorunun cevab\u0131 \u00e7ok bilindik; M\u00fctehammil bir \u015fekilde duru\u015funu bozmamaya devam ediyor.<\/p>\n<p>Sistematik olarak artan bu sald\u0131r\u0131lar\u0131n son \u00f6rne\u011fi, i\u00e7inin k\u00f6t\u00fcl\u00fc\u011f\u00fc surat\u0131na vurmu\u015f, kibir abidesi Mine G. K\u0131r\u0131kkanat oldu.<\/p>\n<p>Bu G. K\u0131r\u0131kkanat; s\u00f6zde anlam\u0131n\u0131 bilmedi\u011fi a\u015fa\u011f\u0131lay\u0131c\u0131 \u0131rk\u00e7\u0131 payla\u015f\u0131m\u0131 sonras\u0131nda( gelen b\u00fcy\u00fck tepkilerden dolay\u0131) bir \u00f6z\u00fcr mesaj\u0131 payla\u015ft\u0131.<\/p>\n<p>Bu al\u00e7ak G. K\u0131r\u0131kkanat, esas\u0131nda kendisine ta\u015fere edilmi\u015f i\u015fini yapm\u0131\u015ft\u0131r.<\/p>\n<p>Yani kirli zihniyle ald\u0131\u011f\u0131 paran\u0131n kar\u015f\u0131l\u0131\u011f\u0131 olan Genel Ba\u015fkan Say\u0131n Kemal K\u0131l\u0131\u00e7daro\u011flunu ve onun Alevi inanc\u0131n\u0131 a\u015fa\u011f\u0131lamak i\u00e7in \u201cK\u0131l\u0131\u00e7 art\u0131\u011f\u0131\u201c payla\u015f\u0131m\u0131n\u0131 yaparak i\u015fini yapm\u0131\u015ft\u0131r.<\/p>\n<p>Zaten o, ve onun gibi IRK\u00c7I FA\u015e\u0130ST kafal\u0131lar\u0131n se\u00e7im d\u00f6neminde de, esas\u0131nda i\u00e7lerine sindiremedi\u011fi i\u00e7 d\u00fcnyalar\u0131nda kabullenemedikleri, Alevi aday olmamal\u0131, Mezhep\u00e7i, Alevi \u00e7etesi, Alevi lobisi, Siyasal alevi, tarifi ve \u201cKazanacak Aday\u201c tart\u0131\u015fmalar\u0131n\u0131n tamam\u0131n\u0131n planl\u0131 ve bu anlay\u0131\u015f\u0131n \u201cPLANA SADIK KAL\u201c ekibinin bir par\u00e7as\u0131 oldu\u011fu art\u0131k apa\u00e7\u0131k ortadad\u0131r.<\/p>\n<p>Durum b\u00f6yle iken;<\/p>\n<p>Bug\u00fcne kadar Genel Ba\u015fkan\u0131m\u0131z Say\u0131n Kemal K\u0131l\u0131\u00e7daro\u011flu&#8217;na yap\u0131lan her t\u00fcrl\u00fc hakaret, k\u00fcf\u00fcr, yalan haber vs. hi\u00e7birinde mevcut parti y\u00f6netimi ve enel ba\u015fkan \u00f6. \u00f6zel hi\u00e7bir sald\u0131r\u0131ya kar\u015f\u0131l\u0131k vermemi\u015fken ne oldu da bu sefer enel ba\u015fkan \u00f6.\u00f6zel \u201cGenel Ba\u015fkan\u0131m\u0131z Say\u0131n Kemal K\u0131l\u0131\u00e7daro\u011flu&#8217;nun hukukunu da ben savunurum\u201c dedi.<\/p>\n<p>\u0130\u015fte T\u0130MSAH G\u00d6ZYA\u015eLARI&#8217;n\u0131n tarifi tam da budur ve benim gibi d\u00fc\u015f\u00fcnen b\u00fcy\u00fck bir kesim bunu samimi bulmuyor.<\/p>\n<p>Bu s\u0131r\u0131tan durumu ele\u015ftiriyoruz.<\/p>\n<p>Siz yak\u0131n zamana kadar ayn\u0131 insana, (Genel Ba\u015fkan Say\u0131n Kemal K\u0131l\u0131\u00e7daro\u011flu&#8217;na) \u201csinkafl\u0131\u201c payla\u015f\u0131mlara ses \u00e7\u0131karmay\u0131p;<\/p>\n<p>Hatta \u201cY\u00fcz\u00fcne t\u00fck\u00fcr\u00fcr\u00fcz\u201c a\u00e7\u0131klamalar\u0131na, y\u00f6nlendirmelerine bile ses \u00e7\u0131karmay\u0131p bug\u00fcn -m\u0131\u015f gibi- yapman\u0131z\u0131n bizim i\u00e7in hi\u00e7bir kar\u015f\u0131l\u0131\u011f\u0131 yoktur.<\/p>\n<p>Esas\u0131nda m\u0131\u015f gibi yapman\u0131z\u0131n sebebi \u015fudur!!!<\/p>\n<p>Oy potansiyeli ve kitlesel itiraz.<\/p>\n<p>Ayr\u0131ca,G. K\u0131r\u0131kkanat \u00f6z\u00fcr payla\u015f\u0131m\u0131nda Genel Ba\u015fkan Say\u0131n Kemal K\u0131l\u0131\u00e7daro\u011flu\u2019ndan \u00f6z\u00fcr dilemeyip Alevi yurtta\u015flar\u0131m\u0131zdan \u00f6z\u00fcr dilemi\u015ftir.<\/p>\n<p>Bu sefer \u00f6.\u00f6zel dereden k\u00fct\u00fck kapma ad\u0131na -m\u0131\u015f- hareketini devreye sokuyor ve Alevilere sahip \u00e7\u0131k\u0131yormu\u015f gibi yap\u0131yor.<\/p>\n<p>Bak\u0131n bu son olay bir kez daha g\u00f6stermi\u015ftir ki Aleviler her f\u0131rsatta d\u0131\u015flanm\u0131\u015flard\u0131r.<\/p>\n<p>Halbuki;<\/p>\n<p>Aleviler bu \u00fclkenin ger\u00e7ekten Y\u00fcz ak\u0131d\u0131rlar.<\/p>\n<p>Laik cumhuriyetin temel ta\u015flar\u0131d\u0131rlar.<\/p>\n<p>Bilerek Hak yemezler.<\/p>\n<p>Bilerek H\u0131rs\u0131zl\u0131k yapmazlar.<\/p>\n<p>Halk\u00e7\u0131d\u0131rlar.<\/p>\n<p>Eline Diline Beline sad\u0131kt\u0131rlar.<\/p>\n<p>Hakka hukuka riayet eder \u00fclkesi namusu i\u00e7in korkusuzca sava\u015f\u0131rlar.<\/p>\n<p>Ezc\u00fcmle, D\u00fcr\u00fcstl\u00fck, hak, hukuk, adaleti g\u00f6rmek isteyenler bknz. Kemal K\u0131l\u0131\u00e7daro\u011flu<\/p>\n<p>Hala diren\u00e7li bir bi\u00e7imde kar\u015f\u0131n\u0131zda dimdik duruyor.<\/p>\n<p>Kurtla yiyen \u00e7obanla a\u011flayanlar (ikiy\u00fczl\u00fc f\u0131rsat\u00e7\u0131lar)bilsinler ki bizim yolumuz do\u011frunun yoludur.<\/p>\n<p>Do\u011fru duvar hi\u00e7bir zaman y\u0131k\u0131lmaz.<\/p>\n<p>Selam sevgi ve sayg\u0131lar\u0131mla..<\/p>","protected":false},"excerpt":{"rendered":"<p>\u00f6.\u00f6zel dereden k\u00fct\u00fck kapma ad\u0131na -m\u0131\u015f- hareketini devreye sokuyor ve Alevilere sahip \u00e7\u0131k\u0131yormu\u015f gibi yap\u0131yor.<\/p>","protected":false},"author":61,"featured_media":285456,"comment_status":"closed","ping_status":"closed","sticky":false,"template":"","format":"standard","meta":{"footnotes":""},"categories":[286],"tags":[289],"class_list":{"0":"post-285454","1":"post","2":"type-post","3":"status-publish","4":"format-standard","5":"has-post-thumbnail","7":"category-yazarlar","8":"tag-manset"},"_links":{"self":[{"href":"https:\/\/halkweb.com.tr\/en\/wp-json\/wp\/v2\/posts\/285454","targetHints":{"allow":["GET"]}}],"collection":[{"href":"https:\/\/halkweb.com.tr\/en\/wp-json\/wp\/v2\/posts"}],"about":[{"href":"https:\/\/halkweb.com.tr\/en\/wp-json\/wp\/v2\/types\/post"}],"author":[{"embeddable":true,"href":"https:\/\/halkweb.com.tr\/en\/wp-json\/wp\/v2\/users\/61"}],"replies":[{"embeddable":true,"href":"https:\/\/halkweb.com.tr\/en\/wp-json\/wp\/v2\/comments?post=285454"}],"version-history":[{"count":2,"href":"https:\/\/halkweb.com.tr\/en\/wp-json\/wp\/v2\/posts\/285454\/revisions"}],"predecessor-version":[{"id":285457,"href":"https:\/\/halkweb.com.tr\/en\/wp-json\/wp\/v2\/posts\/285454\/revisions\/285457"}],"wp:featuredmedia":[{"embeddable":true,"href":"https:\/\/halkweb.com.tr\/en\/wp-json\/wp\/v2\/media\/285456"}],"wp:attachment":[{"href":"https:\/\/halkweb.com.tr\/en\/wp-json\/wp\/v2\/media?parent=285454"}],"wp:term":[{"taxonomy":"category","embeddable":true,"href":"https:\/\/halkweb.com.tr\/en\/wp-json\/wp\/v2\/categories?post=285454"},{"taxonomy":"post_tag","embeddable":true,"href":"https:\/\/halkweb.com.tr\/en\/wp-json\/wp\/v2\/tags?post=285454"}],"curies":[{"name":"wp","href":"https:\/\/api.w.org\/{rel}","templated":true}]}}