{"id":285437,"date":"2026-04-27T06:51:48","date_gmt":"2026-04-27T06:51:48","guid":{"rendered":"https:\/\/halkweb.com.tr\/?p=285437"},"modified":"2026-04-27T06:52:28","modified_gmt":"2026-04-27T06:52:28","slug":"kubaya-gunes-seferberligi-jose-marti-dostluk-dernegi-dayanisma-kampanyasi-baslatti","status":"publish","type":"post","link":"https:\/\/halkweb.com.tr\/en\/kubaya-gunes-seferberligi-jose-marti-dostluk-dernegi-dayanisma-kampanyasi-baslatti\/","title":{"rendered":"K\u00fcba\u2019ya G\u00fcne\u015f Seferberli\u011fi: Jose Marti Dostluk Derne\u011fi Dayan\u0131\u015fma Kampanyas\u0131 Ba\u015flatt\u0131"},"content":{"rendered":"<p>Jose Marti K\u00fcba Dostluk Derne\u011fi, K\u00fcba Cumhuriyeti devleti ile yap\u0131lan protokol ve T\u00fcrkiye\u2019deki resmi makamlar\u0131n izni kapsam\u0131nda \u201cK\u00fcba\u2019ya G\u00fcne\u015f Topluyoruz\u201d slogan\u0131yla yeni bir dayan\u0131\u015fma kampanyas\u0131 ba\u015flatt\u0131.<\/p>\n<p>Kampanya kapsam\u0131nda, K\u00fcba\u2019n\u0131n g\u00fcne\u015f enerjisi \u00fcretim kapasitesini art\u0131rmaya y\u00f6nelik \u00e7al\u0131\u015fmalar\u0131na destek verilmesi hedefleniyor. Bu do\u011frultuda Santa Clara kentinde bulunan Ernesto Che Guevara Kardiyoloji Merkezi, Daniel Codorniu Pruna Genel E\u011fitim Hastanesi ve Freddy Maymura Hurtado Psikopedagoji Merkezi i\u00e7in g\u00fcne\u015f panelleri, inverterler ve enerji depolama bataryalar\u0131n\u0131n temin edilmesi planlan\u0131yor.<\/p>\n<p>&nbsp;<\/p>\n<blockquote class=\"twitter-tweet\">\n<p dir=\"ltr\" lang=\"tr\">Dayan\u0131\u015fmaya \u00e7a\u011fr\u0131:<br \/>\nK\u00dcBA\u2019YA G\u00dcNE\u015e TOPLUYORUZ<\/p>\n<p>De\u011ferli K\u00fcba dostlar\u0131,<\/p>\n<p>Derne\u011fimizin K\u00fcba Cumhuriyeti devleti ile yapm\u0131\u015f oldu\u011fu protokol ve T\u00fcrkiye\u2019deki resmi makamlardan ald\u0131\u011f\u0131 izin kapsam\u0131nda \u201cK\u00fcba\u2019ya G\u00fcne\u015f Topluyoruz\u201d slogan\u0131yla bir dayan\u0131\u015fma kampanyas\u0131n\u0131 bug\u00fcn itibar\u0131yla\u2026 <a href=\"https:\/\/t.co\/dS2SCnGaRr\">pic.twitter.com\/dS2SCnGaRr<\/a><\/p>\n<p>\u2014 Jos\u00e9 Mart\u00ed K\u00fcba Dostluk Derne\u011fi (@kubadostluk) <a href=\"https:\/\/twitter.com\/kubadostluk\/status\/2047026736475353142?ref_src=twsrc%5Etfw\" target=\"_blank\" rel=\"noopener\">April 22, 2026<\/a><\/p><\/blockquote>\n<p><script async src=\"https:\/\/platform.twitter.com\/widgets.js\" charset=\"utf-8\"><\/script><\/p>\n<h3>Enerji krizi ve g\u00fcne\u015f enerjisi \u00e7\u00f6z\u00fcm\u00fc<\/h3>\n<p>K\u00fcba\u2019n\u0131n son d\u00f6nemde ciddi enerji s\u0131k\u0131nt\u0131lar\u0131 ya\u015fad\u0131\u011f\u0131, yak\u0131t tedarikindeki sorunlar nedeniyle elektrik \u00fcretiminde aksakl\u0131klar ve uzun s\u00fcreli kesintiler meydana geldi\u011fi belirtiliyor.<\/p>\n<p>\u00dclke, bu sorunlara \u00e7\u00f6z\u00fcm olarak g\u00fcne\u015f enerjisi sistemlerinin yayg\u0131nla\u015ft\u0131r\u0131lmas\u0131na odaklan\u0131rken, ba\u015flat\u0131lan kampanyan\u0131n da bu d\u00f6n\u00fc\u015f\u00fcme katk\u0131 sa\u011flamay\u0131 ama\u00e7lad\u0131\u011f\u0131 ifade ediliyor.<\/p>\n<h3>Hastaneler i\u00e7in kritik destek<\/h3>\n<p>Kampanya kapsam\u0131nda g\u00f6nderilecek g\u00fcne\u015f enerjisi ekipmanlar\u0131n\u0131n \u00f6zellikle hastanelerde hayati \u00f6nem ta\u015f\u0131d\u0131\u011f\u0131 vurguland\u0131. Elektri\u011fin; ventilat\u00f6rler, g\u00f6r\u00fcnt\u00fcleme cihazlar\u0131, t\u0131bbi ekipmanlar, ila\u00e7 ve numune saklama sistemleri ile havaland\u0131rma \u00fcnitelerinin kesintisiz \u00e7al\u0131\u015fmas\u0131 i\u00e7in gerekli oldu\u011fu belirtildi.<\/p>\n<p>Yetkililer, sa\u011flanacak sistemlerin sa\u011fl\u0131k kurulu\u015flar\u0131nda enerji s\u00fcreklili\u011fini destekleyerek do\u011frudan hasta hizmetlerine katk\u0131 sunaca\u011f\u0131n\u0131 ifade etti.<\/p>\n<h3>\u201cDayan\u0131\u015fma s\u0131ras\u0131 bizde\u201d<\/h3>\n<p>Dernek taraf\u0131ndan yap\u0131lan a\u00e7\u0131klamada, K\u00fcba halk\u0131n\u0131n ge\u00e7mi\u015fte farkl\u0131 \u00fclkelerdeki yard\u0131m faaliyetlerine katk\u0131 sundu\u011fu hat\u0131rlat\u0131larak, \u201cHer f\u0131rsatta ba\u015fka halklar\u0131n yard\u0131m\u0131na ko\u015fmay\u0131 g\u00f6rev bilmi\u015f K\u00fcba halk\u0131yla dayan\u0131\u015fma s\u0131ras\u0131 \u015fimdi bizde\u201d denildi.<\/p>\n<p>Kampanyan\u0131n Ankara Valili\u011fi izni ve 06.2026.4513 faaliyet numaras\u0131yla y\u00fcr\u00fct\u00fcld\u00fc\u011f\u00fc bildirildi.<\/p>","protected":false},"excerpt":{"rendered":"<p>Jose Marti K\u00fcba Dostluk Derne\u011fi, K\u00fcba Cumhuriyeti devleti ile yap\u0131lan protokol ve T\u00fcrkiye\u2019deki resmi makamlar\u0131n izni kapsam\u0131nda \u201cK\u00fcba\u2019ya G\u00fcne\u015f Topluyoruz\u201d slogan\u0131yla yeni bir dayan\u0131\u015fma kampanyas\u0131 ba\u015flatt\u0131.<\/p>","protected":false},"author":3,"featured_media":285438,"comment_status":"closed","ping_status":"closed","sticky":false,"template":"","format":"standard","meta":{"footnotes":""},"categories":[2],"tags":[],"class_list":{"0":"post-285437","1":"post","2":"type-post","3":"status-publish","4":"format-standard","5":"has-post-thumbnail","7":"category-gundem"},"_links":{"self":[{"href":"https:\/\/halkweb.com.tr\/en\/wp-json\/wp\/v2\/posts\/285437","targetHints":{"allow":["GET"]}}],"collection":[{"href":"https:\/\/halkweb.com.tr\/en\/wp-json\/wp\/v2\/posts"}],"about":[{"href":"https:\/\/halkweb.com.tr\/en\/wp-json\/wp\/v2\/types\/post"}],"author":[{"embeddable":true,"href":"https:\/\/halkweb.com.tr\/en\/wp-json\/wp\/v2\/users\/3"}],"replies":[{"embeddable":true,"href":"https:\/\/halkweb.com.tr\/en\/wp-json\/wp\/v2\/comments?post=285437"}],"version-history":[{"count":2,"href":"https:\/\/halkweb.com.tr\/en\/wp-json\/wp\/v2\/posts\/285437\/revisions"}],"predecessor-version":[{"id":285440,"href":"https:\/\/halkweb.com.tr\/en\/wp-json\/wp\/v2\/posts\/285437\/revisions\/285440"}],"wp:featuredmedia":[{"embeddable":true,"href":"https:\/\/halkweb.com.tr\/en\/wp-json\/wp\/v2\/media\/285438"}],"wp:attachment":[{"href":"https:\/\/halkweb.com.tr\/en\/wp-json\/wp\/v2\/media?parent=285437"}],"wp:term":[{"taxonomy":"category","embeddable":true,"href":"https:\/\/halkweb.com.tr\/en\/wp-json\/wp\/v2\/categories?post=285437"},{"taxonomy":"post_tag","embeddable":true,"href":"https:\/\/halkweb.com.tr\/en\/wp-json\/wp\/v2\/tags?post=285437"}],"curies":[{"name":"wp","href":"https:\/\/api.w.org\/{rel}","templated":true}]}}