{"id":285433,"date":"2026-04-27T07:07:22","date_gmt":"2026-04-27T07:07:22","guid":{"rendered":"https:\/\/halkweb.com.tr\/?p=285433"},"modified":"2026-04-27T07:08:06","modified_gmt":"2026-04-27T07:08:06","slug":"hayata-deger-katanlar-odul-toreninde-siyaset-ve-medya-bulustu","status":"publish","type":"post","link":"https:\/\/halkweb.com.tr\/en\/hayata-deger-katanlar-odul-toreninde-siyaset-ve-medya-bulustu\/","title":{"rendered":"Hayata De\u011fer Katanlar \u00d6d\u00fcl T\u00f6reni\u2019nde Siyaset ve Medya Bulu\u015ftu"},"content":{"rendered":"<p>Ba\u011fc\u0131lar Hasan Nail Canat K\u00fclt\u00fcr Merkezi\u2019nde ger\u00e7ekle\u015ftirilen ve Milli Beka Hareketi taraf\u0131ndan d\u00fczenlenen &#8220;Hayata De\u011fer Katanlar \u00d6d\u00fclleri&#8221; gecesi, siyaset ve medya d\u00fcnyas\u0131ndan \u00f6nemli isimleri bir araya getirdi. 26 Nisan&#8217;da d\u00fczenlenen bu prestijli t\u00f6rende, toplumsal duyarl\u0131l\u0131k ve mesleki ba\u015far\u0131lar \u00f6d\u00fcllendirildi.<\/p>\n<p>&nbsp;<\/p>\n<p><strong>\u00a0HALKWEB \/\u00a0<\/strong>\u200bMilli Beka Hareketi Genel Ba\u015fkan\u0131 Ali \u00c7oban ve ekibinin ev sahipli\u011finde d\u00fczenlenen gecede, toplumsal meselelere duyarl\u0131l\u0131k g\u00f6steren isimler onurland\u0131r\u0131ld\u0131. Gecenin en dikkat \u00e7eken \u00f6d\u00fcllerinden biri olan &#8220;Uyu\u015fturucu Ba\u011f\u0131ml\u0131l\u0131\u011f\u0131 ile M\u00fccadele Eden Toplumsal Fark\u0131ndal\u0131k Yaratan Onur \u00d6d\u00fcl\u00fc&#8221;, CHP \u0130stanbul \u0130l \u00c7a\u011fr\u0131 Heyeti Ba\u015fkan\u0131 G\u00fcrsel Tekin\u2019e verildi.<\/p>\n<p>&nbsp;<\/p>\n<p>&nbsp;<\/p>\n<p>&nbsp;<\/p>\n<p><img loading=\"lazy\" decoding=\"async\" class=\"wp-image-285436 alignnone\" src=\"https:\/\/halkweb.com.tr\/wp-content\/uploads\/2026\/04\/whatsapp-image-2026-04-27-at-093104.jpeg\" alt=\"\" width=\"550\" height=\"733\" srcset=\"https:\/\/halkweb.com.tr\/wp-content\/uploads\/2026\/04\/whatsapp-image-2026-04-27-at-093104.jpeg 1536w, https:\/\/halkweb.com.tr\/wp-content\/uploads\/2026\/04\/whatsapp-image-2026-04-27-at-093104-9x12.jpeg 9w, https:\/\/halkweb.com.tr\/wp-content\/uploads\/2026\/04\/whatsapp-image-2026-04-27-at-093104-300x400.jpeg 300w, https:\/\/halkweb.com.tr\/wp-content\/uploads\/2026\/04\/whatsapp-image-2026-04-27-at-093104-696x928.jpeg 696w, https:\/\/halkweb.com.tr\/wp-content\/uploads\/2026\/04\/whatsapp-image-2026-04-27-at-093104-1068x1424.jpeg 1068w\" sizes=\"auto, (max-width: 550px) 100vw, 550px\" \/><\/p>\n<p>&nbsp;<\/p>\n<p><img loading=\"lazy\" decoding=\"async\" class=\"alignnone wp-image-285442\" src=\"https:\/\/halkweb.com.tr\/wp-content\/uploads\/2026\/04\/whatsapp-image-2026-04-27-at-093103.jpeg\" alt=\"\" width=\"584\" height=\"778\" srcset=\"https:\/\/halkweb.com.tr\/wp-content\/uploads\/2026\/04\/whatsapp-image-2026-04-27-at-093103.jpeg 1536w, https:\/\/halkweb.com.tr\/wp-content\/uploads\/2026\/04\/whatsapp-image-2026-04-27-at-093103-9x12.jpeg 9w, https:\/\/halkweb.com.tr\/wp-content\/uploads\/2026\/04\/whatsapp-image-2026-04-27-at-093103-300x400.jpeg 300w, https:\/\/halkweb.com.tr\/wp-content\/uploads\/2026\/04\/whatsapp-image-2026-04-27-at-093103-696x928.jpeg 696w, https:\/\/halkweb.com.tr\/wp-content\/uploads\/2026\/04\/whatsapp-image-2026-04-27-at-093103-1068x1424.jpeg 1068w\" sizes=\"auto, (max-width: 584px) 100vw, 584px\" \/><\/p>\n<p>\u200b<strong>G\u00fcrsel Tekin Ad\u0131na Te\u015fekk\u00fcr Mesaj\u0131<\/strong><\/p>\n<p>\u200b\u0130zmir\u2019deki \u00f6nceden planlanm\u0131\u015f program\u0131 nedeniyle t\u00f6rene kat\u0131lamayan G\u00fcrsel Tekin\u2019in \u00f6d\u00fcl\u00fcn\u00fc, CHP \u0130stanbul \u0130l \u00c7a\u011fr\u0131 Heyeti Ba\u015fkan Yard\u0131mc\u0131s\u0131 Zeki \u015een teslim ald\u0131. \u015een, yapt\u0131\u011f\u0131 konu\u015fmada G\u00fcrsel Tekin\u2019in selamlar\u0131n\u0131 ve te\u015fekk\u00fcrlerini ileterek \u015fu ifadeleri kulland\u0131:<\/p>\n<p>\u200b&#8221;Say\u0131n G\u00fcrsel Tekin ad\u0131na bu \u00f6d\u00fcl\u00fc almaktan b\u00fcy\u00fck mutluluk duyuyorum. G\u00fcrsel Bey\u2019in \u0130zmir\u2019deki program\u0131 nedeniyle aram\u0131zda olamad\u0131\u011f\u0131n\u0131 belirterek, t\u00fcm davetlilere ve bu anlaml\u0131 ortam\u0131 yaratan Milli Beka Hareketi Ba\u015fkan\u0131 Ali \u00c7oban ile ekibine \u015f\u00fckranlar\u0131n\u0131 sunuyorum.&#8221;<\/p>\n<p>&nbsp;<\/p>\n<p><img loading=\"lazy\" decoding=\"async\" class=\"alignnone wp-image-285441\" src=\"https:\/\/halkweb.com.tr\/wp-content\/uploads\/2026\/04\/whatsapp-image-2026-04-27-at-093202-2.jpeg\" alt=\"\" width=\"562\" height=\"659\" srcset=\"https:\/\/halkweb.com.tr\/wp-content\/uploads\/2026\/04\/whatsapp-image-2026-04-27-at-093202-2.jpeg 686w, https:\/\/halkweb.com.tr\/wp-content\/uploads\/2026\/04\/whatsapp-image-2026-04-27-at-093202-2-10x12.jpeg 10w, https:\/\/halkweb.com.tr\/wp-content\/uploads\/2026\/04\/whatsapp-image-2026-04-27-at-093202-2-300x352.jpeg 300w\" sizes=\"auto, (max-width: 562px) 100vw, 562px\" \/><\/p>\n<p><strong>\u200bMedya D\u00fcnyas\u0131nda Ba\u015far\u0131: Dilek Bozkurt\u2019a &#8220;Y\u0131l\u0131n Gazetecisi&#8221; \u00d6d\u00fcl\u00fc<\/strong><\/p>\n<p>\u200bAyn\u0131 gecede medya kategorisinde de anlaml\u0131 bir \u00f6d\u00fcl sahibini buldu. Halkweb Haber Edit\u00f6r\u00fc Dilek Bozkurt, &#8220;2025 Y\u0131l\u0131n\u0131n Ba\u015far\u0131l\u0131 Kad\u0131n Gazeteci&#8221; \u00f6d\u00fcl\u00fcne lay\u0131k g\u00f6r\u00fcld\u00fc. Meslek hayat\u0131ndaki dik duru\u015fu ve ilkeli habercili\u011fiyle tan\u0131nan Bozkurt, \u00f6d\u00fcl t\u00f6reninde yapt\u0131\u011f\u0131 konu\u015fmada gazetecilik eti\u011fine ve ya\u015fad\u0131\u011f\u0131 zorluklara dikkat \u00e7ekti.<\/p>\n<p><strong>\u200bBozkurt, konu\u015fmas\u0131nda \u015fu vurgular\u0131 yapt\u0131:<\/strong><\/p>\n<p>&#8220;Hayata de\u011fer katmak, sorumluluk ve ger\u00e7e\u011fin pe\u015finden gitmeyi gerektirir. \u0130nand\u0131\u011f\u0131m de\u011ferler do\u011frultusunda ger\u00e7ekleri yazmaktan bir an bile vazge\u00e7medim. Kar\u015f\u0131la\u015ft\u0131\u011f\u0131m ambargolara ra\u011fmen emeklerime de\u011fer verip beni bu \u00f6d\u00fcle lay\u0131k g\u00f6rd\u00fc\u011f\u00fcn\u00fcz i\u00e7in te\u015fekk\u00fcr ederim. Mesle\u011fimi ayn\u0131 disiplin ve sevgiyle s\u00fcrd\u00fcrmeye devam edece\u011fim.&#8221;<\/p>\n<p>&nbsp;<\/p>\n<p>&nbsp;<\/p>","protected":false},"excerpt":{"rendered":"<p>Ba\u011fc\u0131lar Hasan Nail Canat K\u00fclt\u00fcr Merkezi\u2019nde ger\u00e7ekle\u015ftirilen ve Milli Beka Hareketi taraf\u0131ndan d\u00fczenlenen &#8220;Hayata De\u011fer Katanlar \u00d6d\u00fclleri&#8221; gecesi, siyaset ve medya d\u00fcnyas\u0131ndan \u00f6nemli isimleri bir araya getirdi. 26 Nisan&#8217;da d\u00fczenlenen bu prestijli t\u00f6rende, toplumsal duyarl\u0131l\u0131k ve mesleki ba\u015far\u0131lar \u00f6d\u00fcllendirildi. &nbsp; \u00a0HALKWEB \/\u00a0\u200bMilli Beka Hareketi Genel Ba\u015fkan\u0131 Ali \u00c7oban ve ekibinin ev sahipli\u011finde d\u00fczenlenen gecede, toplumsal [&hellip;]<\/p>\n","protected":false},"author":49,"featured_media":285435,"comment_status":"closed","ping_status":"closed","sticky":false,"template":"","format":"standard","meta":{"footnotes":""},"categories":[6],"tags":[336,338,337],"class_list":{"0":"post-285433","1":"post","2":"type-post","3":"status-publish","4":"format-standard","5":"has-post-thumbnail","7":"category-kultur-sanat","8":"tag-hayatadegerkatanlar","9":"tag-millibekahareketi","10":"tag-odul"},"_links":{"self":[{"href":"https:\/\/halkweb.com.tr\/en\/wp-json\/wp\/v2\/posts\/285433","targetHints":{"allow":["GET"]}}],"collection":[{"href":"https:\/\/halkweb.com.tr\/en\/wp-json\/wp\/v2\/posts"}],"about":[{"href":"https:\/\/halkweb.com.tr\/en\/wp-json\/wp\/v2\/types\/post"}],"author":[{"embeddable":true,"href":"https:\/\/halkweb.com.tr\/en\/wp-json\/wp\/v2\/users\/49"}],"replies":[{"embeddable":true,"href":"https:\/\/halkweb.com.tr\/en\/wp-json\/wp\/v2\/comments?post=285433"}],"version-history":[{"count":1,"href":"https:\/\/halkweb.com.tr\/en\/wp-json\/wp\/v2\/posts\/285433\/revisions"}],"predecessor-version":[{"id":285443,"href":"https:\/\/halkweb.com.tr\/en\/wp-json\/wp\/v2\/posts\/285433\/revisions\/285443"}],"wp:featuredmedia":[{"embeddable":true,"href":"https:\/\/halkweb.com.tr\/en\/wp-json\/wp\/v2\/media\/285435"}],"wp:attachment":[{"href":"https:\/\/halkweb.com.tr\/en\/wp-json\/wp\/v2\/media?parent=285433"}],"wp:term":[{"taxonomy":"category","embeddable":true,"href":"https:\/\/halkweb.com.tr\/en\/wp-json\/wp\/v2\/categories?post=285433"},{"taxonomy":"post_tag","embeddable":true,"href":"https:\/\/halkweb.com.tr\/en\/wp-json\/wp\/v2\/tags?post=285433"}],"curies":[{"name":"wp","href":"https:\/\/api.w.org\/{rel}","templated":true}]}}