{"id":285401,"date":"2026-04-26T13:51:04","date_gmt":"2026-04-26T13:51:04","guid":{"rendered":"https:\/\/halkweb.com.tr\/?p=285401"},"modified":"2026-04-26T13:51:04","modified_gmt":"2026-04-26T13:51:04","slug":"kilic-artigi-meselesi-hafizanin-yuku","status":"publish","type":"post","link":"https:\/\/halkweb.com.tr\/en\/kilic-artigi-meselesi-hafizanin-yuku\/","title":{"rendered":"K\u0131l\u0131\u00e7 Art\u0131\u011f\u0131 Meselesi: Haf\u0131zan\u0131n Y\u00fck\u00fc"},"content":{"rendered":"<p>Y\u0131llar \u00f6nce Kumkap\u0131\u2019daki Bezciyan Derne\u011fi\u2019nde tan\u0131\u015fm\u0131\u015ft\u0131m onunla.<br \/>\nNam\u0131 di\u011fer Kom\u00fcnist Sarkis\u2026 yani Sarkis \u00c7erkezyan.<\/p>\n<p>Sarkis Usta sadece bir zanaatk\u00e2r de\u011fildi; bu topraklar\u0131n haf\u0131zas\u0131n\u0131 s\u0131rt\u0131nda ta\u015f\u0131yan insanlardan biriydi. Sohbetlerimizden birinde kendisi i\u00e7in \u201ck\u0131l\u0131\u00e7 art\u0131\u011f\u0131y\u0131m\u201d dedi\u011finde ne demek istedi\u011fini tam olarak anlayamam\u0131\u015ft\u0131m. Sormu\u015ftum.<\/p>\n<p>Verdi\u011fi cevap k\u0131sa ama a\u011f\u0131rd\u0131:<br \/>\n\u201cEvlat, dedeni k\u0131l\u0131\u00e7tan ge\u00e7irecek g\u00fc\u00e7leri kalmam\u0131\u015f ki sen ya\u015f\u0131yorsun.\u201d<\/p>\n<p>O g\u00fcn bu s\u00f6z\u00fcn ne kadar derin bir tarihsel y\u00fck ta\u015f\u0131d\u0131\u011f\u0131n\u0131 kavrayamam\u0131\u015ft\u0131m.<\/p>\n<p>Bug\u00fcn ise ayn\u0131 ifade, bir gazeteci taraf\u0131ndan Say\u0131n Kemal K\u0131l\u0131\u00e7daro\u011flu\u2019na y\u00f6nelik bir hakaret olarak kullan\u0131l\u0131yor. \u00dcstelik 24 Nisan\u2019\u0131n hemen sonras\u0131nda\u2026<\/p>\n<p>\u0130\u015fte tam da burada durup d\u00fc\u015f\u00fcnmek gerekiyor.<\/p>\n<p>Bir insan\u0131n kendi kimli\u011fini, kendi tarihsel travmas\u0131n\u0131 anlatmak i\u00e7in kulland\u0131\u011f\u0131 bir ifade ile; ayn\u0131 ifadenin bir ba\u015fkas\u0131na a\u015fa\u011f\u0131lamak amac\u0131yla y\u00f6neltilmesi aras\u0131nda u\u00e7urum vard\u0131r. Sarkis Usta\u2019n\u0131n s\u00f6z\u00fcnde ac\u0131, ironi ve tarih vard\u0131. Bug\u00fcn kullan\u0131lan dilde ise \u00f6fke, cehalet ve y\u00fczle\u015fememe hali var.<\/p>\n<p>\u201cK\u0131l\u0131\u00e7 art\u0131\u011f\u0131\u201d ifadesi, bu co\u011frafyan\u0131n karanl\u0131k bir d\u00f6nemine i\u015faret eder. Bunu bilmeden kullanmak bilgisizliktir; bilerek kullanmak ise \u00e7ok daha a\u011f\u0131r bir sorunun g\u00f6stergesidir.<\/p>\n<p>Daha da d\u00fc\u015f\u00fcnd\u00fcr\u00fcc\u00fc olan ise, bu dilin kendine \u201cCumhuriyet\u201d diyen bir gazetede yer bulabilmesidir. Cumhuriyet sadece bir rejimin ad\u0131 de\u011fildir; ayn\u0131 zamanda bir zihniyet meselesidir. E\u015fit yurtta\u015fl\u0131k, ortak haf\u0131za ve empati \u00fczerine kurulmas\u0131 gerekir.<\/p>\n<p>Ama g\u00f6r\u00fcyoruz ki, aradan ge\u00e7en onca y\u0131la ra\u011fmen h\u00e2l\u00e2 \u201c\u00f6teki\u201dni a\u015fa\u011f\u0131layan, ge\u00e7mi\u015fin ac\u0131lar\u0131n\u0131 ink\u00e2r eden ve dili bir silah gibi kullanan bir anlay\u0131\u015f varl\u0131\u011f\u0131n\u0131 s\u00fcrd\u00fcr\u00fcyor.<\/p>\n<p>Cumhuriyet kurulmu\u015f olabilir.<br \/>\nAma toplum olabilmek, h\u00e2l\u00e2 tamamlanmam\u0131\u015f bir mesele olarak kar\u015f\u0131m\u0131zda duruyor.<\/p>\n<p>Ve belki de en \u00e7ok bu y\u00fczden, Sarkis Usta\u2019n\u0131n o c\u00fcmlesi h\u00e2l\u00e2 kulaklar\u0131m\u0131zda yank\u0131lan\u0131yor.<\/p>","protected":false},"excerpt":{"rendered":"<p>\u201cK\u0131l\u0131\u00e7 art\u0131\u011f\u0131\u201d ifadesi, bu co\u011frafyan\u0131n karanl\u0131k bir d\u00f6nemine i\u015faret eder. Bunu bilmeden kullanmak bilgisizliktir; bilerek kullanmak ise \u00e7ok daha a\u011f\u0131r bir sorunun g\u00f6stergesidir.<\/p>","protected":false},"author":44,"featured_media":285402,"comment_status":"closed","ping_status":"closed","sticky":false,"template":"","format":"standard","meta":{"footnotes":""},"categories":[286],"tags":[289],"class_list":{"0":"post-285401","1":"post","2":"type-post","3":"status-publish","4":"format-standard","5":"has-post-thumbnail","7":"category-yazarlar","8":"tag-manset"},"_links":{"self":[{"href":"https:\/\/halkweb.com.tr\/en\/wp-json\/wp\/v2\/posts\/285401","targetHints":{"allow":["GET"]}}],"collection":[{"href":"https:\/\/halkweb.com.tr\/en\/wp-json\/wp\/v2\/posts"}],"about":[{"href":"https:\/\/halkweb.com.tr\/en\/wp-json\/wp\/v2\/types\/post"}],"author":[{"embeddable":true,"href":"https:\/\/halkweb.com.tr\/en\/wp-json\/wp\/v2\/users\/44"}],"replies":[{"embeddable":true,"href":"https:\/\/halkweb.com.tr\/en\/wp-json\/wp\/v2\/comments?post=285401"}],"version-history":[{"count":1,"href":"https:\/\/halkweb.com.tr\/en\/wp-json\/wp\/v2\/posts\/285401\/revisions"}],"predecessor-version":[{"id":285403,"href":"https:\/\/halkweb.com.tr\/en\/wp-json\/wp\/v2\/posts\/285401\/revisions\/285403"}],"wp:featuredmedia":[{"embeddable":true,"href":"https:\/\/halkweb.com.tr\/en\/wp-json\/wp\/v2\/media\/285402"}],"wp:attachment":[{"href":"https:\/\/halkweb.com.tr\/en\/wp-json\/wp\/v2\/media?parent=285401"}],"wp:term":[{"taxonomy":"category","embeddable":true,"href":"https:\/\/halkweb.com.tr\/en\/wp-json\/wp\/v2\/categories?post=285401"},{"taxonomy":"post_tag","embeddable":true,"href":"https:\/\/halkweb.com.tr\/en\/wp-json\/wp\/v2\/tags?post=285401"}],"curies":[{"name":"wp","href":"https:\/\/api.w.org\/{rel}","templated":true}]}}