{"id":285385,"date":"2026-04-26T04:57:05","date_gmt":"2026-04-26T04:57:05","guid":{"rendered":"https:\/\/halkweb.com.tr\/?p=285385"},"modified":"2026-04-26T04:57:05","modified_gmt":"2026-04-26T04:57:05","slug":"kilic-artigi-dediginiz-kim","status":"publish","type":"post","link":"https:\/\/halkweb.com.tr\/en\/kilic-artigi-dediginiz-kim\/","title":{"rendered":"\u201cK\u0131l\u0131\u00e7 Art\u0131\u011f\u0131\u201d Dedi\u011finiz Kim?"},"content":{"rendered":"<p>Sosyal medyada, kendine atat\u00fcrkc\u00fc cumhuriyetci laik diyen asl\u0131nda maskeyi kald\u0131r\u0131nca i\u015fid teroristyinden hallice olan alevi d\u00fc\u015fmanlar\u0131 fa\u015fistler var<br \/>\nmahalle aralar\u0131nda, hatta baz\u0131 televizyon ekranlar\u0131nda dola\u015fan bir hakaret le \u201cK\u0131l\u0131\u00e7 art\u0131\u011f\u0131.\u201d s\u00f6z\u00fcn\u00fc kulanm\u0131\u015f bu az geli\u015fmi\u015f primat<br \/>\nPeki, bu hakaret kime y\u00f6nelik? Can\u0131na, inanc\u0131na ve bu topraklara bin y\u0131ld\u0131r ba\u011fl\u0131l\u0131\u011f\u0131yla bilinen Alevilere.<\/p>\n<p>Kimdir bu \u201ck\u0131l\u0131\u00e7 art\u0131\u011f\u0131\u201d denilenler?<\/p>\n<p>Onlar; Anadolu\u2019nun mayas\u0131, Horasan\u2019\u0131n nefesi, Pir Sultan\u2019\u0131n s\u00f6z\u00fc, Nesimi\u2019nin tenine i\u015flenen \u015fiirdir.<br \/>\nOnlar; 1514\u2019te \u00c7ald\u0131ran\u2019da yak\u0131lan ocaklar, 16. y\u00fczy\u0131lda Yavuz\u2019un ferman\u0131yla \u201cK\u0131z\u0131lba\u015f\u201d diye kuyulara at\u0131lan 40 bin cand\u0131r.<br \/>\nAncak as\u0131l mesele yak\u0131n tarihtir.<\/p>\n<p><strong>Mara\u015f 1978:<\/strong> 7 mahallede evler bas\u0131ld\u0131, insanlar i\u015f yerlerinde, camilerin \u00f6n\u00fcnde, evlerinin balkonlar\u0131nda kur\u015funa dizildi. Resm\u00ee rakam 106, gayriresm\u00ee rakam ise \u00e7ok daha fazlas\u0131n\u0131 s\u00f6yl\u00fcyor. O gece do\u011fan \u00e7ocuklara \u201cMara\u015f\u2019\u0131n yetimi\u201d dendi.<\/p>\n<p><strong>\u00c7orum 1980:<\/strong> Se\u00e7imden bir g\u00fcn \u00f6nce ba\u015flayan k\u0131y\u0131m, 57 can ald\u0131. Cenazeler topluca kald\u0131r\u0131ld\u0131, kimse sahip \u00e7\u0131kmad\u0131. Yaral\u0131lar hastanelerde tehdit edildi.<\/p>\n<p><strong>Sivas 1978:<\/strong> Evet, yanl\u0131\u015f duymad\u0131n\u0131z. Sivas\u2019ta 2 Temmuz 1993\u2019ten tam 15 y\u0131l \u00f6nce, 4 Eyl\u00fcl 1978\u2019de ba\u015fka bir katliam daha ya\u015fand\u0131. D\u00f6nemin \u201csa\u011f-sol \u00e7at\u0131\u015fmas\u0131\u201d denen kirli oyununun bir par\u00e7as\u0131 olarak, Sivas merkezde 11 Alevi can\u0131 daha hedef al\u0131nd\u0131 ve \u00f6ld\u00fcr\u00fcld\u00fc. \u015eehir \u00e2deta sava\u015f alan\u0131na \u00e7evrildi. Bu olay, 15 y\u0131l sonra gelecek yang\u0131n\u0131n habercisi gibiydi: Devletin ya g\u00f6z yumdu\u011fu ya da m\u00fcdahale etmekte ge\u00e7 kald\u0131\u011f\u0131 bir provokasyon.<\/p>\n<p><strong>Sivas 1993 (Mad\u0131mak):<\/strong> 2 Temmuz\u2019da Pir Sultan Abdal \u015eenlikleri\u2019ne kat\u0131lan 33 ayd\u0131n ve 2 otel \u00e7al\u0131\u015fan\u0131, radikal \u0130slamc\u0131 bir kalabal\u0131k taraf\u0131ndan Mad\u0131mak Oteli\u2019nde diri diri yak\u0131ld\u0131. \u201c\u015eeytan Aziz!\u201d, \u201cCehennem ate\u015fi i\u015fte!\u201d diye ba\u011f\u0131ranlar\u0131n aras\u0131nda \u00e7ocuklar da vard\u0131, kom\u015fular da. Metin Alt\u0131ok, Hasret G\u00fcltekin, Muhlis Akarsu, As\u0131m Bezirci\u2026 \u015eairler, yazarlar ve daha 12 ya\u015f\u0131nda bir \u00e7ocuk: Koray Kaya. O g\u00fcn d\u00f6nemin Ba\u015fbakan\u0131 Tansu \u00c7iller, \u201c\u00c7ok \u015f\u00fck\u00fcr, otel d\u0131\u015f\u0131ndaki halk\u0131m\u0131z bir zarar g\u00f6rmemi\u015ftir\u201d diyecekti.<\/p>\n<p><strong>Gazi Mahallesi 1995:<\/strong> Bir kahvehaneye at\u0131lan bombayla ba\u015flayan provokasyon, iki g\u00fcn s\u00fcren silahl\u0131 sald\u0131r\u0131ya d\u00f6n\u00fc\u015ft\u00fc. 17 ki\u015fi \u00f6ld\u00fc, y\u00fczlerce ki\u015fi yaraland\u0131.<\/p>\n<p>\u201cK\u0131l\u0131\u00e7 art\u0131\u011f\u0131\u201d dedi\u011finiz i\u015fte bu insanlard\u0131r.<\/p>\n<p>Onlar; Sivas\u2019ta 1978\u2019de s\u0131rt\u0131ndan vurulup kald\u0131r\u0131ma y\u0131\u011f\u0131lanlar,<br \/>\nSivas\u2019ta 1993\u2019te duman alt\u0131nda kalan canlar,<br \/>\nMara\u015f\u2019ta evinde bas\u0131lan analar,<br \/>\n\u00c7orum\u2019da kimsesiz kalan bebekler,<br \/>\nGazi\u2019de kahvesinde otururken \u00f6ld\u00fcr\u00fclenler ve Alevilere y\u00f6nelik katliam\u0131 protesto eden emek\u00e7ilerdir.<\/p>\n<p>Bunlar yaln\u0131zca birer ac\u0131 olay de\u011fil; ayn\u0131 zamanda birer bedel \u00f6deyerek inanc\u0131n\u0131 koruyan cesur insanlar\u0131n hik\u00e2yesidir.<\/p>\n<p>Bug\u00fcn o katliamlar\u0131n \u00fczerinden y\u0131llar ge\u00e7ti. Ama ne adalet tam anlam\u0131yla sa\u011fland\u0131 ne de t\u00fcm failler yarg\u0131 \u00f6n\u00fcne \u00e7\u0131kar\u0131ld\u0131. Sivas 1993 davas\u0131 2012\u2019de zamana\u015f\u0131m\u0131na u\u011frad\u0131. Mara\u015f\u2019\u0131n raporlar\u0131 h\u00e2l\u00e2 \u201cs\u0131r\u201d. \u00c7orum\u2019da \u00f6ld\u00fcr\u00fclenlerin \u00e7o\u011fu \u201cbilinmeyen fail\u201d.<\/p>\n<p>Dolay\u0131s\u0131yla \u201ck\u0131l\u0131\u00e7 art\u0131\u011f\u0131\u201d diyenlere soruyorum: Bu kadar ac\u0131y\u0131, bu kadar direnci, bu kadar haf\u0131zay\u0131 \u201cart\u0131k\u201d sayacak kadar vurdumduymaz olmak hangi cesarettir?<\/p>\n<p>Aleviler, bu \u00fclkenin bir par\u00e7as\u0131 olman\u0131n bedelini \u00e7o\u011fu zaman di\u011ferlerinden \u00e7ok daha a\u011f\u0131r \u00f6demi\u015f bir kitledir. Ama onlar \u201cart\u0131k\u201d de\u011fildir. Onlar bu milletin etinden, kemi\u011finden, nefesinden bir par\u00e7ad\u0131r.<\/p>\n<p>\u201cK\u0131l\u0131\u00e7 art\u0131\u011f\u0131\u201d diyen, asl\u0131nda kendi tarihini art\u0131klam\u0131\u015ft\u0131r. \u00c7\u00fcnk\u00fc bu co\u011frafyada hakaret edilen de\u011fil, bedel \u00f6deyen ba\u011f\u0131\u015flan\u0131r. Ve bedel \u00f6deyenlerin ad\u0131, ancak faillerin unutuldu\u011fu bir tarihte yeniden hat\u0131rlan\u0131r.<\/p>\n<p>O tarih hen\u00fcz gelmedi. Ama gelecek.<\/p>\n<p>Ve o g\u00fcn \u201ck\u0131l\u0131\u00e7 art\u0131\u011f\u0131\u201d diye seslenenler de\u011fil; Sivas\u2019ta 1978 ve 1993\u2019te katledilenler, Mara\u015f\u2019ta kur\u015funa y\u00fcr\u00fcyen analar, Gazi ve \u00dcmraniye\u2019de direnen gen\u00e7ler hat\u0131rlanacak.<\/p>\n<p>Hat\u0131rlan\u0131yor da.<\/p>\n<p>Ancak kendini Cumhuriyet\u00e7i, Atat\u00fcrk\u00e7\u00fc, sek\u00fcler maskesiyle gizleyerek Alevilere \u201ck\u0131l\u0131\u00e7 art\u0131\u011f\u0131\u201d diyenler \u2014 maymun soylu ideolojisi para olan fahi\u015feler, I\u015e\u0130D ile ayn\u0131 zihniyeti payla\u015f\u0131p sek\u00fcler maske takan fa\u015fist fahi\u015feler \u2014 bilin ki bu \u00fclkede as\u0131l art\u0131k olan sizlersiniz.<\/p>","protected":false},"excerpt":{"rendered":"<p>\u201cK\u0131l\u0131\u00e7 art\u0131\u011f\u0131\u201d diyen, asl\u0131nda kendi tarihini art\u0131klam\u0131\u015ft\u0131r. \u00c7\u00fcnk\u00fc bu co\u011frafyada hakaret edilen de\u011fil, bedel \u00f6deyen ba\u011f\u0131\u015flan\u0131r. Ve bedel \u00f6deyenlerin ad\u0131, ancak faillerin unutuldu\u011fu bir tarihte yeniden hat\u0131rlan\u0131r.<\/p>","protected":false},"author":53,"featured_media":285386,"comment_status":"closed","ping_status":"closed","sticky":false,"template":"","format":"standard","meta":{"footnotes":""},"categories":[286],"tags":[289],"class_list":{"0":"post-285385","1":"post","2":"type-post","3":"status-publish","4":"format-standard","5":"has-post-thumbnail","7":"category-yazarlar","8":"tag-manset"},"_links":{"self":[{"href":"https:\/\/halkweb.com.tr\/en\/wp-json\/wp\/v2\/posts\/285385","targetHints":{"allow":["GET"]}}],"collection":[{"href":"https:\/\/halkweb.com.tr\/en\/wp-json\/wp\/v2\/posts"}],"about":[{"href":"https:\/\/halkweb.com.tr\/en\/wp-json\/wp\/v2\/types\/post"}],"author":[{"embeddable":true,"href":"https:\/\/halkweb.com.tr\/en\/wp-json\/wp\/v2\/users\/53"}],"replies":[{"embeddable":true,"href":"https:\/\/halkweb.com.tr\/en\/wp-json\/wp\/v2\/comments?post=285385"}],"version-history":[{"count":1,"href":"https:\/\/halkweb.com.tr\/en\/wp-json\/wp\/v2\/posts\/285385\/revisions"}],"predecessor-version":[{"id":285387,"href":"https:\/\/halkweb.com.tr\/en\/wp-json\/wp\/v2\/posts\/285385\/revisions\/285387"}],"wp:featuredmedia":[{"embeddable":true,"href":"https:\/\/halkweb.com.tr\/en\/wp-json\/wp\/v2\/media\/285386"}],"wp:attachment":[{"href":"https:\/\/halkweb.com.tr\/en\/wp-json\/wp\/v2\/media?parent=285385"}],"wp:term":[{"taxonomy":"category","embeddable":true,"href":"https:\/\/halkweb.com.tr\/en\/wp-json\/wp\/v2\/categories?post=285385"},{"taxonomy":"post_tag","embeddable":true,"href":"https:\/\/halkweb.com.tr\/en\/wp-json\/wp\/v2\/tags?post=285385"}],"curies":[{"name":"wp","href":"https:\/\/api.w.org\/{rel}","templated":true}]}}