{"id":284858,"date":"2026-04-08T16:10:49","date_gmt":"2026-04-08T16:10:49","guid":{"rendered":"https:\/\/halkweb.com.tr\/?p=284858"},"modified":"2026-04-08T16:10:49","modified_gmt":"2026-04-08T16:10:49","slug":"wolves-valley-debate-flares-up-selcuk-yontem-speaks-zafer-erginins-words-are-back-on-the-agenda","status":"publish","type":"post","link":"https:\/\/halkweb.com.tr\/en\/wolves-valley-debate-flares-up-selcuk-yontem-speaks-zafer-erginins-words-are-back-on-the-agenda\/","title":{"rendered":"The Valley of the Wolves Debate Flared Up: Sel\u00e7uk Y\u00f6ntem Spoke, Zafer Ergin's Words Became a Hot Topic Again!"},"content":{"rendered":"<p>Valley of the Wolves, one of the most phenomenal productions in the history of Turkish television, continues to be discussed for its social impact even years after its finale. Two veterans of the series, Sel\u00e7uk Y\u00f6ntem and Zafer Ergin's critical approaches to the project sparked a new debate on social media.<\/p>\n<p>&nbsp;<\/p>\n<p><strong>Sel\u00e7uk Y\u00f6ntem \u201cIt Left Negative Traces on Young People\u201d<\/strong><\/p>\n<p>The master actor who is remembered for his character \u2018Aslan Akbey\u2019 in the series <strong>Sel\u00e7uk Y\u00f6ntem<\/strong>, In a program he recently participated in, Y\u00f6ntem drew attention to the sociological effects of the series. While stating that the light it shed on state-mafia relations in the early stages of the project was valuable, Y\u00f6ntem made a self-criticism:<\/p>\n<p><em>\u201dThe lack of punishment for criminals and the presentation of violence as a solution may have had a negative impact on young people.\u201d<\/em><\/p>\n<p><strong>Zafer Ergin: \u201cI quit because it was harmful\u201d<\/strong><\/p>\n<p>Sel\u00e7uk Y\u00f6ntem's exit brought to mind another master name <strong>Zafer Ergin<\/strong>\u2019s striking statements made years ago. Ergin, who gave life to the character of \u2018Baron Mehmet Karahanl\u0131\u2019 in the series, attributed the reason for leaving the project when he was at the top to his \u201cprinciples\u201d.<\/p>\n<p>&nbsp;<\/p>\n<p>Ergin had used the following statements in an interview he gave just before he started the Arka Sokaklar series:<\/p>\n<p><strong>\u201dI quit because I found it harmful:\u201d<\/strong> \u201cI left the Valley of the Wolves because it led to bad habits and harmed society, and there were very sympathetic financial offers for me to continue.\u201d<br \/>\n<strong>\u201dTelevision is a great weapon:\u201d<\/strong> Stating that his fellow actors criticized his decision to leave due to high earnings, Ergin said, \u201cI have principles. The power of television over society is undeniable, this weapon should be used correctly,\u201d he said, clarifying his stance.<\/p>\n<p>&nbsp;<\/p>\n<p><strong>Social Media Divided<\/strong><\/p>\n<p>The criticisms of the two veteran actors, who met at the same point after years, divided the viewers into two. While some argued that the series was a work of art reflecting the realities of a period, others agreed with Y\u00f6ntem and Ergin's concerns about \u201csocial corruption\u201d.<\/p>\n<p>&nbsp;<\/p>\n<p>News Editor Dilek Bozkurt<\/p>","protected":false},"excerpt":{"rendered":"<p>T\u00fcrk televizyon tarihinin en fenomen yap\u0131mlar\u0131ndan biri olan Kurtlar Vadisi, finalinin \u00fczerinden y\u0131llar ge\u00e7mesine ra\u011fmen toplumsal etkisiyle tart\u0131\u015f\u0131lmaya devam ediyor. Dizinin iki usta ismi Sel\u00e7uk Y\u00f6ntem ve Zafer Ergin\u2019in projeye y\u00f6nelik ele\u015ftirel yakla\u015f\u0131mlar\u0131, sosyal medyada yeni bir tart\u0131\u015fman\u0131n fitilini ate\u015fledi. &nbsp; Sel\u00e7uk Y\u00f6ntem: &#8220;Gen\u00e7ler \u00dczerinde Olumsuz \u0130zler B\u0131rakt\u0131&#8221; \u200bDizide canland\u0131rd\u0131\u011f\u0131 &#8216;Aslan Akbey&#8217; karakteriyle haf\u0131zalara kaz\u0131nan [&hellip;]<\/p>\n","protected":false},"author":49,"featured_media":284859,"comment_status":"closed","ping_status":"closed","sticky":false,"template":"","format":"standard","meta":{"footnotes":""},"categories":[7],"tags":[318,321,319,314,320],"class_list":{"0":"post-284858","1":"post","2":"type-post","3":"status-publish","4":"format-standard","5":"has-post-thumbnail","7":"category-yasam","8":"tag-kurtlar-vadisi","9":"tag-magazin","10":"tag-selcuk-yontem","11":"tag-son-dakika","12":"tag-zafer-ergin"},"_links":{"self":[{"href":"https:\/\/halkweb.com.tr\/en\/wp-json\/wp\/v2\/posts\/284858","targetHints":{"allow":["GET"]}}],"collection":[{"href":"https:\/\/halkweb.com.tr\/en\/wp-json\/wp\/v2\/posts"}],"about":[{"href":"https:\/\/halkweb.com.tr\/en\/wp-json\/wp\/v2\/types\/post"}],"author":[{"embeddable":true,"href":"https:\/\/halkweb.com.tr\/en\/wp-json\/wp\/v2\/users\/49"}],"replies":[{"embeddable":true,"href":"https:\/\/halkweb.com.tr\/en\/wp-json\/wp\/v2\/comments?post=284858"}],"version-history":[{"count":1,"href":"https:\/\/halkweb.com.tr\/en\/wp-json\/wp\/v2\/posts\/284858\/revisions"}],"predecessor-version":[{"id":284860,"href":"https:\/\/halkweb.com.tr\/en\/wp-json\/wp\/v2\/posts\/284858\/revisions\/284860"}],"wp:featuredmedia":[{"embeddable":true,"href":"https:\/\/halkweb.com.tr\/en\/wp-json\/wp\/v2\/media\/284859"}],"wp:attachment":[{"href":"https:\/\/halkweb.com.tr\/en\/wp-json\/wp\/v2\/media?parent=284858"}],"wp:term":[{"taxonomy":"category","embeddable":true,"href":"https:\/\/halkweb.com.tr\/en\/wp-json\/wp\/v2\/categories?post=284858"},{"taxonomy":"post_tag","embeddable":true,"href":"https:\/\/halkweb.com.tr\/en\/wp-json\/wp\/v2\/tags?post=284858"}],"curies":[{"name":"wp","href":"https:\/\/api.w.org\/{rel}","templated":true}]}}