{"id":282855,"date":"2026-02-19T22:25:51","date_gmt":"2026-02-19T22:25:51","guid":{"rendered":"https:\/\/halkweb.com.tr\/?p=282855"},"modified":"2026-02-19T22:25:51","modified_gmt":"2026-02-19T22:25:51","slug":"adalet-ve-icisleri-bakan-yardimcilari-degisti-5-ile-yeni-vali-atandi","status":"publish","type":"post","link":"https:\/\/halkweb.com.tr\/en\/adalet-ve-icisleri-bakan-yardimcilari-degisti-5-ile-yeni-vali-atandi\/","title":{"rendered":"Deputy ministers of Justice and Interior changed, new governors appointed in 5 provinces"},"content":{"rendered":"<p>Adalet Bakanl\u0131\u011f\u0131 ve \u0130\u00e7i\u015fleri Bakanl\u0131\u011f\u0131 bakan yard\u0131mc\u0131l\u0131klar\u0131na ili\u015fkin atama ve g\u00f6revden alma kararlar\u0131 Resmi Gazete&#8217;de yay\u0131mland\u0131.<\/p>\n<p>Cumhurba\u015fkan\u0131 Recep Tayyip Erdo\u011fan&#8217;\u0131n imzas\u0131yla yay\u0131mlanan kararlara g\u00f6re, 3 say\u0131l\u0131 Cumhurba\u015fkanl\u0131\u011f\u0131 Kararnamesinin 2, 3 ve 4&#8217;\u00fcnc\u00fc maddeleri gere\u011fince Adalet Bakanl\u0131\u011f\u0131 Bakan Yard\u0131mc\u0131s\u0131 Ramazan Can, Hur\u015fit Y\u0131ld\u0131r\u0131m, Mehmet Y\u0131lmaz ve Niyazi Acar g\u00f6revden al\u0131nd\u0131.<\/p>\n<p>Kararla, Adalet Bakanl\u0131\u011f\u0131 Bakan Yard\u0131mc\u0131l\u0131\u011f\u0131na Abdullah Aydo\u011fdu, Burak Ceyhan, Can Tuncay ve Sedat Ayy\u0131ld\u0131z getirildi.<\/p>\n<p><img loading=\"lazy\" decoding=\"async\" class=\"alignnone size-full wp-image-282856\" src=\"https:\/\/halkweb.com.tr\/wp-content\/uploads\/2026\/02\/1.jpeg\" alt=\"\" width=\"1290\" height=\"1370\" srcset=\"https:\/\/halkweb.com.tr\/wp-content\/uploads\/2026\/02\/1.jpeg 1290w, https:\/\/halkweb.com.tr\/wp-content\/uploads\/2026\/02\/1-11x12.jpeg 11w, https:\/\/halkweb.com.tr\/wp-content\/uploads\/2026\/02\/1-300x319.jpeg 300w, https:\/\/halkweb.com.tr\/wp-content\/uploads\/2026\/02\/1-696x739.jpeg 696w, https:\/\/halkweb.com.tr\/wp-content\/uploads\/2026\/02\/1-1068x1134.jpeg 1068w\" sizes=\"auto, (max-width: 1290px) 100vw, 1290px\" \/> <img loading=\"lazy\" decoding=\"async\" class=\"alignnone size-medium wp-image-282857\" src=\"https:\/\/halkweb.com.tr\/wp-content\/uploads\/2026\/02\/2.jpg\" alt=\"\" width=\"1290\" height=\"1406\" srcset=\"https:\/\/halkweb.com.tr\/wp-content\/uploads\/2026\/02\/2.jpg 1290w, https:\/\/halkweb.com.tr\/wp-content\/uploads\/2026\/02\/2-11x12.jpg 11w, https:\/\/halkweb.com.tr\/wp-content\/uploads\/2026\/02\/2-300x327.jpg 300w, https:\/\/halkweb.com.tr\/wp-content\/uploads\/2026\/02\/2-696x759.jpg 696w, https:\/\/halkweb.com.tr\/wp-content\/uploads\/2026\/02\/2-1068x1164.jpg 1068w\" sizes=\"auto, (max-width: 1290px) 100vw, 1290px\" \/><\/p>\n<p>Kararla, \u0130\u00e7i\u015fleri Bakanl\u0131\u011f\u0131 Bakan Yard\u0131mc\u0131s\u0131 M\u00fcnir Karalo\u011flu, Mehmet Sa\u011flam ve Mehmet Akta\u015f g\u00f6revden al\u0131n\u0131rken yerlerine, Hakkari Valisi Ali \u00c7elik, Afyonkarahisar Valisi K\u00fcbra G\u00fcran Yi\u011fitba\u015f\u0131 ve Mehmet Cangir&#8217;in atamas\u0131 yap\u0131ld\u0131.<\/p>\n<p>Afyonkarahisar Valili\u011fine <strong>U\u015fak<\/strong> Valisi Naci Akta\u015f, <strong>Hakkari<\/strong> Valili\u011fine N\u00fcfus ve Vatanda\u015fl\u0131k \u0130\u015fleri Genel M\u00fcd\u00fcr\u00fc \u0130brahim Ta\u015fyapan, U\u015fak Valili\u011fine Destek Hizmetleri Dairesi Ba\u015fkan\u0131 Serdar Kartal, <strong>Erzurum<\/strong> Valili\u011fine G\u00fcm\u00fc\u015fhane Valisi Ayd\u0131n Baru\u015f,<strong> G\u00fcm\u00fc\u015fhane<\/strong> Valili\u011fine Vali-M\u00fclkiye Ba\u015fm\u00fcfetti\u015fi Cevdet Atay atand\u0131.<\/p>\n<p>Ayr\u0131ca karar ile birlikte H\u00fcseyin Kaptan\u2019\u0131n Gaziantep Vali Yard\u0131mc\u0131s\u0131 iken \u015eanl\u0131urfa-Ceylanp\u0131nar Kaymakaml\u0131\u011f\u0131na atanmas\u0131na dair h\u00fck\u00fcm iptal edilirken, 160 ismin ise g\u00f6rev yerleri de\u011fi\u015fti.<\/p>","protected":false},"excerpt":{"rendered":"<p>Abdullah Aydo\u011fdu, Burak Ceyhan, Can Tuncay, Sedat Ayy\u0131ld\u0131z were appointed as Deputy Ministers of the Ministry of Justice. Hakkari Governor Ali \u00c7elik, Afyonkarahisar Governor K\u00fcbra G\u00fcran Yi\u011fitba\u015f\u0131 and Mehmet Cangir were appointed as Deputy Ministers of the Ministry of Interior.<\/p>","protected":false},"author":3,"featured_media":282858,"comment_status":"closed","ping_status":"closed","sticky":false,"template":"","format":"standard","meta":{"footnotes":""},"categories":[2],"tags":[289],"class_list":{"0":"post-282855","1":"post","2":"type-post","3":"status-publish","4":"format-standard","5":"has-post-thumbnail","7":"category-gundem","8":"tag-manset"},"_links":{"self":[{"href":"https:\/\/halkweb.com.tr\/en\/wp-json\/wp\/v2\/posts\/282855","targetHints":{"allow":["GET"]}}],"collection":[{"href":"https:\/\/halkweb.com.tr\/en\/wp-json\/wp\/v2\/posts"}],"about":[{"href":"https:\/\/halkweb.com.tr\/en\/wp-json\/wp\/v2\/types\/post"}],"author":[{"embeddable":true,"href":"https:\/\/halkweb.com.tr\/en\/wp-json\/wp\/v2\/users\/3"}],"replies":[{"embeddable":true,"href":"https:\/\/halkweb.com.tr\/en\/wp-json\/wp\/v2\/comments?post=282855"}],"version-history":[{"count":1,"href":"https:\/\/halkweb.com.tr\/en\/wp-json\/wp\/v2\/posts\/282855\/revisions"}],"predecessor-version":[{"id":282859,"href":"https:\/\/halkweb.com.tr\/en\/wp-json\/wp\/v2\/posts\/282855\/revisions\/282859"}],"wp:featuredmedia":[{"embeddable":true,"href":"https:\/\/halkweb.com.tr\/en\/wp-json\/wp\/v2\/media\/282858"}],"wp:attachment":[{"href":"https:\/\/halkweb.com.tr\/en\/wp-json\/wp\/v2\/media?parent=282855"}],"wp:term":[{"taxonomy":"category","embeddable":true,"href":"https:\/\/halkweb.com.tr\/en\/wp-json\/wp\/v2\/categories?post=282855"},{"taxonomy":"post_tag","embeddable":true,"href":"https:\/\/halkweb.com.tr\/en\/wp-json\/wp\/v2\/tags?post=282855"}],"curies":[{"name":"wp","href":"https:\/\/api.w.org\/{rel}","templated":true}]}}