{"id":279003,"date":"2024-11-18T12:29:06","date_gmt":"2024-11-18T12:29:06","guid":{"rendered":"https:\/\/halkweb.com.tr\/?p=279003"},"modified":"2024-11-18T12:29:06","modified_gmt":"2024-11-18T12:29:06","slug":"kilicdaroglu-to-personally-attend-hearing-in-case-filed-on-erdogans-complaint","status":"publish","type":"post","link":"https:\/\/halkweb.com.tr\/en\/kilicdaroglu-to-personally-attend-hearing-in-case-filed-on-erdogans-complaint\/","title":{"rendered":"K\u0131l\u0131\u00e7daro\u011flu will personally attend the hearing in the case filed by Erdo\u011fan's complaint"},"content":{"rendered":"<p>A summons was issued against Kemal K\u0131l\u0131\u00e7daro\u011flu, the 7th CHP chairman, in a lawsuit filed by President Erdo\u011fan's former lawyer. K\u0131l\u0131\u00e7daro\u011flu will attend the hearing in person.<\/p>\n<blockquote class=\"twitter-tweet\">\n<p dir=\"ltr\" lang=\"tr\">Upon the complaint of Erdogan, who was uncomfortable with the expression of the realities of corruption, the Prosecutor's Offices took action and filed lawsuits against our President Kemal Kilicdaroglu demanding imprisonment and political ban!<\/p>\n<p>November 22 at 14:00 Ankara<\/p>\n<p>- Celal \u00c7EL\u0130K (@CelikBaskan06) <a href=\"https:\/\/twitter.com\/CelikBaskan06\/status\/1858481983455645781?ref_src=twsrc%5Etfw\" target=\"_blank\" rel=\"noopener\">November 18, 2024<\/a><\/p><\/blockquote>\n<p><script async src=\"https:\/\/platform.twitter.com\/widgets.js\" charset=\"utf-8\"><\/script><br \/>\nIstanbul 48th Criminal Court of First Instance issued a summons against Kemal K\u0131l\u0131\u00e7daro\u011flu, the 7th chairman of the Republican People's Party (CHP), for allegedly insulting Mustafa Do\u011fan \u0130nal, former lawyer of President Recep Tayyip Erdo\u011fan.<\/p>\n<h3>He will attend the hearing and make a defense<\/h3>\n<p>Kemal K\u0131l\u0131\u00e7daro\u011flu will personally attend the hearing to be held at the Ankara 57th Criminal Court of First Instance on Friday, November 22 and will present his defense.<\/p>\n<p>11 years and 8 months in prison and a political ban, K\u0131l\u0131\u00e7daro\u011flu will once again present the corruption allegations he had previously raised before the court with documents.<\/p>","protected":false},"excerpt":{"rendered":"<p>A summons was issued against Kemal K\u0131l\u0131\u00e7daro\u011flu, the 7th CHP chairman, in a lawsuit filed by President Erdo\u011fan's former lawyer. K\u0131l\u0131\u00e7daro\u011flu will attend the hearing in person.<\/p>","protected":false},"author":3,"featured_media":279004,"comment_status":"closed","ping_status":"closed","sticky":false,"template":"","format":"standard","meta":{"footnotes":""},"categories":[285],"tags":[15,78],"class_list":{"0":"post-279003","1":"post","2":"type-post","3":"status-publish","4":"format-standard","5":"has-post-thumbnail","7":"category-politika","8":"tag-chp","9":"tag-kemal-kilicdaroglu"},"_links":{"self":[{"href":"https:\/\/halkweb.com.tr\/en\/wp-json\/wp\/v2\/posts\/279003","targetHints":{"allow":["GET"]}}],"collection":[{"href":"https:\/\/halkweb.com.tr\/en\/wp-json\/wp\/v2\/posts"}],"about":[{"href":"https:\/\/halkweb.com.tr\/en\/wp-json\/wp\/v2\/types\/post"}],"author":[{"embeddable":true,"href":"https:\/\/halkweb.com.tr\/en\/wp-json\/wp\/v2\/users\/3"}],"replies":[{"embeddable":true,"href":"https:\/\/halkweb.com.tr\/en\/wp-json\/wp\/v2\/comments?post=279003"}],"version-history":[{"count":1,"href":"https:\/\/halkweb.com.tr\/en\/wp-json\/wp\/v2\/posts\/279003\/revisions"}],"predecessor-version":[{"id":279005,"href":"https:\/\/halkweb.com.tr\/en\/wp-json\/wp\/v2\/posts\/279003\/revisions\/279005"}],"wp:featuredmedia":[{"embeddable":true,"href":"https:\/\/halkweb.com.tr\/en\/wp-json\/wp\/v2\/media\/279004"}],"wp:attachment":[{"href":"https:\/\/halkweb.com.tr\/en\/wp-json\/wp\/v2\/media?parent=279003"}],"wp:term":[{"taxonomy":"category","embeddable":true,"href":"https:\/\/halkweb.com.tr\/en\/wp-json\/wp\/v2\/categories?post=279003"},{"taxonomy":"post_tag","embeddable":true,"href":"https:\/\/halkweb.com.tr\/en\/wp-json\/wp\/v2\/tags?post=279003"}],"curies":[{"name":"wp","href":"https:\/\/api.w.org\/{rel}","templated":true}]}}