{"id":278553,"date":"2024-11-05T18:53:33","date_gmt":"2024-11-05T18:53:33","guid":{"rendered":"https:\/\/halkweb.com.tr\/?p=278553"},"modified":"2024-11-07T22:03:54","modified_gmt":"2024-11-07T22:03:54","slug":"bahcelinin-ocalani-meclise-getirme-projesinin-fikir-babasi-belli-oldu","status":"publish","type":"post","link":"https:\/\/halkweb.com.tr\/en\/bahcelinin-ocalani-meclise-getirme-projesinin-fikir-babasi-belli-oldu\/","title":{"rendered":"Bah\u00e7eli's project to bring \u00d6calan to parliament reveals its mastermind"},"content":{"rendered":"<p>1 Ekim tarihinde yap\u0131lan Yeni Yasama Y\u0131l\u0131 a\u00e7\u0131l\u0131\u015f\u0131nda MHP Genel Ba\u015fkan\u0131 Devlet Bah\u00e7eli\u2019nin DEM Parti e\u015f ba\u015fkanlar\u0131 ve milletvekilleri ile tokala\u015fmas\u0131, T\u00fcrkiye\u2019de yeni bir d\u00f6neme girildi\u011finin ilk i\u015fareti oldu. Ancak bunun nas\u0131l bir d\u00f6nem olaca\u011f\u0131na dair kimsenin fikri yoktu.<br \/>\nBah\u00e7eli, birka\u00e7 hafta sonra da partisinin Meclis grubunda yapt\u0131\u011f\u0131 konu\u015fmada ise el y\u00fckseltti.<br \/>\n\u201c\u015eayet ter\u00f6ristba\u015f\u0131n\u0131n tecridi kald\u0131r\u0131l\u0131rsa, gelsin TBMM DEM Parti grup toplant\u0131s\u0131nda konu\u015fsun. Ter\u00f6r\u00fcn tamamen bitti\u011fini ve \u00f6rg\u00fct\u00fcn la\u011fvedildi\u011fini hayk\u0131rs\u0131n\u201d diyerek yeni bir \u00e7\u00f6z\u00fcm s\u00fcrecin en somut ve en radikal \u00f6nerisini yapt\u0131. Ancak bunun yeni bir \u2018\u00c7\u00f6z\u00fcm s\u00fcreci\u2019 olmad\u0131\u011f\u0131n\u0131n alt\u0131n\u0131 \u00e7izdi. K\u00fcrt sorunu diye bir sorun olmad\u0131\u011f\u0131n\u0131 da savundu.<\/p>\n<figure id=\"attachment_278554\" aria-describedby=\"caption-attachment-278554\" style=\"width: 967px\" class=\"wp-caption alignnone\"><img loading=\"lazy\" decoding=\"async\" class=\"size-full wp-image-278554\" src=\"https:\/\/halkweb.com.tr\/wp-content\/uploads\/2024\/11\/10009.webp\" alt=\"\" width=\"967\" height=\"645\" srcset=\"https:\/\/halkweb.com.tr\/wp-content\/uploads\/2024\/11\/10009.webp 967w, https:\/\/halkweb.com.tr\/wp-content\/uploads\/2024\/11\/10009-768x512.webp 768w, https:\/\/halkweb.com.tr\/wp-content\/uploads\/2024\/11\/10009-300x200.webp 300w, https:\/\/halkweb.com.tr\/wp-content\/uploads\/2024\/11\/10009-696x464.webp 696w\" sizes=\"auto, (max-width: 967px) 100vw, 967px\" \/><figcaption id=\"caption-attachment-278554\" class=\"wp-caption-text\">@YouTube<\/figcaption><\/figure>\n<h3>\u201cAl bu ipi as&#8230;\u201d<\/h3>\n<p>MHP lideri Devlet Bah\u00e7eli, 2007 genel se\u00e7imlerine gidilirken 30 Haziran&#8217;da yapt\u0131\u011f\u0131 Erzurum mitinginde, yan\u0131nda getirdi\u011fi idam ilme\u011fini \u00e7\u0131kar\u0131p, \u201c\u0130p alacak paran yoksa al da as\u201d diyerek Erdo\u011fan\u2019a Abdullah \u00d6calan\u2019\u0131 asma \u00e7a\u011fr\u0131s\u0131 yapm\u0131\u015ft\u0131.<\/p>\n<p>2002\u2019de idam cezas\u0131 alan Abdullah \u00d6calan\u2019\u0131n as\u0131lmamas\u0131 i\u00e7in idam cezas\u0131n\u0131n kald\u0131r\u0131lmas\u0131na kar\u015f\u0131 \u00e7\u0131kmayarak yasan\u0131n de\u011fi\u015fmesinin \u00f6n\u00fcn\u00fc a\u00e7an Bah\u00e7eli, 5 y\u0131l sonra \u00d6calan\u2019\u0131 ast\u0131rmak i\u00e7in Erdo\u011fan\u2019a ip at\u0131yordu.<\/p>\n<p>17 y\u0131l sonra bu kez kendisi \u00d6calan\u2019\u0131 \u0130mral\u0131\u2019dan \u00e7\u0131karmay\u0131 \u00f6neriyor, bu kez de o d\u00f6nem kendisi ile siyaset yapan ve \u015fimdi \u0130Y\u0130 Parti Genel Ba\u015fkan\u0131 olan M\u00fcsavat Dervi\u015fo\u011flu taraf\u0131ndan kendisine idam ipi at\u0131l\u0131yordu.<\/p>\n<figure id=\"attachment_278556\" aria-describedby=\"caption-attachment-278556\" style=\"width: 700px\" class=\"wp-caption alignnone\"><img loading=\"lazy\" decoding=\"async\" class=\"size-full wp-image-278556\" src=\"https:\/\/halkweb.com.tr\/wp-content\/uploads\/2024\/11\/asti.jpg\" alt=\"\" width=\"700\" height=\"980\" srcset=\"https:\/\/halkweb.com.tr\/wp-content\/uploads\/2024\/11\/asti.jpg 700w, https:\/\/halkweb.com.tr\/wp-content\/uploads\/2024\/11\/asti-300x420.jpg 300w, https:\/\/halkweb.com.tr\/wp-content\/uploads\/2024\/11\/asti-696x974.jpg 696w\" sizes=\"auto, (max-width: 700px) 100vw, 700px\" \/><figcaption id=\"caption-attachment-278556\" class=\"wp-caption-text\">@MHP_Bilgi<\/figcaption><\/figure>\n<p>Ardaki fark, Bah\u00e7eli\u2019nin att\u0131\u011f\u0131 ip Erzurum\u2019da meydanda kaybolurken, Dervi\u015fo\u011flu\u2019nun Meclis k\u00fcrs\u00fcs\u00fcnden att\u0131\u011f\u0131 ip ise Bah\u00e7eli taraf\u0131ndan al\u0131narak makam odas\u0131nda ask\u0131ya as\u0131ld\u0131!<\/p>\n<h3>Fikir babas\u0131 kim?<\/h3>\n<p>Peki ne oldu da 17 y\u0131l \u00f6nce Erdo\u011fan\u2019a \u00d6calan\u2019\u0131 asmas\u0131 i\u00e7in ip atan Bah\u00e7eli, bug\u00fcn \u00d6calan\u2019\u0131 \u0130mral\u0131\u2019dan \u00e7\u0131kart\u0131p Meclis\u2019e getirmek istedi? Ortado\u011fu\u2019da ya\u015fanan kimi geli\u015fmeler bir yana, Bah\u00e7eli\u2019nin \u00e7evresindeki kadroya bir g\u00f6z atmak da bu konuda asl\u0131nda fikir veriyor.<\/p>\n<h3>T\u00fcrk\u00f6ne\u2019nin cezaevinden \u00e7\u0131kart\u0131lmas\u0131<\/h3>\n<p>T\u00fcrkiye\u2019de yak\u0131n d\u00f6nemde baz\u0131 kritik isimlerin cezaevinden \u00e7\u0131kart\u0131lmas\u0131nda Devlet Bah\u00e7eli\u2019nin imzas\u0131 var.<\/p>\n<p>Alaattin \u00c7ak\u0131c\u0131\u2019n\u0131n tahliyesi i\u00e7in infaz yasas\u0131nda \u00f6zel de\u011fi\u015fiklik yapt\u0131rm\u0131\u015f, \u00c7ak\u0131c\u0131 da bunun kar\u015f\u0131l\u0131\u011f\u0131nda tahliyesinin ard\u0131ndan ilk ziyaretini Bah\u00e7eli\u2019ye yapm\u0131\u015ft\u0131 .<\/p>\n<p>15 Temmuz darbe giri\u015fiminin ard\u0131ndan tutuklanan Nazl\u0131 Il\u0131cak ve Ahmet Altan&#8217;\u0131n mahkeme karar\u0131yla tahliye edilmesine \u201cBaz\u0131 FET\u00d6 davalar\u0131yla ilgili kamuoyuna a\u00e7\u0131klanan kararlar milli vicdan\u0131 olduk\u00e7a rahats\u0131z etmektedir\u201d diyen MHP lideri, 2020\u2019de \u00e7arp\u0131c\u0131 bir \u00e7\u0131k\u0131\u015f yapt\u0131.<br \/>\nBah\u00e7eli, \u201cOsman Kavala\u2019n\u0131n, Altan karde\u015flerin, Nazl\u0131 Il\u0131cak\u2019\u0131n ve daha pek \u00e7ok sorunlu ki\u015finin masum g\u00f6sterilmeye \u00e7al\u0131\u015f\u0131ld\u0131\u011f\u0131 bir yerde \u015fehit a\u011fabeyi M\u00fcmtaz\u2019er T\u00fcrk\u00f6ne\u2019nin davas\u0131 tekraren ve titizlikle de\u011ferlendirilmelidir\u201d diye bir payla\u015f\u0131m yapt\u0131.<\/p>\n<figure id=\"attachment_278555\" aria-describedby=\"caption-attachment-278555\" style=\"width: 770px\" class=\"wp-caption alignnone\"><img loading=\"lazy\" decoding=\"async\" class=\"size-full wp-image-278555\" src=\"https:\/\/halkweb.com.tr\/wp-content\/uploads\/2024\/11\/bahcelix.jpg\" alt=\"\" width=\"770\" height=\"267\" srcset=\"https:\/\/halkweb.com.tr\/wp-content\/uploads\/2024\/11\/bahcelix.jpg 770w, https:\/\/halkweb.com.tr\/wp-content\/uploads\/2024\/11\/bahcelix-768x266.jpg 768w, https:\/\/halkweb.com.tr\/wp-content\/uploads\/2024\/11\/bahcelix-300x104.jpg 300w, https:\/\/halkweb.com.tr\/wp-content\/uploads\/2024\/11\/bahcelix-696x241.jpg 696w\" sizes=\"auto, (max-width: 770px) 100vw, 770px\" \/><figcaption id=\"caption-attachment-278555\" class=\"wp-caption-text\">@dbdevletbahceli<\/figcaption><\/figure>\n<p>Bah\u00e7eli\u2019nin bu \u00e7\u0131k\u0131\u015f\u0131n\u0131n ard\u0131ndan Yarg\u0131tay 16&#8217;nc\u0131 Ceza Dairesi, tutuklu yarg\u0131lanan T\u00fcrk\u00f6ne&#8217;ye &#8220;silahl\u0131 ter\u00f6r \u00f6rg\u00fct\u00fc \u00fcyeli\u011fi&#8221; su\u00e7undan verilen hapis cezas\u0131n\u0131 bozdu. Bah\u00e7eli\u2019nin \u00e7\u0131k\u0131\u015f\u0131 ile T\u00fcrk\u00f6ne\u2019nin tahliyesi aras\u0131nda 3 ay bile ge\u00e7medi.<\/p>\n<p>12 Eyl\u00fcl 1980 darbesi \u00f6ncesinde bir d\u00f6nem \u00dclk\u00fc Ocaklar\u0131 Derne\u011fi Y\u00f6netim Kurulu \u00fcyeli\u011fi de yapan Prof. M\u00fcmtaz&#8217;er T\u00fcrk\u00f6ne\u2019nin karde\u015fi Mustafa T\u00fcrk\u00f6ne, 1979 y\u0131l\u0131nda sol bir \u00f6rg\u00fct taraf\u0131ndan \u00f6ld\u00fcr\u00fclm\u00fc\u015ft\u00fc. Bah\u00e7eli\u2019nin T\u00fcrk\u00f6ne i\u00e7in kefil olmas\u0131n\u0131n nedeni i\u015fte bu olayd\u0131.<\/p>\n<h3>\u201c\u00d6calan Bodrum\u2019a pa\u015fa olarak yollans\u0131n\u201d<\/h3>\n<p>M\u00fcmtazer T\u00fcrk\u00f6ne, daha sonra FET\u00d6\u2019den kapat\u0131lan Zaman gazetesinde yazarken 2009 y\u0131l\u0131nda Ak\u015fam gazetesine bir r\u00f6portaj verdi.<\/p>\n<p>T\u00fcrk\u00f6ne, \u00e7\u00f6z\u00fcm s\u00fcrecinden y\u0131llar \u00f6nce verdi\u011fi bu r\u00f6portajda \u015f\u00f6yle diyordu:<\/p>\n<p><strong><em>\u201cT\u00fcrkiye bu a\u00e7\u0131l\u0131m ile kendisini peri\u015fan eden sorunu \u00e7\u00f6zecekse, Abdullah \u00d6calan&#8217;\u0131n g\u00f6zlem alt\u0131nda tutulmas\u0131, zorunlu ikamet gibi y\u00f6ntemler d\u00fc\u015f\u00fcn\u00fclebilir. Bu, bir isyan bast\u0131rma y\u00f6ntemi e\u011fer devlet a\u00e7\u0131s\u0131ndan bakarsak. Devlet isyan bast\u0131r\u0131yor. Bunun i\u00e7in devlet isyan\u0131n eleba\u015flar\u0131n\u0131 affeder. Osmanl\u0131 \u00e7ok isyan bast\u0131rm\u0131\u015f bir devlettir. \u0130syan\u0131 bast\u0131r\u0131rken isyan\u0131 ba\u015flatan\u0131 affeder, \u00e7ok uzak bir vilayete atar, sonra da maa\u015f ba\u011flar ona. Bir de ayr\u0131ca pa\u015fa r\u00fctbesi verir. Bunlara da &#8216;ba\u015f\u0131bozuk pa\u015fas\u0131&#8217; derler. Osmanl\u0131&#8217;da 3 t\u00fcr pa\u015fa vard\u0131r: Askeriye pa\u015fas\u0131, m\u00fclkiye pa\u015fas\u0131, ba\u015f\u0131bozuk pa\u015fas\u0131. Yani Apo&#8217;ya pa\u015fa r\u00fctbesi verilebilir Osmanl\u0131 mant\u0131\u011f\u0131yla yakla\u015f\u0131rsan\u0131z. &#8211; Bir \u00f6rnek var m\u0131 Osmanl\u0131 tarihinden verebilece\u011finiz? Tezakir&#8217;in 4&#8217;\u00fcnc\u00fc b\u00f6l\u00fcm\u00fcnde 1860&#8217;l\u0131 y\u0131llarda Ahmet Cevdet Pa\u015fa&#8217;n\u0131n Kozanda\u011f\u0131 isyan\u0131n\u0131 bast\u0131rmaya gidi\u015fi anlat\u0131l\u0131r. \u0130syan\u0131 a\u015firet reisleri ve halk\u0131n \u00f6nde gelenleri ile oturup konu\u015fup, isyanc\u0131larla uzla\u015f\u0131nca, asilerin ba\u015f\u0131ndakilere pa\u015fal\u0131k r\u00fctbesi verip, Edirne&#8217;ye mecburi ikamete g\u00f6nderiyor. \u00c7ukurova&#8217;dan Edirne&#8217;ye s\u00fcr\u00fcl\u00fcyor yani. Sonra da maa\u015fa ba\u011flan\u0131yor. &#8211; Abdullah \u00d6calan&#8217;\u0131 nereye s\u00fcrece\u011fiz peki bu senaryoda? Osmanl\u0131 gibi b\u00fcy\u00fck d\u00fc\u015f\u00fcn\u00fclmesini \u00f6neriyorum. Bana kal\u0131rsa, Bodrum&#8217;a, Bodrum T\u00fcrkb\u00fck\u00fc&#8217;ne g\u00f6nderilmesini \u00f6neriyorum. Cevdet Pa\u015fa olsa, \u00f6yle yapard\u0131 diyelim.\u201d<\/em><\/strong><\/p>\n<p>\u0130\u015fte o g\u00fcnlerde \u00d6calan\u2019\u0131n tahliye edilerek T\u00fcrkb\u00fck\u00fc\u2019ne g\u00f6nderilmesini \u00f6neren T\u00fcrk\u00f6ne, bug\u00fcn kendisini cezaevinden \u00e7\u0131karan Devlet Bah\u00e7eli\u2019nin \u2018\u00d6calan\u2019\u0131 Meclis\u2019e getirme\u2019 projesinin de fikir babas\u0131.<\/p>\n<p>Tahliyenin ard\u0131ndan kamuoyu \u00f6n\u00fcne \u00e7\u0131kmayan M\u00fcmtazer T\u00fcrk\u00f6ne, pek bilinmeyen bir haber sitesinde zaman zaman yaz\u0131lar kaleme al\u0131yor.<\/p>\n<p>T\u00fcrk\u00f6ne, tam da Devlet Bah\u00e7eli\u2019nin \u00d6calan \u00e7\u0131k\u0131\u015f\u0131n\u0131n ard\u0131ndan \u00f6nce Esenyurt\u2019ta CHP\u2019li belediyeye, ard\u0131ndan Mardin, Batman ve Halfeti\u2019de DEM Parti\u2019li belediyelere kayy\u0131m atanmas\u0131 ile \u2018s\u00fcre\u00e7 ba\u015flamadan bitti mi?\u2019 diye sorulurken \u00e7arp\u0131c\u0131 bir yaz\u0131 kaleme ald\u0131.<\/p>\n<p>\u201cDevlet, H\u00fck\u00fcmete kar\u015f\u0131\u201d diyerek durumu \u00f6zetleyen T\u00fcrk\u00f6ne, \u00d6calan \u00e7\u0131k\u0131\u015f\u0131ndan Erdo\u011fan\u2019\u0131n, kayy\u0131m hamlesinden ise Bah\u00e7eli\u2019nin haberinin olmad\u0131\u011f\u0131n\u0131 belirterek \u2018Devlet projesi\u2019 dedi\u011fi bu projeye h\u00fck\u00fcmetin (Erdo\u011fan) direnmesinin bir erken se\u00e7ime yol a\u00e7abilece\u011fini belirterek Erdo\u011fan\u2019a g\u00f6zda\u011f\u0131 gibi bir mesaj da verdi.<\/p>\n<p>\u00d6te yandan Erdo\u011fan\u2019\u0131n kendisine en yak\u0131n isimlerden biri olan Abd\u00fclkadir Sevi \u00fczerinden &#8220;Haftaya bamba\u015fka bir g\u00fcndemimiz olacak. Bunu laf olsun diye s\u00f6ylemiyorum&#8221; mesaj\u0131 vermesi, Cumhur \u0130ttifak\u0131 i\u00e7inde s\u00fcre\u00e7 ve y\u00f6ntem konusunda bir fikir ayr\u0131l\u0131\u011f\u0131 oldu\u011funu ve kar\u015f\u0131l\u0131kl\u0131 s\u00fcrpriz hamlelerin gelebilece\u011fini de g\u00f6sterdi.<\/p>","protected":false},"excerpt":{"rendered":"<p>MHP Lideri Devlet Bah\u00e7eli\u2019nin \u201c\u00d6calan gelsin Meclis k\u00fcrs\u00fcs\u00fcnden ter\u00f6r \u00f6rg\u00fct\u00fcn\u00fc la\u011fvetti\u011fini a\u00e7\u0131klas\u0131n\u201d \u00e7a\u011fr\u0131s\u0131n\u0131n yank\u0131lar\u0131 s\u00fcr\u00fcyor. Bah\u00e7eli\u2019nin projesinin fikir babas\u0131 ise tan\u0131d\u0131k bir isim.<\/p>","protected":false},"author":3,"featured_media":278557,"comment_status":"closed","ping_status":"closed","sticky":false,"template":"","format":"standard","meta":{"footnotes":""},"categories":[285],"tags":[],"class_list":{"0":"post-278553","1":"post","2":"type-post","3":"status-publish","4":"format-standard","5":"has-post-thumbnail","7":"category-politika"},"_links":{"self":[{"href":"https:\/\/halkweb.com.tr\/en\/wp-json\/wp\/v2\/posts\/278553","targetHints":{"allow":["GET"]}}],"collection":[{"href":"https:\/\/halkweb.com.tr\/en\/wp-json\/wp\/v2\/posts"}],"about":[{"href":"https:\/\/halkweb.com.tr\/en\/wp-json\/wp\/v2\/types\/post"}],"author":[{"embeddable":true,"href":"https:\/\/halkweb.com.tr\/en\/wp-json\/wp\/v2\/users\/3"}],"replies":[{"embeddable":true,"href":"https:\/\/halkweb.com.tr\/en\/wp-json\/wp\/v2\/comments?post=278553"}],"version-history":[{"count":1,"href":"https:\/\/halkweb.com.tr\/en\/wp-json\/wp\/v2\/posts\/278553\/revisions"}],"predecessor-version":[{"id":278735,"href":"https:\/\/halkweb.com.tr\/en\/wp-json\/wp\/v2\/posts\/278553\/revisions\/278735"}],"wp:featuredmedia":[{"embeddable":true,"href":"https:\/\/halkweb.com.tr\/en\/wp-json\/wp\/v2\/media\/278557"}],"wp:attachment":[{"href":"https:\/\/halkweb.com.tr\/en\/wp-json\/wp\/v2\/media?parent=278553"}],"wp:term":[{"taxonomy":"category","embeddable":true,"href":"https:\/\/halkweb.com.tr\/en\/wp-json\/wp\/v2\/categories?post=278553"},{"taxonomy":"post_tag","embeddable":true,"href":"https:\/\/halkweb.com.tr\/en\/wp-json\/wp\/v2\/tags?post=278553"}],"curies":[{"name":"wp","href":"https:\/\/api.w.org\/{rel}","templated":true}]}}