{"id":277380,"date":"2023-11-11T19:40:46","date_gmt":"2023-11-11T16:40:46","guid":{"rendered":"https:\/\/halkweb.com.tr\/?p=277380"},"modified":"2024-11-07T22:04:07","modified_gmt":"2024-11-07T22:04:07","slug":"who-is-in-chp-myk-the-a-team-is-announced","status":"publish","type":"post","link":"https:\/\/halkweb.com.tr\/en\/who-is-in-chp-myk-the-a-team-is-announced\/","title":{"rendered":"Who is in the CHP FMC? A Team has been announced"},"content":{"rendered":"<p>Following the 38th Ordinary Congress of the Republican People's Party (CHP), which saw a change in the chairman, the party's new Central Executive Board (MYK) was also announced.<\/p>\n<p>The Party Assembly (PM) convened under the chairmanship of CHP Chairman \u00d6zg\u00fcr \u00d6zel and the names to be included in the new term MYK were determined.<\/p>\n<p><strong>HERE ARE CHP'S NEW MYK MEMBERS<\/strong><\/p>\n<p>Selin Sayek B\u00f6ke - Secretary General<\/p>\n<p>G\u00f6k\u00e7e G\u00f6k\u00e7en - Vice President in charge of the Ministry of Justice<\/p>\n<p>Aylin Nazl\u0131aka - Deputy Chairperson for the Ministry of Family and Social Services<\/p>\n<p>Gamze Ta\u015fc\u0131er - Deputy Chairperson for the Ministry of Labor and Social Security<\/p>\n<p>G\u00fcl\u015fah Deniz Atalar - Vice President in charge of the Ministry of Environment, Urbanization and Climate Change<\/p>\n<p>\u0130lhan Uzgel Deputy Chairman in charge of the Ministry of Foreign Affairs<\/p>\n<p>Deniz Yavuzy\u0131lmaz Deputy Chairman in charge of the Ministry of Energy and Natural Resources<\/p>\n<p>Sevgi K\u0131l\u0131\u00e7 Deputy President in charge of the Ministry of Youth and Sports<br \/>\n\u00d6zg\u00fcr Karabat General Treasurer<\/p>\n<p>Burhanettin Bulut Deputy Chairman in charge of Public Relations and Media Relations<\/p>\n<p>Yal\u00e7\u0131n Karatepe Deputy Chairman in charge of the Ministry of Treasury and Finance<\/p>\n<p>Murat Bakan Deputy Chairman in charge of the Ministry of Interior<\/p>\n<p>Koza Yard\u0131mc\u0131 Vice President in charge of the Ministry of Culture and Tourism<\/p>\n<p>Suat \u00d6z\u00e7a\u011fda\u015f Vice President in charge of the Ministry of National Education<\/p>\n<p>Yank\u0131 Ba\u011fc\u0131o\u011flu Vice President in charge of the Ministry of National Defense<\/p>\n<p>Deniz Y\u00fccel Party Spokesperson<\/p>\n<p>Zeliha Aksaz \u015eahbaz Vice President for Ministry of Health<\/p>\n<p>P\u0131nar Uzun Vice President in charge of the Ministry of Industry and Technology<\/p>\n<p>G\u00fcl \u00c7ift\u00e7i Deputy Chairman for Elections and Party Legal Affairs<\/p>\n<p>Erhan Adem Deputy President in charge of the Ministry of Agriculture and Forestry<\/p>\n<p>Volkan Demir Deputy Chairman in charge of the Ministry of Trade<\/p>\n<p>Ula\u015f Karasu Deputy Chairman in charge of Ministry of Transportation and Infrastructure<\/p>\n<p>G\u00f6kan Zeybek Deputy Chairman for Local Governments and Resilient Cities<\/p>\n<p>Ensar Aytekin Deputy Chairman Responsible for Domestic and International Organization<\/p>\n<p><strong>MEMBERS OF THE CENTRAL EXECUTIVE BOARD AND THEIR BACKGROUNDS ACCORDING TO THE OFFICIAL ANNOUNCEMENT MADE BY CHP<\/strong><\/p>\n<p><strong>Vice President and Secretary General: Selin Sayek B\u00f6ke<\/strong><br \/>\nMETU Economics, Duke University master's and doctorate, lecturer at Bilkent University. In 2014, he was elected as a CHP Party Assembly member. MP between June 2015 and May 2023. Deputy Chair of the Socialists, Democrats and Greens Group in the Parliamentary Assembly of the Council of Europe, Chair of the Subcommittee on the European Social Charter of the Parliamentary Assembly of the Council of Europe, Chair of the Committee on Social Issues, Health and Sustainable Development.<\/p>\n<p><strong>Ministry of Justice G\u00f6k\u00e7e G\u00f6k\u00e7en<\/strong><br \/>\nLaw at Galatasaray University, master's degree at Bilgi University. PhD at Marmara University. In 2015, he served as Vice President of the European umbrella organization of the youth branches of social democratic parties. He served as a member of the Party Assembly and Deputy Chairman.<\/p>\n<p><strong>Ministry of Family and Social Services: Aylin Nazliaka<\/strong><br \/>\nMETU Faculty of Economics and Administrative Sciences. He worked in non-governmental organizations. Elected as an MP in 2011 and 2015 elections. She served as a member of the Party Assembly. Since 2020, she has been the President of Women's Branch.<\/p>\n<p><strong>Ministry of Labor and Social Security: Gamze Tascier<\/strong><br \/>\nPharmacist. MP since 2018.<\/p>\n<p><strong>Ministry of Environment, Urbanization and Climate Change: G\u00fcl\u015fah Deniz Atalar<\/strong><br \/>\nAnkara Uni Law. Expert in Forensic Informatics, Innovation, Commercialization of Intellectual Property and Artificial Intelligence. Vice President of Ankara Bar Association Informatics, Technology and Law Board. Member of the Board of Directors of Climate Change Policy and Research Association.<\/p>\n<p><strong>Ministry of Foreign Affairs : \u0130lhan Uzgel<\/strong><br \/>\nAnkara Uni Faculty of Political Sciences, Department of International Relations. He served as the Head of the Department. He was dismissed for signing the Peace Declaration.<\/p>\n<p><strong>Ministry of Energy and Natural Resources : Deniz Yavuzy\u0131lmaz<\/strong><br \/>\nYildiz Technical University Electrical Engineering. He worked as a manager of a company in the energy sector. He worked at Zonguldak Party School. MP since June 2018. He served in the SEE Commission. His work made an impact.<\/p>\n<p><strong>Ministry of Youth and Sports: Sevgi Kilic<\/strong><br \/>\nBah\u00e7e\u015fehir Uni Law. He started his political life in Beykoz Youth Branch. He served as Deputy District Chairperson. Second term in the Party Assembly.<\/p>\n<p><strong>Ministry of Treasury and Finance : Yalcin Karatepe<\/strong><br \/>\nGraduated from Ankara Uni M\u00fclkiye Economics. PhD at the University of New Orleans. He worked as dean at M\u00fclkiye for 3 years (2012-2015)<\/p>\n<p><strong>Ministry of Interior : Murat Bakan<\/strong><br \/>\n9 Eyl\u00fcl Law. He served as a member of Izmir Metropolitan Municipality Assembly. Since 2015, he has been an MP.<\/p>\n<p><strong>Ministry of Culture and Tourism: Koza Helper<\/strong><br \/>\nBorn in Adana. Local media owner.<\/p>\n<p><strong>Ministry of National Education: Suat \u00d6z\u00e7a\u011fda\u015f<\/strong><br \/>\nMETU Psychology. He worked as Deputy Secretary General of SHP Youth Branch. He worked as a manager in large-scale non-governmental organizations such as the Red Crescent Society and the Educational Volunteers Foundation of Turkey. He served as \u00dcsk\u00fcdar District Chairman.<\/p>\n<p><strong>Ministry of National Defense : Yanki Bagcioglu<\/strong><br \/>\nRetired Rear Admiral. Naval Academy graduate. Unjustly imprisoned for 3 years in the Military Casusluk case. He served as Chief of Staff and Chief of Operations at the Naval Forces Command.<\/p>\n<p><strong>Ministry of Health : Zeliha Aksaz \u015eahbaz<\/strong><br \/>\nHacettepe University Faculty of Medicine. She worked as a manager in the Health and Social Service Laborers Union. She has many studies and articles on maternal and infant health. In 2014, he was elected as the Provincial President of K\u00fctahya.<\/p>\n<p><strong>Ministry of Industry and Technology: P\u0131nar Uzun<\/strong><br \/>\nY\u0131ld\u0131z Technical Faculty of Economics and Administrative Sciences. He served as Kad\u0131k\u00f6y Youth Branch President. 3rd term Party Assembly member. Volunteered on behalf of disadvantaged children.<\/p>\n<p><strong>Ministry of Agriculture and Forestry: Erhan Adem<\/strong><br \/>\nHe graduated from Akdeniz University Faculty of Agriculture. He served as central district executive, deputy provincial chairman and provincial chairman in Ni\u011fde. He served as an executive at TEMA Foundation for a period.<\/p>\n<p><strong>Ministry of Trade Volkan Demir<\/strong><br \/>\nGraduated from Marmara University Economics. Former Dean of Galatasaray University Faculty of Economics and Administrative Sciences.<\/p>\n<p><strong>Ministry of Transportation and Infrastructure: Ula\u015f Karasu<\/strong><br \/>\n\u00c7ukurova Uni Faculty of Engineering. Sivas Provincial Vice President and Sivas Provincial President. MP since 2018.<\/p>\n<p><strong>Domestic and International Organization: Ensar Aytekin<\/strong><br \/>\nAnadolu Uni Faculty of Economics. He served as Edremit Youth Branch President, Edremit District Treasurer, Edremit District Secretary, Bal\u0131kesir Provincial Vice President.<\/p>\n<p><strong>General Treasurer: \u00d6zg\u00fcr Karabat<\/strong><br \/>\nIstanbul Uni Faculty of Political Sciences. He served as Ba\u015fak\u015fehir District President. MP since 2018.<\/p>\n<p><strong>Local Governments and Resilient Cities: Gokan Zeybek<\/strong><br \/>\nITU Architecture. He served as Ka\u011f\u0131thane District Chairman, IBB Municipal Assembly member, Sar\u0131yer Deputy Mayor. Since 2018, he has been an MP.<\/p>\n<p><strong>Public and Media Relations: Burhanettin Bulut<\/strong><br \/>\nEge Uni Pharmacy. He served as the President of Adana Chamber of Pharmacists, \u00c7ukurova Municipality Council member, Adana provincial President. Since 2018, Adana MP<\/p>\n<p><strong>Electoral and Party Legal Affairs: G\u00fcl \u00c7ift\u00e7i<\/strong><br \/>\nBa\u015fkent Uni Law. He served as \u00c7ankaya District Youth Branch President, Youth Branch Vice President, Youth Branch Secretary General.<\/p>\n<p><strong>Party Spokesperson Deniz Yucel<\/strong><br \/>\n9 Eyl\u00fcl Law. He served as a member of Izmir BB Municipal Assembly and Izmir Provincial President.<\/p>","protected":false},"excerpt":{"rendered":"<p>Cumhuriyet Halk Partisi&#8217;nde (CHP) genel ba\u015fkan de\u011fi\u015fiminin ya\u015fand\u0131\u011f\u0131 38. Ola\u011fan Kurultay&#8217;\u0131n ard\u0131ndan partinin yeni Merkez Y\u00f6netim Kurulu (MYK) da belli oldu. CHP Genel Ba\u015fkan\u0131 \u00d6zg\u00fcr \u00d6zel&#8217;in ba\u015fkanl\u0131\u011f\u0131nda toplanan Parti Meclisi&#8217;nde (PM) yeni d\u00f6nem MYK&#8217;s\u0131nda yer alacak isimler belirlendi. \u0130\u015eTE CHP&#8217;N\u0130N YEN\u0130 MYK \u00dcYELER\u0130 Selin Sayek B\u00f6ke &#8211; Genel Sekreter G\u00f6k\u00e7e G\u00f6k\u00e7en &#8211; Adalet Bakanl\u0131\u011f\u0131ndan Sorumlu [&hellip;]<\/p>\n","protected":false},"author":3,"featured_media":277909,"comment_status":"closed","ping_status":"closed","sticky":false,"template":"","format":"standard","meta":{"footnotes":""},"categories":[2],"tags":[],"class_list":{"0":"post-277380","1":"post","2":"type-post","3":"status-publish","4":"format-standard","5":"has-post-thumbnail","7":"category-gundem"},"_links":{"self":[{"href":"https:\/\/halkweb.com.tr\/en\/wp-json\/wp\/v2\/posts\/277380","targetHints":{"allow":["GET"]}}],"collection":[{"href":"https:\/\/halkweb.com.tr\/en\/wp-json\/wp\/v2\/posts"}],"about":[{"href":"https:\/\/halkweb.com.tr\/en\/wp-json\/wp\/v2\/types\/post"}],"author":[{"embeddable":true,"href":"https:\/\/halkweb.com.tr\/en\/wp-json\/wp\/v2\/users\/3"}],"replies":[{"embeddable":true,"href":"https:\/\/halkweb.com.tr\/en\/wp-json\/wp\/v2\/comments?post=277380"}],"version-history":[{"count":1,"href":"https:\/\/halkweb.com.tr\/en\/wp-json\/wp\/v2\/posts\/277380\/revisions"}],"predecessor-version":[{"id":278750,"href":"https:\/\/halkweb.com.tr\/en\/wp-json\/wp\/v2\/posts\/277380\/revisions\/278750"}],"wp:featuredmedia":[{"embeddable":true,"href":"https:\/\/halkweb.com.tr\/en\/wp-json\/wp\/v2\/media\/277909"}],"wp:attachment":[{"href":"https:\/\/halkweb.com.tr\/en\/wp-json\/wp\/v2\/media?parent=277380"}],"wp:term":[{"taxonomy":"category","embeddable":true,"href":"https:\/\/halkweb.com.tr\/en\/wp-json\/wp\/v2\/categories?post=277380"},{"taxonomy":"post_tag","embeddable":true,"href":"https:\/\/halkweb.com.tr\/en\/wp-json\/wp\/v2\/tags?post=277380"}],"curies":[{"name":"wp","href":"https:\/\/api.w.org\/{rel}","templated":true}]}}