{"id":275913,"date":"2023-09-15T06:43:55","date_gmt":"2023-09-15T03:43:55","guid":{"rendered":"https:\/\/halkweb.com.tr\/?p=275913"},"modified":"2023-09-15T06:43:55","modified_gmt":"2023-09-15T03:43:55","slug":"ballet-dancer-tan-sagturk-appointed-general-director-of-state-opera-and-ballet","status":"publish","type":"post","link":"https:\/\/halkweb.com.tr\/en\/ballet-dancer-tan-sagturk-appointed-general-director-of-state-opera-and-ballet\/","title":{"rendered":"Ballet dancer Tan Sa\u011ft\u00fcrk appointed as Director General of State Opera and Ballet"},"content":{"rendered":"<p>According to a decree signed by President Recep Tayyip Erdo\u011fan, ballet dancer Tan Sa\u011ft\u00fcrk has been appointed as the General Director of the Turkish State Opera and Ballet.<\/p>\n<p>President Erdo\u011fan's appointment decrees were published in the Official Gazette and included high-level appointments in various ministries and general directorates. In this context, the appointment of Tan Sa\u011ft\u00fcrk as the Director General of the State Opera and Ballet under the Ministry of Culture and Tourism was announced.<\/p>\n<p>Tan Sa\u011ft\u00fcrk was appointed as the General Director of the State Opera and Ballet, becoming the second ballet director to be appointed to this important position. Prior to the appointment, Sa\u011ft\u00fcrk had stated, \u201cI am in the evaluation process\u201d. In the end, however, his appointment was made official with the approval of President Erdo\u011fan.<\/p>\n<p><img loading=\"lazy\" decoding=\"async\" class=\"alignnone size-full wp-image-275914\" src=\"https:\/\/halkweb.com.tr\/wp-content\/uploads\/2023\/09\/1694731583022-adsiz.jpg\" alt=\"\" width=\"405\" height=\"530\" srcset=\"https:\/\/halkweb.com.tr\/wp-content\/uploads\/2023\/09\/1694731583022-adsiz.jpg 405w, https:\/\/halkweb.com.tr\/wp-content\/uploads\/2023\/09\/1694731583022-adsiz-300x393.jpg 300w\" sizes=\"auto, (max-width: 405px) 100vw, 405px\" \/><\/p>\n<p><strong>Who is Tan Sagturk?<\/strong><\/p>\n<p>Tan Sa\u011ft\u00fcrk,July 14, 1969, Izmir, Turkish ballet dancer and TV series actor.<\/p>\n<p>He graduated from Hacettepe University Ankara State Conservatory High Ballet Department. He is the founder of French Youth Ballet Le Jeune Ballet De France, French State Ballet Ballet Ballet National De France Principal Dancer, Istanbul State Opera and Ballet Principal Dancer, Diyarbak\u0131r, Mardin, Gaziantep, Kayseri, Istanbul, Ankara, Izmir, Cyprus Ballet and Dance schools. He opened Tan Sa\u011ft\u00fcrk Ballet and Dance Education Center and popularized ballet to the masses. Soude-ve Je ne Regrette Rien (Edit Piaf) was made for the French State Ballet.<\/p>\n<p>He staged the work \u201cHeart Sound Project\u201d, which he choreographed, in Antalya and Izmir State Opara and Ballet. He played the character Hakan in the series Bez Bebek on Fox TV and starred in TV commercials. He is also a fan of G\u00f6ztepe.<\/p>\n<p><strong>Competitions in which he took part<\/strong><br \/>\nTurkey's Stars<br \/>\nSomeone is Watching Us<br \/>\nWill you dance with me?<br \/>\nNo Way to Dance<\/p>\n<p><strong>TV series she played in<\/strong><br \/>\nKing of the Realm (Himself)<br \/>\nSchool of Fame<br \/>\nBez Bebek (Hakan)<br \/>\nSelena (Guest Artist)<br \/>\nFull Moon (Ahmet)<br \/>\nSecond Spring (Timothy Perkins)<br \/>\nDoctors-2013 (Levent Atahanli)<br \/>\nEuropean Side (Guest Actor)<\/p>","protected":false},"excerpt":{"rendered":"<p>Cumhurba\u015fkan\u0131 Recep Tayyip Erdo\u011fan&#8217;\u0131n imzas\u0131yla yay\u0131nlanan kararnameye g\u00f6re, T\u00fcrkiye Devlet Opera ve Balesi Genel M\u00fcd\u00fcrl\u00fc\u011f\u00fc&#8217;ne balet Tan Sa\u011ft\u00fcrk atanm\u0131\u015ft\u0131r. Cumhurba\u015fkan\u0131 Erdo\u011fan&#8217;\u0131n atama kararlar\u0131, Resmi Gazete&#8217;de yay\u0131nland\u0131 ve \u00e7e\u015fitli bakanl\u0131k ve genel m\u00fcd\u00fcrl\u00fcklerde yap\u0131lan \u00fcst d\u00fczey atamalar\u0131 i\u00e7eriyordu. Bu kapsamda, K\u00fclt\u00fcr ve Turizm Bakanl\u0131\u011f\u0131&#8217;na ba\u011fl\u0131 olan Devlet Opera ve Balesi Genel M\u00fcd\u00fcrl\u00fc\u011f\u00fc&#8217;ne Tan Sa\u011ft\u00fcrk&#8217;\u00fcn atanmas\u0131 da [&hellip;]<\/p>\n","protected":false},"author":3,"featured_media":277909,"comment_status":"closed","ping_status":"closed","sticky":false,"template":"","format":"standard","meta":{"footnotes":""},"categories":[6],"tags":[],"class_list":{"0":"post-275913","1":"post","2":"type-post","3":"status-publish","4":"format-standard","5":"has-post-thumbnail","7":"category-kultur-sanat"},"_links":{"self":[{"href":"https:\/\/halkweb.com.tr\/en\/wp-json\/wp\/v2\/posts\/275913","targetHints":{"allow":["GET"]}}],"collection":[{"href":"https:\/\/halkweb.com.tr\/en\/wp-json\/wp\/v2\/posts"}],"about":[{"href":"https:\/\/halkweb.com.tr\/en\/wp-json\/wp\/v2\/types\/post"}],"author":[{"embeddable":true,"href":"https:\/\/halkweb.com.tr\/en\/wp-json\/wp\/v2\/users\/3"}],"replies":[{"embeddable":true,"href":"https:\/\/halkweb.com.tr\/en\/wp-json\/wp\/v2\/comments?post=275913"}],"version-history":[{"count":0,"href":"https:\/\/halkweb.com.tr\/en\/wp-json\/wp\/v2\/posts\/275913\/revisions"}],"wp:featuredmedia":[{"embeddable":true,"href":"https:\/\/halkweb.com.tr\/en\/wp-json\/wp\/v2\/media\/277909"}],"wp:attachment":[{"href":"https:\/\/halkweb.com.tr\/en\/wp-json\/wp\/v2\/media?parent=275913"}],"wp:term":[{"taxonomy":"category","embeddable":true,"href":"https:\/\/halkweb.com.tr\/en\/wp-json\/wp\/v2\/categories?post=275913"},{"taxonomy":"post_tag","embeddable":true,"href":"https:\/\/halkweb.com.tr\/en\/wp-json\/wp\/v2\/tags?post=275913"}],"curies":[{"name":"wp","href":"https:\/\/api.w.org\/{rel}","templated":true}]}}