{"id":275791,"date":"2023-09-10T12:54:32","date_gmt":"2023-09-10T09:54:32","guid":{"rendered":"https:\/\/halkweb.com.tr\/?p=275791"},"modified":"2023-09-10T12:54:32","modified_gmt":"2023-09-10T09:54:32","slug":"the-foreigner-ozgur-ozels-look-at-kilicdaroglu-was-caught-on-camera","status":"publish","type":"post","link":"https:\/\/halkweb.com.tr\/en\/the-foreigner-ozgur-ozels-look-at-kilicdaroglu-was-caught-on-camera\/","title":{"rendered":"Grudge this stranger in your eyes! \u00d6zg\u00fcr \u00d6zel's look at K\u0131l\u0131\u00e7daro\u011flu caught on camera"},"content":{"rendered":"<p>Republican People's Party Chairman Kemal K\u0131l\u0131\u00e7daro\u011flu, together with his wife Selvi K\u0131l\u0131\u00e7daro\u011flu, attended the 100th Anniversary Meeting organized in An\u0131tpark as part of the 100th Anniversary Events of the Republican People's Party.<\/p>\n<p>During the celebration program, which included a short film screening and a folk dance performance, 100th Anniversary Plaques were presented to past CHP Presidents. Addressing Republican People's Party supporters, CHP Chairman K\u0131l\u0131\u00e7daro\u011flu then listened to a concert by Candan Er\u00e7etin.<\/p>\n<p><strong>FREE PRIVATE'S GAZE<\/strong><\/p>\n<p>Photos of the event were shared on CHP's social media accounts. One of the photos shared was remarkable.<\/p>\n<p><img loading=\"lazy\" decoding=\"async\" class=\"alignnone size-full wp-image-275792\" src=\"https:\/\/halkweb.com.tr\/wp-content\/uploads\/2023\/09\/f5ni-thwuaafojl-1-scaled-1.jpg\" alt=\"\" width=\"2560\" height=\"1620\" srcset=\"https:\/\/halkweb.com.tr\/wp-content\/uploads\/2023\/09\/f5ni-thwuaafojl-1-scaled-1.jpg 1920w, https:\/\/halkweb.com.tr\/wp-content\/uploads\/2023\/09\/f5ni-thwuaafojl-1-scaled-1-768x486.jpg 768w, https:\/\/halkweb.com.tr\/wp-content\/uploads\/2023\/09\/f5ni-thwuaafojl-1-scaled-1-1536x972.jpg 1536w, https:\/\/halkweb.com.tr\/wp-content\/uploads\/2023\/09\/f5ni-thwuaafojl-1-scaled-1-2048x1296.jpg 2048w, https:\/\/halkweb.com.tr\/wp-content\/uploads\/2023\/09\/f5ni-thwuaafojl-1-scaled-1-300x190.jpg 300w, https:\/\/halkweb.com.tr\/wp-content\/uploads\/2023\/09\/f5ni-thwuaafojl-1-scaled-1-696x440.jpg 696w, https:\/\/halkweb.com.tr\/wp-content\/uploads\/2023\/09\/f5ni-thwuaafojl-1-scaled-1-1068x676.jpg 1068w\" sizes=\"auto, (max-width: 2560px) 100vw, 2560px\" \/><\/p>\n<p>CHP Chairman Kemal K\u0131l\u0131\u00e7daro\u011flu, sitting in the protocol row, was showing his wife Selvi K\u0131l\u0131\u00e7daro\u011flu something on the stage while former CHP Chairmen Altan \u00d6ymen, Murat Karayal\u00e7\u0131n and Hikmet \u00c7etin, as well as CHP Group Chairman \u00d6zg\u00fcr \u00d6zel and Deputy Chairman Ali Mahir Ba\u015far\u0131r sat next to him.<\/p>\n<p>While everyone in the frame was watching the scene, \u00d6zg\u00fcr \u00d6zel, who recently signaled his candidacy by saying, \u201cI am at a point closer to assuming responsibility.\u201d \u00d6zg\u00fcr \u00d6zel, who recently signaled his candidacy for the CHP presidency by saying \"I am closer to assuming responsibility\", was caught looking at K\u0131l\u0131\u00e7daro\u011flu.<\/p>\n<p><img loading=\"lazy\" decoding=\"async\" class=\"alignnone size-full wp-image-275793\" src=\"https:\/\/halkweb.com.tr\/wp-content\/uploads\/2023\/09\/agla.jpg\" alt=\"\" width=\"1280\" height=\"853\" srcset=\"https:\/\/halkweb.com.tr\/wp-content\/uploads\/2023\/09\/agla.jpg 1280w, https:\/\/halkweb.com.tr\/wp-content\/uploads\/2023\/09\/agla-768x512.jpg 768w, https:\/\/halkweb.com.tr\/wp-content\/uploads\/2023\/09\/agla-300x200.jpg 300w, https:\/\/halkweb.com.tr\/wp-content\/uploads\/2023\/09\/agla-696x464.jpg 696w, https:\/\/halkweb.com.tr\/wp-content\/uploads\/2023\/09\/agla-1068x712.jpg 1068w\" sizes=\"auto, (max-width: 1280px) 100vw, 1280px\" \/><\/p>\n<p><strong>SHE SHED TEARS FOR KILI\u00c7DARO\u011eLU<\/strong><\/p>\n<p>CHP President Kemal K\u0131l\u0131\u00e7daro\u011flu, the presidential candidate of the National Alliance, spoke at his party's group meeting last March and bid farewell to CHP members from the rostrum.<\/p>\n<p>\u00d6zg\u00fcr \u00d6zel, who was CHP Group Deputy Chairman at the time, was invited to the lectern during the meeting.<\/p>","protected":false},"excerpt":{"rendered":"<p>Cumhuriyet Halk Partisi Genel Ba\u015fkan\u0131 Kemal K\u0131l\u0131\u00e7daro\u011flu, e\u015fi Selvi K\u0131l\u0131\u00e7daro\u011flu ile birlikte Cumhuriyet Halk Partisi 100. Y\u0131l Etkinlikleri kapsam\u0131nda An\u0131tpark\u2019ta d\u00fczenlenen 100. Y\u0131l Bulu\u015fmas\u0131\u2019na kat\u0131ld\u0131. K\u0131sa film g\u00f6sterimi ve halk danslar\u0131 g\u00f6sterisinin d\u00fczenledi\u011fi kutlama program\u0131nda ge\u00e7mi\u015f d\u00f6nem CHP Genel Ba\u015fkanlar\u0131na da 100. Y\u0131l Plaketi takdim edildi. Cumhuriyet Halk Partililere de hitap eden CHP Genel Ba\u015fkan\u0131 [&hellip;]<\/p>\n","protected":false},"author":3,"featured_media":277909,"comment_status":"closed","ping_status":"closed","sticky":false,"template":"","format":"standard","meta":{"footnotes":""},"categories":[2],"tags":[15,78],"class_list":{"0":"post-275791","1":"post","2":"type-post","3":"status-publish","4":"format-standard","5":"has-post-thumbnail","7":"category-gundem","8":"tag-chp","9":"tag-kemal-kilicdaroglu"},"_links":{"self":[{"href":"https:\/\/halkweb.com.tr\/en\/wp-json\/wp\/v2\/posts\/275791","targetHints":{"allow":["GET"]}}],"collection":[{"href":"https:\/\/halkweb.com.tr\/en\/wp-json\/wp\/v2\/posts"}],"about":[{"href":"https:\/\/halkweb.com.tr\/en\/wp-json\/wp\/v2\/types\/post"}],"author":[{"embeddable":true,"href":"https:\/\/halkweb.com.tr\/en\/wp-json\/wp\/v2\/users\/3"}],"replies":[{"embeddable":true,"href":"https:\/\/halkweb.com.tr\/en\/wp-json\/wp\/v2\/comments?post=275791"}],"version-history":[{"count":0,"href":"https:\/\/halkweb.com.tr\/en\/wp-json\/wp\/v2\/posts\/275791\/revisions"}],"wp:featuredmedia":[{"embeddable":true,"href":"https:\/\/halkweb.com.tr\/en\/wp-json\/wp\/v2\/media\/277909"}],"wp:attachment":[{"href":"https:\/\/halkweb.com.tr\/en\/wp-json\/wp\/v2\/media?parent=275791"}],"wp:term":[{"taxonomy":"category","embeddable":true,"href":"https:\/\/halkweb.com.tr\/en\/wp-json\/wp\/v2\/categories?post=275791"},{"taxonomy":"post_tag","embeddable":true,"href":"https:\/\/halkweb.com.tr\/en\/wp-json\/wp\/v2\/tags?post=275791"}],"curies":[{"name":"wp","href":"https:\/\/api.w.org\/{rel}","templated":true}]}}