{"id":275592,"date":"2023-08-30T12:14:43","date_gmt":"2023-08-30T09:14:43","guid":{"rendered":"https:\/\/halkweb.com.tr\/?p=275592"},"modified":"2023-08-30T12:14:43","modified_gmt":"2023-08-30T09:14:43","slug":"istanbulda-alkol-yasaginin-kapsami-genisletildi","status":"publish","type":"post","link":"https:\/\/halkweb.com.tr\/en\/istanbulda-alkol-yasaginin-kapsami-genisletildi\/","title":{"rendered":"Alcohol ban extended in Istanbul"},"content":{"rendered":"<p>\u0130stanbul Valili\u011fi halka a\u00e7\u0131k yerlerde alkol t\u00fcketimini yasaklad\u0131. Karar kamuoyunda ilk o\u0131larak bir televizyon kanal\u0131nda verilen haberle dduyruldu. Ard\u0131ndan ise internet siteleri s\u00f6z konusu haberi yay\u0131mlad\u0131. Ancak valili\u011fi internet sitesinde s\u00f6z konusu yasa\u011fa ili\u015fkin herhan gibi bir a\u00e7\u0131klama yay\u0131mlanmad\u0131. Haberle ilgili ula\u015ft\u0131\u011f\u0131m\u0131z Valilik yetkilileri ise a\u00e7\u0131klama yapacaklar\u0131n\u0131 s\u00f6ylemekle yetindi.<\/p>\n<p>Cumhuriyet Valilik taraf\u0131ndan ilgili kurumlara g\u00f6nderilen o yasak metnine ula\u015ft\u0131. Metinde yert alan ifadeler ise olduk\u00e7a \u00e7arp\u0131c\u0131. Valilik taraf\u0131ndan g\u00f6nderilen yaz\u0131da kentte asayi\u015f sorunlar\u0131n\u0131n genellikle alkolden kaynakland\u0131\u011f\u0131 iddia edildi.<\/p>\n<p><img decoding=\"async\" src=\"https:\/\/www.cumhuriyet.com.tr\/Archive\/2023\/8\/30\/120823230-1.jpg\" \/><\/p>\n<p><img decoding=\"async\" src=\"https:\/\/www.cumhuriyet.com.tr\/Archive\/2023\/8\/30\/120823792-2.jpg\" \/><\/p>\n<p>S\u00f6z konusu yaz\u0131da \u015funlara yer verildi: &#8220;\u0130lgili makamlarda yap\u0131lan \u015fikayetlerde ilimiz s\u0131n\u0131rlar\u0131 i\u00e7erisinde g\u00fcvenlik ve asayi\u015f bak\u0131m\u0131ndan kamu d\u00fczenini bozan ve halk\u0131n huzurunu ka\u00e7\u0131ran olaylara kar\u0131\u015fan \u015fah\u0131slar\u0131n ekseriyetle alkoll\u00fc olduklar\u0131 umuma a\u00e7\u0131k park, plaj, sahil, vb. Alanlarda alkol alan \u015fah\u0131slar\u0131n rahats\u0131zl\u0131k vererek halk\u0131m\u0131zda korku ve panik ya\u015fanmas\u0131na sebek olduklar\u0131 tespit edilmi\u015fti.<\/p>","protected":false},"excerpt":{"rendered":"<p>\u0130stanbul Valili\u011fi halka a\u00e7\u0131k yerlerde alkol t\u00fcketimini yasaklad\u0131. Karar kamuoyunda ilk o\u0131larak bir televizyon kanal\u0131nda verilen haberle dduyruldu. Ard\u0131ndan ise internet siteleri s\u00f6z konusu haberi yay\u0131mlad\u0131. Ancak valili\u011fi internet sitesinde s\u00f6z konusu yasa\u011fa ili\u015fkin herhan gibi bir a\u00e7\u0131klama yay\u0131mlanmad\u0131. Haberle ilgili ula\u015ft\u0131\u011f\u0131m\u0131z Valilik yetkilileri ise a\u00e7\u0131klama yapacaklar\u0131n\u0131 s\u00f6ylemekle yetindi. Cumhuriyet Valilik taraf\u0131ndan ilgili kurumlara g\u00f6nderilen [&hellip;]<\/p>\n","protected":false},"author":3,"featured_media":277909,"comment_status":"closed","ping_status":"closed","sticky":false,"template":"","format":"standard","meta":{"footnotes":""},"categories":[2],"tags":[],"class_list":{"0":"post-275592","1":"post","2":"type-post","3":"status-publish","4":"format-standard","5":"has-post-thumbnail","7":"category-gundem"},"_links":{"self":[{"href":"https:\/\/halkweb.com.tr\/en\/wp-json\/wp\/v2\/posts\/275592","targetHints":{"allow":["GET"]}}],"collection":[{"href":"https:\/\/halkweb.com.tr\/en\/wp-json\/wp\/v2\/posts"}],"about":[{"href":"https:\/\/halkweb.com.tr\/en\/wp-json\/wp\/v2\/types\/post"}],"author":[{"embeddable":true,"href":"https:\/\/halkweb.com.tr\/en\/wp-json\/wp\/v2\/users\/3"}],"replies":[{"embeddable":true,"href":"https:\/\/halkweb.com.tr\/en\/wp-json\/wp\/v2\/comments?post=275592"}],"version-history":[{"count":0,"href":"https:\/\/halkweb.com.tr\/en\/wp-json\/wp\/v2\/posts\/275592\/revisions"}],"wp:featuredmedia":[{"embeddable":true,"href":"https:\/\/halkweb.com.tr\/en\/wp-json\/wp\/v2\/media\/277909"}],"wp:attachment":[{"href":"https:\/\/halkweb.com.tr\/en\/wp-json\/wp\/v2\/media?parent=275592"}],"wp:term":[{"taxonomy":"category","embeddable":true,"href":"https:\/\/halkweb.com.tr\/en\/wp-json\/wp\/v2\/categories?post=275592"},{"taxonomy":"post_tag","embeddable":true,"href":"https:\/\/halkweb.com.tr\/en\/wp-json\/wp\/v2\/tags?post=275592"}],"curies":[{"name":"wp","href":"https:\/\/api.w.org\/{rel}","templated":true}]}}