{"id":275458,"date":"2023-08-16T19:30:15","date_gmt":"2023-08-16T16:30:15","guid":{"rendered":"https:\/\/halkweb.com.tr\/?p=275458"},"modified":"2023-08-16T19:30:15","modified_gmt":"2023-08-16T16:30:15","slug":"minister-yusuf-tekin-attending-a-ceremony-in-adanada-left-his-speech-unfinished","status":"publish","type":"post","link":"https:\/\/halkweb.com.tr\/en\/minister-yusuf-tekin-attending-a-ceremony-in-adanada-left-his-speech-unfinished\/","title":{"rendered":"Minister Yusuf Tekin, who attended a ceremony in Adana, interrupted his speech before he could finish it"},"content":{"rendered":"<p>Milli E\u011fitim Bakan\u0131 Yusuf Tekin, Y\u00fcre\u011fir K\u00fclt\u00fcr Merkezi\u2019nde d\u00fczenlenen \u2018Kad\u0131n Kollar\u0131 Sertifika T\u00f6reni\u2019ne kat\u0131ld\u0131.<\/p>\n<p><strong>\u20185-6 AYI DOLU GE\u00c7\u0130RMEK ZORUNDAYIZ\u2019<\/strong><\/p>\n<p>Burada konu\u015fan Bakan Tekin, 14 ile 28 May\u0131s\u2019ta yap\u0131lan se\u00e7imlerin ba\u015far\u0131s\u0131n\u0131n anlaml\u0131 hale gelmesi i\u00e7in gayret edilmesi gerekti\u011fini belirterek \u015funlar\u0131 s\u00f6yledi;<\/p>\n<p>\u201cKarde\u015flik bilinciyle ayr\u0131l\u0131\u011fa, gayr\u0131l\u0131\u011fa, \u00f6tekile\u015ftirmeye yer b\u0131rakmadan 31 Mart\u2019a kadar \u00e7al\u0131\u015faca\u011f\u0131z. Bu \u015funa benziyor arkada\u015flar, bir dersin vize s\u0131nav\u0131, final s\u0131nav\u0131 var. Birinci s\u0131nava girdik. S\u0131n\u0131f\u0131 ge\u00e7memiz i\u00e7in ikinci s\u0131nav\u0131m\u0131zdan da ba\u015far\u0131l\u0131 bir not almam\u0131z laz\u0131m. Alamazsak birinci s\u0131navdaki gayretimiz, \u00e7abam\u0131z; bo\u015fa \u00e7\u0131kacak. O y\u00fczden \u015funu s\u00f6yl\u00fcyorum; \u015fu \u00f6n\u00fcm\u00fczdeki 5-6 ay\u0131 ger\u00e7ekten \u00e7ok dolu ge\u00e7irmemiz gerekiyor. E\u011fer 14 ve 28 May\u0131s se\u00e7imlerindeki ba\u015far\u0131m\u0131z\u0131n anlaml\u0131 hale gelmesini istiyorsak, gayret etmeliyiz. Cumhurba\u015fkan\u0131m\u0131z\u0131n talimat\u0131 ile bizler meydanlarday\u0131z. \u2018Bu m\u00fccadelenize, \u00e7aban\u0131za katk\u0131 verebilecek neyimiz varsa; her t\u00fcrl\u00fc emrinizdeyiz\u2019 demek i\u00e7in buralarday\u0131z.\u201d<\/p>\n<p><strong>KONU\u015eMASINI ERKEN B\u0130T\u0130RD\u0130<\/strong><\/p>\n<p>Termometreler 43 dereceyi g\u00f6sterdi\u011fi kentte Tekin, s\u0131cak hava nedeniyle konu\u015fmas\u0131n\u0131 erken bitirdi. Tekin, konu\u015fmas\u0131n\u0131 bitirmeden \u00f6nce, \u201cSize bir borcum olsun. Daha fazla konu\u015fabilece\u011fim bir g\u00fcnde sizinle yine bir arada olmak istiyorum. Hakk\u0131n\u0131z\u0131 helal edin arkada\u015flar\u201d diye konu\u015ftu.<\/p>","protected":false},"excerpt":{"rendered":"<p>Milli E\u011fitim Bakan\u0131 Yusuf Tekin, Y\u00fcre\u011fir K\u00fclt\u00fcr Merkezi\u2019nde d\u00fczenlenen \u2018Kad\u0131n Kollar\u0131 Sertifika T\u00f6reni\u2019ne kat\u0131ld\u0131. \u20185-6 AYI DOLU GE\u00c7\u0130RMEK ZORUNDAYIZ\u2019 Burada konu\u015fan Bakan Tekin, 14 ile 28 May\u0131s\u2019ta yap\u0131lan se\u00e7imlerin ba\u015far\u0131s\u0131n\u0131n anlaml\u0131 hale gelmesi i\u00e7in gayret edilmesi gerekti\u011fini belirterek \u015funlar\u0131 s\u00f6yledi; \u201cKarde\u015flik bilinciyle ayr\u0131l\u0131\u011fa, gayr\u0131l\u0131\u011fa, \u00f6tekile\u015ftirmeye yer b\u0131rakmadan 31 Mart\u2019a kadar \u00e7al\u0131\u015faca\u011f\u0131z. Bu \u015funa benziyor arkada\u015flar, [&hellip;]<\/p>\n","protected":false},"author":3,"featured_media":277909,"comment_status":"closed","ping_status":"closed","sticky":false,"template":"","format":"standard","meta":{"footnotes":""},"categories":[2],"tags":[],"class_list":{"0":"post-275458","1":"post","2":"type-post","3":"status-publish","4":"format-standard","5":"has-post-thumbnail","7":"category-gundem"},"_links":{"self":[{"href":"https:\/\/halkweb.com.tr\/en\/wp-json\/wp\/v2\/posts\/275458","targetHints":{"allow":["GET"]}}],"collection":[{"href":"https:\/\/halkweb.com.tr\/en\/wp-json\/wp\/v2\/posts"}],"about":[{"href":"https:\/\/halkweb.com.tr\/en\/wp-json\/wp\/v2\/types\/post"}],"author":[{"embeddable":true,"href":"https:\/\/halkweb.com.tr\/en\/wp-json\/wp\/v2\/users\/3"}],"replies":[{"embeddable":true,"href":"https:\/\/halkweb.com.tr\/en\/wp-json\/wp\/v2\/comments?post=275458"}],"version-history":[{"count":0,"href":"https:\/\/halkweb.com.tr\/en\/wp-json\/wp\/v2\/posts\/275458\/revisions"}],"wp:featuredmedia":[{"embeddable":true,"href":"https:\/\/halkweb.com.tr\/en\/wp-json\/wp\/v2\/media\/277909"}],"wp:attachment":[{"href":"https:\/\/halkweb.com.tr\/en\/wp-json\/wp\/v2\/media?parent=275458"}],"wp:term":[{"taxonomy":"category","embeddable":true,"href":"https:\/\/halkweb.com.tr\/en\/wp-json\/wp\/v2\/categories?post=275458"},{"taxonomy":"post_tag","embeddable":true,"href":"https:\/\/halkweb.com.tr\/en\/wp-json\/wp\/v2\/tags?post=275458"}],"curies":[{"name":"wp","href":"https:\/\/api.w.org\/{rel}","templated":true}]}}