{"id":275452,"date":"2023-08-16T11:08:34","date_gmt":"2023-08-16T08:08:34","guid":{"rendered":"https:\/\/halkweb.com.tr\/?p=275452"},"modified":"2023-08-16T11:08:34","modified_gmt":"2023-08-16T08:08:34","slug":"hasan-kacan-scared-akp-voters-like-this-they-will-close-the-hagia-sophia-in-a-second-and-you-wont-hear-a-soul","status":"publish","type":"post","link":"https:\/\/halkweb.com.tr\/en\/hasan-kacan-scared-akp-voters-like-this-they-will-close-the-hagia-sophia-in-a-second-and-you-wont-hear-a-soul\/","title":{"rendered":"Hasan Ka\u00e7an scared AKP voters like this: They will close Hagia Sophia in a second and your soul will not hear"},"content":{"rendered":"<p>6-8 Subat depremlerinde binlerce ki\u015fiye mezar olan \u0130mar Aff\u0131 ile af getirilen depreme dayan\u0131ks\u0131z binlerce konutla ilgili bakanl\u0131\u011f\u0131n haz\u0131rlad\u0131\u011f\u0131 propaganda filminin ekran y\u00fcz\u00fc olan oyuncu Hasan Ka\u00e7an, bu kez de enflasyon ve hayat pahal\u0131l\u0131\u011f\u0131 konusunda \u015fikayet eden AKP se\u00e7menlerini &#8216;din elden gider&#8217; diyerek korkutmak i\u00e7in kollar\u0131 s\u0131vad\u0131.<\/p>\n<p>AKP&#8217;nin iktidar\u0131 kaybetmesi halinde Ayasofya Camii&#8217;nin yeniden kapat\u0131laca\u011f\u0131n\u0131 savunan Ka\u00e7an, vatanda\u015flar\u0131n sadece haklar\u0131n\u0131 d\u00fc\u015f\u00fcnd\u00fcklerini ancak AKP&#8217;ye kar\u015f\u0131 &#8216;g\u00f6revleri&#8217; de oldu\u011funu savundu.<\/p>\n<p>&nbsp;<\/p>\n<blockquote class=\"twitter-tweet\">\n<p dir=\"ltr\" lang=\"tr\">Kas\u0131mpa\u015fa Mevlevihanesi dedim de&#8230; \u0130lkokula gitti\u011fimiz o vakitler \u00f6\u011fretmenler talebelere &#8220;aman evlad\u0131m, o korkun\u00e7 tekkenin \u00f6n\u00fcnden ge\u00e7meyin, orada kara kara sar\u0131kl\u0131lar var, huucular var.&#8221; diye s\u0131k\u0131ya tembih edip korkuturlard\u0131. Huucular&#8230; Sanki \u00f6\u00f6c\u00fcler gibi. Ne bilelim o ya\u015fta\u2026 <a href=\"https:\/\/t.co\/vlzZRmLhqC\">pic.twitter.com\/vlzZRmLhqC<\/a><\/p>\n<p>\u2014 Hasan Ka\u00e7an (@hetenketenabi) <a href=\"https:\/\/twitter.com\/hetenketenabi\/status\/1691580762053660775?ref_src=twsrc%5Etfw\" target=\"_blank\" rel=\"noopener\">August 15, 2023<\/a><\/p><\/blockquote>\n<p><script async src=\"https:\/\/platform.twitter.com\/widgets.js\" charset=\"utf-8\"><\/script><\/p>\n<p>Hasan Ka\u00e7an&#8217;\u0131n sosyal medya hesab\u0131ndan yapt\u0131\u011f\u0131 payla\u015f\u0131m \u015f\u00f6yle:<\/p>\n<p>&#8220;Kas\u0131mpa\u015fa Mevlevihanesi dedim de&#8230; \u0130lkokula gitti\u011fimiz o vakitler \u00f6\u011fretmenler talebelere &#8220;aman evlad\u0131m, o korkun\u00e7 tekkenin \u00f6n\u00fcnden ge\u00e7meyin, orada kara kara sar\u0131kl\u0131lar var, huucular var.&#8221; diye s\u0131k\u0131ya tembih edip korkuturlard\u0131. Huucular&#8230; Sanki \u00f6\u00f6c\u00fcler gibi. Ne bilelim o ya\u015fta &#8220;tekke nedir, hu nedir&#8221; \u00f6d\u00fcm\u00fcz patlard\u0131. Kocaman ah\u015fap bir yap\u0131 olan korkun\u00e7 tekke&#8217;nin \u00f6n\u00fcnden ge\u00e7meyelim diye mektebe Samanc\u0131 Yoku\u015fu&#8217;nu t\u0131rman\u0131p, Jeremya Hastanesi&#8217;nin \u00f6n\u00fcnden ge\u00e7ip, yolu uzatarak arka kap\u0131dan vas\u0131l olurduk. Ayn\u0131 korkutmay\u0131 ortaokul y\u0131llar\u0131nda Kas\u0131mpa\u015fa Lisesi&#8217;nde de yapt\u0131lar. Okulun yanca\u011f\u0131z\u0131nda ah\u015fap bir bina vard\u0131. Bir defas\u0131nda i\u00e7eriden &#8220;hah huh hah huh!!!&#8221; gibi sesler duymu\u015f, \u00f6\u011fretmenin ikaz\u0131 akl\u0131ma gelmi\u015f, \u00f6d\u00fcm patlam\u0131\u015ft\u0131. Ne bileyim o seslerin &#8220;hay huu hay huu!!&#8221; oldu\u011funu. Ne bileyim o k\u00fc\u00e7\u00fck m\u00fctevaz\u0131 evin eskiden Ayni Ali Baba Tekkesi oldu\u011funu.<br \/>\n@terzi_idris<br \/>\nkarde\u015fimden \u00f6\u011frendi\u011fime g\u00f6re Kas\u0131mpa\u015fa Lisesi&#8217;nin bulundu\u011fu arazi Ayni Ali Baba Tekkesi&#8217;ne aitmi\u015f. Hatta Kas\u0131mpa\u015fa da bulunan Piri Reis Ortaokulu, Sururi \u0130lkokulu, Kas\u0131mpa\u015fa lisesi, Kaptanpa\u015fa ilkokulu gibi mektepler de hep kapat\u0131lan tekkelerin arazisine yap\u0131lm\u0131\u015f. Buna da \u015f\u00fck\u00fcr. Bu g\u00f6zler \u0130stiklal Caddesi \u0130mam Adnan sokakta manevi mekanlara yap\u0131lm\u0131\u015f gece kul\u00fcpleri g\u00f6rd\u00fc.<br \/>\nBu mekanlar\u0131n \u00e7o\u011funu Erdo\u011fan, belediye ba\u015fkanl\u0131\u011f\u0131ndan itibaren asl\u0131na d\u00f6nd\u00fcrd\u00fc.<br \/>\nAllah \u00f6m\u00fcr versin, \u00e7ok arars\u0131n\u0131z b\u00f6yle bir adam\u0131.<br \/>\n&#8220;Ne konu\u015fuyorsun arkada\u015f, millet pahal\u0131l\u0131ktan k\u0131r\u0131l\u0131yor!&#8221; derseniz hakl\u0131s\u0131n\u0131z hakl\u0131 olmas\u0131na daa&#8230;<br \/>\nHaziran 2015 se\u00e7imlerinde hayat b\u00f6yle pahal\u0131 de\u011filken &#8220;ha bir ders verelim&#8221; fantezisiyle az kals\u0131n memleketi koalisyonlara mahkum edecek olan babam m\u0131yd\u0131?<br \/>\nYa da ge\u00e7en belediye se\u00e7imlerinde \u0130stanbul ve Ankara&#8217;y\u0131 alt\u0131n tepside verirken b\u00f6yle bir enflasyon var m\u0131yd\u0131?<br \/>\nHep &#8220;haklar\u0131m var&#8221; diye dem vurduk. \u0130\u00e7imizde &#8220;vazifelerim var&#8221; diyen bir Allah\u0131n kulu var m\u0131? Oysaki, vazifeler yap\u0131lmazsa hak nas\u0131l zuhur edecek?<br \/>\nHaf\u0131za-i be\u015fer nisyan ile maluldur.<br \/>\nPer\u015fembe g\u00fcnleri Cuma salas\u0131 bile yeni yeni okunuyor.<br \/>\nBak g\u00fczel karde\u015fim. 66 ya\u015f\u0131nday\u0131m. &#8220;Olmaz&#8221; diye bir \u015fey g\u00f6rmedim. &#8220;Olmaz olmaz deme olmaz olmaz&#8221;<br \/>\nAyasofya&#8217;y\u0131 saniyede kapat\u0131rlar ruhun duymaz.<br \/>\nSenin de \u00e7ocuklar\u0131n\u0131 bunca y\u0131l sonra. &#8220;aman ha orada huucular var&#8221; diye korkuturlar anlamazs\u0131n bile.<br \/>\nAsker evlad\u0131n\u0131 g\u00f6rmek isteyen ba\u015f\u00f6rt\u00fcl\u00fc anneni nizamiye d\u0131\u015f\u0131na kovalarlar duymazs\u0131n bile.<br \/>\nAtm\u0131yorum. Bunlar\u0131n hepsi iki dakkada olur.<br \/>\n&#8220;Nimetin k\u0131ymetini bilmezsen Allah elinden al\u0131r&#8221;demi\u015f b\u00fcy\u00fckler.<br \/>\nEnflasyon ge\u00e7er, pahal\u0131l\u0131k ge\u00e7er, amma elden giden bir daha geri gelmez.<br \/>\nG\u00fcn gelir seccadene bile ayaklar\u0131 ile basarlar. \u00dcstelik bu defa kaza ile de\u011fil cebren basarlar.&#8221;<\/p>","protected":false},"excerpt":{"rendered":"<p>6-8 Subat depremlerinde binlerce ki\u015fiye mezar olan \u0130mar Aff\u0131 ile af getirilen depreme dayan\u0131ks\u0131z binlerce konutla ilgili bakanl\u0131\u011f\u0131n haz\u0131rlad\u0131\u011f\u0131 propaganda filminin ekran y\u00fcz\u00fc olan oyuncu Hasan Ka\u00e7an, bu kez de enflasyon ve hayat pahal\u0131l\u0131\u011f\u0131 konusunda \u015fikayet eden AKP se\u00e7menlerini &#8216;din elden gider&#8217; diyerek korkutmak i\u00e7in kollar\u0131 s\u0131vad\u0131. AKP&#8217;nin iktidar\u0131 kaybetmesi halinde Ayasofya Camii&#8217;nin yeniden kapat\u0131laca\u011f\u0131n\u0131 [&hellip;]<\/p>\n","protected":false},"author":3,"featured_media":277909,"comment_status":"closed","ping_status":"closed","sticky":false,"template":"","format":"standard","meta":{"footnotes":""},"categories":[2],"tags":[],"class_list":{"0":"post-275452","1":"post","2":"type-post","3":"status-publish","4":"format-standard","5":"has-post-thumbnail","7":"category-gundem"},"_links":{"self":[{"href":"https:\/\/halkweb.com.tr\/en\/wp-json\/wp\/v2\/posts\/275452","targetHints":{"allow":["GET"]}}],"collection":[{"href":"https:\/\/halkweb.com.tr\/en\/wp-json\/wp\/v2\/posts"}],"about":[{"href":"https:\/\/halkweb.com.tr\/en\/wp-json\/wp\/v2\/types\/post"}],"author":[{"embeddable":true,"href":"https:\/\/halkweb.com.tr\/en\/wp-json\/wp\/v2\/users\/3"}],"replies":[{"embeddable":true,"href":"https:\/\/halkweb.com.tr\/en\/wp-json\/wp\/v2\/comments?post=275452"}],"version-history":[{"count":0,"href":"https:\/\/halkweb.com.tr\/en\/wp-json\/wp\/v2\/posts\/275452\/revisions"}],"wp:featuredmedia":[{"embeddable":true,"href":"https:\/\/halkweb.com.tr\/en\/wp-json\/wp\/v2\/media\/277909"}],"wp:attachment":[{"href":"https:\/\/halkweb.com.tr\/en\/wp-json\/wp\/v2\/media?parent=275452"}],"wp:term":[{"taxonomy":"category","embeddable":true,"href":"https:\/\/halkweb.com.tr\/en\/wp-json\/wp\/v2\/categories?post=275452"},{"taxonomy":"post_tag","embeddable":true,"href":"https:\/\/halkweb.com.tr\/en\/wp-json\/wp\/v2\/tags?post=275452"}],"curies":[{"name":"wp","href":"https:\/\/api.w.org\/{rel}","templated":true}]}}