{"id":275299,"date":"2023-08-07T12:28:34","date_gmt":"2023-08-07T09:28:34","guid":{"rendered":"https:\/\/halkweb.com.tr\/?p=275299"},"modified":"2023-08-07T12:28:34","modified_gmt":"2023-08-07T09:28:34","slug":"as-cobani-case-nears-verdict-dianet-moves-to-intervene","status":"publish","type":"post","link":"https:\/\/halkweb.com.tr\/en\/as-cobani-case-nears-verdict-dianet-moves-to-intervene\/","title":{"rendered":"As the Kobani trial nears verdict, Diyanet moves... Intervenes!"},"content":{"rendered":"<p><strong>HDP<\/strong> Eski E\u015f genel Ba\u015fkan\u0131 <strong>Selahattin Demirta\u015f<\/strong>\u2018\u0131n da aralar\u0131nda bulundu\u011fu, 18\u2019i tutuklu 108 K\u00fcrt siyaset\u00e7inin yarg\u0131land\u0131\u011f\u0131 <strong>Koban\u00ee<\/strong> davas\u0131n\u0131n 27. duru\u015fma s\u00fcreci, <strong>Sincan Cezaevi Kamp\u00fcs\u00fc\u2019<\/strong>ndeki <strong>Ankara 22. A\u011f\u0131r Ceza Mahkemesi<\/strong>\u2018nde bu hafta g\u00f6r\u00fcl\u00fcyor.<\/p>\n<p>Dava kapsam\u0131nda d\u00fcn <strong>Diyanet \u0130\u015fleri Ba\u015fkanl\u0131\u011f\u0131,<\/strong> davaya m\u00fcdahillik talebinde bulundu.<\/p>\n<p>Demirta\u015f ve arkada\u015flar\u0131n\u0131n cezaland\u0131r\u0131lmas\u0131n\u0131 isteyen Diyanet, dilek\u00e7esinde, <strong>\u201cKamu hizmeti sa\u011flayan kurumumuzun y\u00f6netiminde olan camilerin ter\u00f6r eylemleri sebebiyle zarar g\u00f6rmesi toplum nezdinde devleti itibars\u0131zla\u015ft\u0131rmaya y\u00f6neliktir\u201d<\/strong> He said.<\/p>\n<h4><strong>\u2018Sap\u0131k ak\u0131m ve kurumlar\u2019<\/strong><\/h4>\n<p>DW T\u00fcrk\u00e7e\u2019nin ula\u015ft\u0131\u011f\u0131 dilek\u00e7ede, Diyanet\u2019in, \u201cToplumun dini, ahlaki ve manevi de\u011ferlerini s\u00fcrekli ayakta tutan, b\u00fct\u00fcn insanl\u0131\u011f\u0131n bar\u0131\u015f ve huzuruna katk\u0131 sa\u011flayan, \u0130sl\u00e2m Dini ile ilgili her konuda referans al\u0131nan en etkin ve en sayg\u0131n bir kurum\u201d oldu\u011fu \u00f6ne s\u00fcr\u00fcld\u00fc.<\/p>\n<p>Davaya konu ki\u015filerin fiil ve davran\u0131\u015flar\u0131n\u0131n, bu durumu temelden sarsan ve telafisi imk\u00e2ns\u0131z sonu\u00e7lara sebep oldu\u011fu savunulan dilek\u00e7ede, \u2018Nitekim vicdanlara hitap eden din hizmetlerinde itimat ve g\u00fcvenin kaybolmas\u0131 halinde bo\u015fluk kabul etmeyen bu alan\u0131n \u00e7e\u015fitli sap\u0131k ak\u0131m ve gruplara kalaca\u011f\u0131 tart\u0131\u015fmas\u0131zd\u0131r\u2019 denildi.<\/p>\n<p><strong>Dilek\u00e7ede, \u015fu ifadelere yer verildi:<\/strong><\/p>\n<p>\u201cHukukun \u00fcst\u00fcnl\u00fc\u011f\u00fcn\u00fc ve devlet otoritesini tan\u0131mayan, g\u00fc\u00e7s\u00fczl\u00fcklerini gizlemek amac\u0131yla halka kar\u015f\u0131 \u015fiddet kullanmaya y\u00f6nelen ve uluslararas\u0131 destek g\u00f6ren \u00f6rg\u00fctlerin, siyasi hedeflere ula\u015fmak i\u00e7in masum insanlar\u0131 bile hedef alabilen eylemleri maddi ve manevi kay\u0131plara sebep olmaktad\u0131r. Bu eylemlerin \u00fclke ekonomilerine de b\u00fcy\u00fck zararlar verdi\u011fi bilinen ve tart\u0131\u015f\u0131lmaz bir ger\u00e7ektir. Ter\u00f6r, kitlelere y\u00f6nelik hedef g\u00f6zetmeyen \u015fiddet eylemleriyle, toplumun g\u00fcven duygusunu ortadan kald\u0131rarak devletle toplum aras\u0131nda g\u00fcveni zedelemektedir.<\/p>\n<p>\u201cCamilerin, ter\u00f6r eylemleri sebebiyle zarar g\u00f6rmesi toplum nezdinde devleti itibars\u0131zla\u015ft\u0131rma amac\u0131 ta\u015f\u0131yor. D\u0131\u015f ve i\u00e7 kaynakl\u0131, y\u0131k\u0131c\u0131, b\u00f6l\u00fcc\u00fc ve her t\u00fcrl\u00fc tehdit ve ter\u00f6r olaylar\u0131n\u0131 bertaraf ederek halk\u0131m\u0131z\u0131n sevgi, karde\u015flik, bar\u0131\u015f, huzur, g\u00fcven, birlik ve beraberlik i\u00e7inde hi\u00e7bir korku ve endi\u015fe hissetmeden ya\u015famlar\u0131n\u0131 s\u00fcrd\u00fcrmesi i\u00e7in ter\u00f6r eylemleriyle \u00fclkemize zarar veren ki\u015filerin cezaland\u0131r\u0131lmas\u0131 ve dolay\u0131s\u0131yla halk nezdinde devletimizin itibar\u0131n\u0131n g\u00fc\u00e7lendirilmesi gerekmektedir.\u201d<\/p>","protected":false},"excerpt":{"rendered":"<p>Diyanet \u0130\u015fleri Ba\u015fkanl\u0131\u011f\u0131, HDP\u2019lilerin davran\u0131\u015flar\u0131n\u0131 ve eylemlerde camilerin zarar g\u00f6rmesini gerek\u00e7e sayarak Kobani davas\u0131na m\u00fcdahil olmak istedi.<\/p>","protected":false},"author":1,"featured_media":277909,"comment_status":"closed","ping_status":"closed","sticky":false,"template":"","format":"standard","meta":{"footnotes":""},"categories":[2],"tags":[],"class_list":{"0":"post-275299","1":"post","2":"type-post","3":"status-publish","4":"format-standard","5":"has-post-thumbnail","7":"category-gundem"},"_links":{"self":[{"href":"https:\/\/halkweb.com.tr\/en\/wp-json\/wp\/v2\/posts\/275299","targetHints":{"allow":["GET"]}}],"collection":[{"href":"https:\/\/halkweb.com.tr\/en\/wp-json\/wp\/v2\/posts"}],"about":[{"href":"https:\/\/halkweb.com.tr\/en\/wp-json\/wp\/v2\/types\/post"}],"author":[{"embeddable":true,"href":"https:\/\/halkweb.com.tr\/en\/wp-json\/wp\/v2\/users\/1"}],"replies":[{"embeddable":true,"href":"https:\/\/halkweb.com.tr\/en\/wp-json\/wp\/v2\/comments?post=275299"}],"version-history":[{"count":0,"href":"https:\/\/halkweb.com.tr\/en\/wp-json\/wp\/v2\/posts\/275299\/revisions"}],"wp:featuredmedia":[{"embeddable":true,"href":"https:\/\/halkweb.com.tr\/en\/wp-json\/wp\/v2\/media\/277909"}],"wp:attachment":[{"href":"https:\/\/halkweb.com.tr\/en\/wp-json\/wp\/v2\/media?parent=275299"}],"wp:term":[{"taxonomy":"category","embeddable":true,"href":"https:\/\/halkweb.com.tr\/en\/wp-json\/wp\/v2\/categories?post=275299"},{"taxonomy":"post_tag","embeddable":true,"href":"https:\/\/halkweb.com.tr\/en\/wp-json\/wp\/v2\/tags?post=275299"}],"curies":[{"name":"wp","href":"https:\/\/api.w.org\/{rel}","templated":true}]}}