{"id":264361,"date":"2021-12-09T12:13:05","date_gmt":"2021-12-09T09:13:05","guid":{"rendered":"https:\/\/halkweb.com.tr\/?p=264361"},"modified":"2021-12-09T12:13:05","modified_gmt":"2021-12-09T09:13:05","slug":"trt-board-member-hilal-kaplan-immediately-showed-the-stick-when-the-lead-actress-of-the-series-teskilat-criticized-her-at-the-awards-ceremony","status":"publish","type":"post","link":"https:\/\/halkweb.com.tr\/en\/trt-board-member-hilal-kaplan-immediately-showed-the-stick-when-the-lead-actress-of-the-series-teskilat-criticized-her-at-the-awards-ceremony\/","title":{"rendered":"When the lead actress of the series \"The Organization\" criticized the award ceremony, TRT Board Member Hilal Kaplan immediately showed the stick"},"content":{"rendered":"<p>\u00c7a\u011flar Ertu\u011frul, the famous actor who played the role of Serdar in Te\u015fkilat, one of TRT1\u2019s popular series, was one of the names that marked the Golden Butterfly Awards this year with his award speech. \u00c7a\u011flar Ertu\u011frul's use of gestures and mimics criticizing Tamer Karada\u011fl\u0131 on stage received both support and criticism.<\/p>\n<p><iframe loading=\"lazy\" src=\"https:\/\/player.vimeo.com\/video\/654856474?h=adf4e1e85b&amp;dnt=1&amp;app_id=122963\" width=\"696\" height=\"392\" frameborder=\"0\" allow=\"autoplay; fullscreen; picture-in-picture\" allowfullscreen><\/iframe><\/p>\n<p>Sabah writer and TRT Board Member Hilal Kaplan reacted very harshly to the award speech of \u00c7a\u011flar Ertu\u011frul, who won the \u201cBest Actor\u201d award at the Golden Butterfly Awards for his performance in the series Te\u015fkilat, which aired on TRT 1 screens.<\/p>\n<p>During his thank you speech, \u00c7a\u011flar Ertu\u011frul, referring to the polemic between Nihal Yal\u00e7\u0131n and Tamer Karada\u011fl\u0131 at the Golden Orange, suddenly turned around and said\u00a0<strong>\u201cI thought someone was miming behind me\u201d<\/strong>\u00a0He had used the expressions.<\/p>\n<p>Presenter Cem Davran also supported \u00c7a\u011flar Ertu\u011frul's reference to Tamer Karada\u011fl\u0131 with the words \u2018This is not that contest\u2019.<\/p>\n<p><strong>\u201cSELL A PRETZEL, LIVE WITH DIGNITY!\u201d<\/strong><\/p>\n<p>After \u00c7a\u011flar Ertu\u011frul's behavior, TRT's top management sent harsh messages today. Sabah Newspaper writer and TRT Board Member Hilal Kaplan targeted Ertu\u011frul in her column today in a section titled \u201cSell bagels, live with honor!\u201d.<\/p>\n<p><strong>\u201cYOU'RE THE LEAD ON A STATE CHANNEL; WHAT OTHERIZATION IS THIS?\u201d<\/strong><\/p>\n<p>Hilal Kaplan in her column in Sabah today,<strong>\u00a0\u201cWhy would someone who thinks that those who govern the state are in \u201cheedlessness, misguidance and even treason\u201d accept to play a leading role in a state channel? Let's say he did; why does he include himself in his award speech by using the subject \u201cwe\u201d in his wish for \u201ca Turkey where we are not marginalized\u201d even though he has never been discriminated against throughout his life? You are the lead in a state channel; what more marginalization is this?<\/strong><\/p>\n<p><strong>\u201cWELL IF YOU ARE SO UNCOMFORTABLE WITH THOSE WHO RUN THE STATE...\u201d<\/strong><\/p>\n<p><strong>\u201cWell, if you are so uncomfortable with those who run the state, we owe it to you to call out with your favorite slogan: Sell bagels, live with honor! Or anyway, have a good after party...\u201c<\/strong><\/p>\n<p>On the other hand, the reactions to \u00c7a\u011flar Ertu\u011frul's outburst targeting Tamer Karada\u011fl\u0131 at the Golden Butterfly gathered under the hashtag \u2018We don't watch Te\u015fkilat\u2019 on Twitter. After this hashtag, a statement came from the famous actor.<\/p>\n<p><strong>ERTUGRUL MADE A STATEMENT AFTER REACTIONS<\/strong><\/p>\n<p>On Twitter, reactions to Ertu\u011frul's words rose and the hashtag \u2018We don't watch Te\u015fkilat\u2019 spread. Upon this, \u00c7a\u011flar Ertu\u011frul made a statement about his reference to Tamer Karada\u011fl\u0131.<\/p>\n<p><strong>\u201cI ALSO LOVE AND RESPECT BROTHER TAMER VERY MUCH\u201d<\/strong><\/p>\n<p>\u00c7a\u011flar Ertu\u011frul, who started a reaction trend against him on Tiwtter after this move, shared the following statement on his social media account regarding the hashtag \u201cTe\u015fkilat \u0130zlemiyoruz\u201d:<\/p>\n<p><strong>\u201cThose who know me know my trolling. I also love and respect Tamer Abi very much. We grew up with his work, but if we can't make two jokes, let's not live! It's different if you don't find it funny, but some people's ugly accusations for one word are very irrelevant.\u201d<\/strong><\/p>\n<p><strong><img decoding=\"async\" src=\"https:\/\/halkweb.com.tr\/wp-content\/uploads\/2021\/12\/img_61b1c8a180326.jpg\" alt=\"\" \/><\/strong><\/p>","protected":false},"excerpt":{"rendered":"<p>TRT Y\u00f6netim Kurulu \u00fcyesi Hilal Kaplan, Sabah gazetesindeki k\u00f6\u015fesinden TRT1&#8217;de yay\u0131nlanan Te\u015fkilat dizisinin Serdar&#8217;\u0131 \u00c7a\u011flar Ertu\u011frul&#8217;a tepki g\u00f6sterdi. Ertu\u011frul, Alt\u0131n Kelebek \u00d6d\u00fcl T\u00f6reni&#8217;nde Tamer Karada\u011fl\u0131&#8217;ya \u201cmimik\u201dg\u00f6ndermesi yapm\u0131\u015ft\u0131.<\/p>","protected":false},"author":1,"featured_media":277909,"comment_status":"closed","ping_status":"closed","sticky":false,"template":"","format":"standard","meta":{"footnotes":""},"categories":[2],"tags":[],"class_list":{"0":"post-264361","1":"post","2":"type-post","3":"status-publish","4":"format-standard","5":"has-post-thumbnail","7":"category-gundem"},"_links":{"self":[{"href":"https:\/\/halkweb.com.tr\/en\/wp-json\/wp\/v2\/posts\/264361","targetHints":{"allow":["GET"]}}],"collection":[{"href":"https:\/\/halkweb.com.tr\/en\/wp-json\/wp\/v2\/posts"}],"about":[{"href":"https:\/\/halkweb.com.tr\/en\/wp-json\/wp\/v2\/types\/post"}],"author":[{"embeddable":true,"href":"https:\/\/halkweb.com.tr\/en\/wp-json\/wp\/v2\/users\/1"}],"replies":[{"embeddable":true,"href":"https:\/\/halkweb.com.tr\/en\/wp-json\/wp\/v2\/comments?post=264361"}],"version-history":[{"count":0,"href":"https:\/\/halkweb.com.tr\/en\/wp-json\/wp\/v2\/posts\/264361\/revisions"}],"wp:featuredmedia":[{"embeddable":true,"href":"https:\/\/halkweb.com.tr\/en\/wp-json\/wp\/v2\/media\/277909"}],"wp:attachment":[{"href":"https:\/\/halkweb.com.tr\/en\/wp-json\/wp\/v2\/media?parent=264361"}],"wp:term":[{"taxonomy":"category","embeddable":true,"href":"https:\/\/halkweb.com.tr\/en\/wp-json\/wp\/v2\/categories?post=264361"},{"taxonomy":"post_tag","embeddable":true,"href":"https:\/\/halkweb.com.tr\/en\/wp-json\/wp\/v2\/tags?post=264361"}],"curies":[{"name":"wp","href":"https:\/\/api.w.org\/{rel}","templated":true}]}}