{"id":285579,"date":"2026-05-03T05:46:53","date_gmt":"2026-05-03T05:46:53","guid":{"rendered":"https:\/\/halkweb.com.tr\/?p=285579"},"modified":"2026-05-03T05:46:53","modified_gmt":"2026-05-03T05:46:53","slug":"maskeli-balo-partisi","status":"publish","type":"post","link":"https:\/\/halkweb.com.tr\/de\/maskeli-balo-partisi\/","title":{"rendered":"Maskenball"},"content":{"rendered":"<p>Evet, CHP art\u0131k resmen \u201cMaskeli Balo\u201d partisi oldu.<\/p>\n<p>Maskeler tak\u0131ld\u0131, \u0131\u015f\u0131klar s\u00f6nd\u00fc, m\u00fczik y\u00fckseldi. Sahneye \u00e7\u0131kanlar birbirinden farkl\u0131 kost\u00fcmler i\u00e7inde ama hepsinin ortak bir derdi var: Ger\u00e7ek y\u00fczlerini kimseye g\u00f6stermemek. \u00c7\u00fcnk\u00fc ger\u00e7ek y\u00fczleri ortaya \u00e7\u0131ksa, o salonun kap\u0131s\u0131ndan bile giremezlerdi.<\/p>\n<p>Pavyon masalar\u0131ndan kalk\u0131p gelenler, FET\u00d6\u2019n\u00fcn eski \u201cayd\u0131nl\u0131k\u201d kadrolar\u0131, DHKP-C\u2019nin sokak ter\u00f6ristleri, Adnan Oktar\u2019\u0131n \u201ckurtulu\u015f\u201d bekleyen m\u00fcritleri, Ekrem \u0130mamo\u011flu\u2019nun \u201cbelediye ihale\u201d ekibi, eski h\u0131rs\u0131zlar, yeni h\u0131rs\u0131zlar, akla kim geliyorsa\u2026 Hepsi ayn\u0131 salonda, ayn\u0131 masada, ayn\u0131 kadeh toku\u015fturuyor. Aralar\u0131nda ideolojik u\u00e7urum varm\u0131\u015f gibi g\u00f6r\u00fcn\u00fcyor ama asl\u0131nda hepsini birle\u015ftiren \u00e7ok sa\u011flam bir ba\u011f var: \u201cCHP\u2019ye s\u0131\u011f\u0131nmak\u201d.<\/p>\n<p>Bir zamanlar \u201cAtat\u00fcrk\u2019\u00fcn partisi\u201d diye \u00f6v\u00fcnen CHP, bug\u00fcn \u00f6yle bir kucak a\u00e7m\u0131\u015f ki, Atat\u00fcrk\u2019\u00fcn mezar\u0131ndan kalk\u0131p gelse \u201cBu da neyin nesi?\u201d diye \u015fa\u015fk\u0131nl\u0131ktan donakal\u0131rd\u0131.<\/p>\n<p>FET\u00d6\u2019c\u00fc, \u201cBen de laikim\u201d diyor, maskeyi tak\u0131yor.\u2028DHKP-C\u2019li, \u201cBen de cumhuriyet\u00e7iyim\u201d diyor, maskeyi tak\u0131yor.\u2028Adnan Oktar\u2019\u0131n m\u00fcritleri, \u201cBiz de bilimsel d\u00fc\u015f\u00fcnceden yanay\u0131z\u201d diyor, maskeyi tak\u0131yor.\u2028Pavyon k\u00fclt\u00fcr\u00fcyle yeti\u015fmi\u015f \u201csosyal demokrat\u201dlar, \u201cBiz de halk\u00e7\u0131y\u0131z\u201d diyor, maskeyi tak\u0131yor.\u2028H\u0131rs\u0131zlar ise en kal\u0131n maskeyi tak\u0131yor: \u201cYolsuzlukla m\u00fccadele ediyoruz\u201d diyorlar.<\/p>\n<p>Hepsi ayn\u0131 oyunu oynuyor: D\u0131\u015far\u0131ya \u201claik, cumhuriyet\u00e7i, Atat\u00fcrk\u00e7\u00fc\u201d imaj\u0131 verirken, i\u00e7eride kendi ajandalar\u0131n\u0131, kendi \u00e7\u0131karlar\u0131n\u0131, kendi kirli ge\u00e7mi\u015flerini CHP\u2019nin \u00e7at\u0131s\u0131 alt\u0131na gizliyorlar. Parti t\u00fcz\u00fc\u011f\u00fc de\u011fil, maske t\u00fcz\u00fc\u011f\u00fc ge\u00e7erli art\u0131k. Kimin ne oldu\u011fu belli de\u011fil; belli olan tek \u015fey, hepsinin \u201cEkrem \u0130mamo\u011flu\u2019nu cumhurba\u015fkan\u0131 yapma\u201d projesinde bulu\u015ftuklar\u0131.<\/p>\n<p>Asl\u0131nda \u00e7ok da \u015fa\u015f\u0131rt\u0131c\u0131 de\u011fil.\u2028Bir parti ideolojisini, ilkelerini, tarihini kaybetti\u011finde ne olur? Tam da bu olur. Herkesin s\u0131\u011f\u0131nd\u0131\u011f\u0131, herkesin kulland\u0131\u011f\u0131, herkesin i\u00e7ini bo\u015faltt\u0131\u011f\u0131 bir \u201ckiral\u0131k salon\u201da d\u00f6n\u00fc\u015f\u00fcr. CHP bug\u00fcn tam olarak o salon haline geldi. Kap\u0131s\u0131nda \u201cHerkese a\u00e7\u0131k\u201d yaz\u0131yor ama i\u00e7eri giren herkes maskeli.<\/p>\n<p>Maskeli balo devam ediyor.\u2028M\u00fczik \u00e7al\u0131yor, \u0131\u015f\u0131klar yan\u0131p s\u00f6n\u00fcyor, kost\u00fcmler parl\u0131yor.\u2028Ama bir g\u00fcn \u0131\u015f\u0131klar yand\u0131\u011f\u0131nda, maskeler d\u00fc\u015ft\u00fc\u011f\u00fcnde geriye ne kalacak?<\/p>\n<p>Bo\u015f bir salon, k\u0131r\u0131k kadehler ve \u201cBir zamanlar Cumhuriyet Halk Partisi vard\u0131\u201d diye ba\u015flayan bir hik\u00e2ye.<\/p>\n<p>O hik\u00e2yeyi de art\u0131k kimse inanarak anlatamayacak.\u2028\u00c7\u00fcnk\u00fc maskeli baloda kimse ger\u00e7ek y\u00fcz\u00fcn\u00fc g\u00f6stermedi.<\/p>","protected":false},"excerpt":{"rendered":"<p>Was passiert, wenn eine Partei ihre Ideologie, ihre Grunds\u00e4tze und ihre Geschichte verliert?<\/p>","protected":false},"author":28,"featured_media":285580,"comment_status":"closed","ping_status":"closed","sticky":false,"template":"","format":"standard","meta":{"footnotes":""},"categories":[286],"tags":[],"class_list":{"0":"post-285579","1":"post","2":"type-post","3":"status-publish","4":"format-standard","5":"has-post-thumbnail","7":"category-yazarlar"},"_links":{"self":[{"href":"https:\/\/halkweb.com.tr\/de\/wp-json\/wp\/v2\/posts\/285579","targetHints":{"allow":["GET"]}}],"collection":[{"href":"https:\/\/halkweb.com.tr\/de\/wp-json\/wp\/v2\/posts"}],"about":[{"href":"https:\/\/halkweb.com.tr\/de\/wp-json\/wp\/v2\/types\/post"}],"author":[{"embeddable":true,"href":"https:\/\/halkweb.com.tr\/de\/wp-json\/wp\/v2\/users\/28"}],"replies":[{"embeddable":true,"href":"https:\/\/halkweb.com.tr\/de\/wp-json\/wp\/v2\/comments?post=285579"}],"version-history":[{"count":1,"href":"https:\/\/halkweb.com.tr\/de\/wp-json\/wp\/v2\/posts\/285579\/revisions"}],"predecessor-version":[{"id":285581,"href":"https:\/\/halkweb.com.tr\/de\/wp-json\/wp\/v2\/posts\/285579\/revisions\/285581"}],"wp:featuredmedia":[{"embeddable":true,"href":"https:\/\/halkweb.com.tr\/de\/wp-json\/wp\/v2\/media\/285580"}],"wp:attachment":[{"href":"https:\/\/halkweb.com.tr\/de\/wp-json\/wp\/v2\/media?parent=285579"}],"wp:term":[{"taxonomy":"category","embeddable":true,"href":"https:\/\/halkweb.com.tr\/de\/wp-json\/wp\/v2\/categories?post=285579"},{"taxonomy":"post_tag","embeddable":true,"href":"https:\/\/halkweb.com.tr\/de\/wp-json\/wp\/v2\/tags?post=285579"}],"curies":[{"name":"wp","href":"https:\/\/api.w.org\/{rel}","templated":true}]}}