{"id":285569,"date":"2026-05-02T05:55:49","date_gmt":"2026-05-02T05:55:49","guid":{"rendered":"https:\/\/halkweb.com.tr\/?p=285569"},"modified":"2026-05-02T05:55:49","modified_gmt":"2026-05-02T05:55:49","slug":"siz-hangi-iktidara-karsisiniz","status":"publish","type":"post","link":"https:\/\/halkweb.com.tr\/de\/siz-hangi-iktidara-karsisiniz\/","title":{"rendered":"Gegen welche Regierung sind Sie?"},"content":{"rendered":"<p>\u0130ktidar kavram\u0131n\u0131 sadece siyasal iktidara indirgeyerek ele almak temsili demokrasilerdeki toplumsal m\u00fccadelenin en sorunlu yakla\u015f\u0131m\u0131d\u0131r.<\/p>\n<p>Siyasal m\u00fccadeleyi, sadece temsil alanlar\u0131 aras\u0131ndaki rekabet ve koltuk kapma yar\u0131\u015f\u0131 gibi g\u00f6rme e\u011filimi, b\u00fcy\u00fck bir yan\u0131lg\u0131d\u0131r.<\/p>\n<p>Bug\u00fcn\u00fcn d\u00fcnyas\u0131nda siyasal iktidarlar, iktidar alan\u0131 toplam\u0131n\u0131n bir par\u00e7as\u0131n\u0131 olu\u015ftururlar. Siyasal iktidarlar\u0131 da ku\u015fatan as\u0131l hegemonik g\u00fc\u00e7 ise sermayedir.<\/p>\n<p>Sadece siyasi partileri de\u011fil, meslek \u00f6rg\u00fctlerini, sendikalar\u0131, medya kurulu\u015flar\u0131n\u0131, hatta kim hay\u0131r kurumlar\u0131 bile sermayenin ku\u015fatmas\u0131 alt\u0131ndad\u0131r.<\/p>\n<p>\u0130ktidar\u0131 siyasal iktidardan ibaret sanmak, en az\u0131ndan k\u00fclt\u00fcrel hegemonya a\u00e7\u0131s\u0131ndan yanl\u0131\u015f bir okumad\u0131r.<\/p>\n<p>Bug\u00fcn T\u00fcrkiye&#8217;de \u00e7eyrek asr\u0131 bulan siyasal iktidara ra\u011fmen, k\u00fclt\u00fcrel hegemonya lokal alanlar d\u0131\u015f\u0131nda hala muhafazakar \u00e7izginin kontrol\u00fcnde de\u011filse, ger\u00e7ek ve en g\u00fc\u00e7l\u00fc iktidar\u0131n kimde oldu\u011funu yeniden sorgulamal\u0131y\u0131z.<\/p>\n<p>Elbette siyasal iktidarlar\u0131 sorumluluktan kurtarmak i\u00e7in bu analizi yapm\u0131yoruz. Ancak do\u011fru bir iktidar ve hegomanya de\u011ferlendirmesi yapmadan, toplumsal talepleri, kamu yarar\u0131n\u0131 savunmak, korumak ve geli\u015ftirmek m\u00fcmk\u00fcn de\u011fildir.<\/p>\n<p>Sorunu sadece se\u00e7ime, parlamento aritmeti\u011fine, indirgeyerek ele almak, konuyu basitle\u015ftirmektir, hafife almakt\u0131r.<\/p>\n<p>Sermayenin k\u00fcresel \u00f6l\u00e7ekte siyaset \u00fczerinde kurdu\u011fu hegemonya, se\u00e7im kampanyalar\u0131ndan, alg\u0131 operasyonlar\u0131na kadar her taraf\u0131 ku\u015fatm\u0131\u015ft\u0131r. Ger\u00e7ek bir \u00f6zg\u00fcrl\u00fck ve e\u015fitlik m\u00fccadelesi, bu ku\u015fatmaya kar\u015f\u0131 sahici alternatif in\u015fas\u0131yla m\u00fcmk\u00fcn olabilir.<\/p>\n<p>Do\u011fru bir siyasal bilin\u00e7, g\u00fc\u00e7l\u00fc bir toplumsal ahlak ve alternatif olabilecek bir dayan\u0131\u015fma modeli in\u015fa edilmedik\u00e7e, bu k\u00fcresel hegemonyaya kar\u015f\u0131 mesafe alamay\u0131z.<\/p>\n<p>Bug\u00fcn yerel iktidarlar \u00fczerinden bir siyasi partinin hem de Kurtulu\u015f Sava\u015f\u0131&#8217;na ya\u015f\u0131t bir siyasal \u00f6rg\u00fctlenmenin, parayla esir al\u0131nmas\u0131 \u00fczerinden tart\u0131\u015fma y\u00fcr\u00fct\u00fcyorsak, bunu sadece siyasal iktidar ve yarg\u0131 ili\u015fkisi \u00fczerinden okumak da, hedef sapt\u0131rmak ve sorunu \u00e7\u00f6zme iradesinden uzak durmakt\u0131r.<\/p>\n<p>G\u00fcn kendimize bu can yak\u0131c\u0131 soruyu yeniden sorma g\u00fcn\u00fcd\u00fcr. Biz sahiden hangi iktidara kar\u015f\u0131y\u0131z ?<\/p>\n<p>Nur wenn wir uns gegen die politische Macht stellen, k\u00f6nnen wir eine Arbeit vorlegen, die das Feld der gro\u00dfen Macht beeinflusst!<\/p>","protected":false},"excerpt":{"rendered":"<p>Nur wenn wir uns gegen die politische Macht stellen, k\u00f6nnen wir eine Arbeit vorlegen, die das Feld der gro\u00dfen Macht beeinflusst!<\/p>","protected":false},"author":27,"featured_media":285570,"comment_status":"closed","ping_status":"closed","sticky":false,"template":"","format":"standard","meta":{"footnotes":""},"categories":[286],"tags":[289],"class_list":{"0":"post-285569","1":"post","2":"type-post","3":"status-publish","4":"format-standard","5":"has-post-thumbnail","7":"category-yazarlar","8":"tag-manset"},"_links":{"self":[{"href":"https:\/\/halkweb.com.tr\/de\/wp-json\/wp\/v2\/posts\/285569","targetHints":{"allow":["GET"]}}],"collection":[{"href":"https:\/\/halkweb.com.tr\/de\/wp-json\/wp\/v2\/posts"}],"about":[{"href":"https:\/\/halkweb.com.tr\/de\/wp-json\/wp\/v2\/types\/post"}],"author":[{"embeddable":true,"href":"https:\/\/halkweb.com.tr\/de\/wp-json\/wp\/v2\/users\/27"}],"replies":[{"embeddable":true,"href":"https:\/\/halkweb.com.tr\/de\/wp-json\/wp\/v2\/comments?post=285569"}],"version-history":[{"count":1,"href":"https:\/\/halkweb.com.tr\/de\/wp-json\/wp\/v2\/posts\/285569\/revisions"}],"predecessor-version":[{"id":285571,"href":"https:\/\/halkweb.com.tr\/de\/wp-json\/wp\/v2\/posts\/285569\/revisions\/285571"}],"wp:featuredmedia":[{"embeddable":true,"href":"https:\/\/halkweb.com.tr\/de\/wp-json\/wp\/v2\/media\/285570"}],"wp:attachment":[{"href":"https:\/\/halkweb.com.tr\/de\/wp-json\/wp\/v2\/media?parent=285569"}],"wp:term":[{"taxonomy":"category","embeddable":true,"href":"https:\/\/halkweb.com.tr\/de\/wp-json\/wp\/v2\/categories?post=285569"},{"taxonomy":"post_tag","embeddable":true,"href":"https:\/\/halkweb.com.tr\/de\/wp-json\/wp\/v2\/tags?post=285569"}],"curies":[{"name":"wp","href":"https:\/\/api.w.org\/{rel}","templated":true}]}}