{"id":285559,"date":"2026-05-02T05:21:28","date_gmt":"2026-05-02T05:21:28","guid":{"rendered":"https:\/\/halkweb.com.tr\/?p=285559"},"modified":"2026-05-02T05:21:28","modified_gmt":"2026-05-02T05:21:28","slug":"rehin-alinan-siyaset","status":"publish","type":"post","link":"https:\/\/halkweb.com.tr\/de\/rehin-alinan-siyaset\/","title":{"rendered":"Rehin al\u0131nan siyaset"},"content":{"rendered":"<p>Ne garip bir d\u00f6nemden ge\u00e7iyoruz, fark\u0131nda m\u0131s\u0131n\u0131z?<br \/>\nAhlaks\u0131zl\u0131k sadece kurumsalla\u015fmad\u0131; art\u0131k kabulleniliyor.<br \/>\nOla\u011fan Kurultay\u2019\u0131n yap\u0131lmas\u0131n\u0131n \u00fczerinden y\u0131llar ge\u00e7ti. Ard\u0131ndan yeni kurultaylar yap\u0131ld\u0131. Ancak antidemokratik uygulamalar, yaln\u0131zca i\u00e7 yap\u0131y\u0131 zedelemekle kalmad\u0131; iktidar\u0131n da i\u015fine yarad\u0131, adeta ekme\u011fine ya\u011f s\u00fcrd\u00fc.<br \/>\nGarip bir anlay\u0131\u015f h\u00e2kim oldu:<br \/>\n\u201cBiz ne kadar rezil olursak olal\u0131m, ba\u015fkalar\u0131n\u0131n rezilliklerini ne kadar a\u00e7\u0131\u011fa \u00e7\u0131kar\u0131rsak, kendi rezilliklerimizi o kadar g\u00f6r\u00fcnmez k\u0131lar\u0131z.\u201d<br \/>\nOysa olmas\u0131 gereken \u201cmutlak butlan\u201d karar\u0131n\u0131 geciktirdik\u00e7e geciktirdiler.<br \/>\nAd\u0131na \u201carka kap\u0131 diplomasisi\u201d mi dersiniz, yoksa ba\u015fka bir \u015fey mi?<br \/>\nSiyaseten \u201cBiz asl\u0131nda \u00d6zg\u00fcr \u00d6zel\u2019i severiz\u201d diyenler\u2026<br \/>\n\u201cB\u00fclent Ar\u0131n\u00e7\u2019\u0131n kahraman\u0131 bizim de kahraman\u0131m\u0131z\u201d s\u00f6ylemleri\u2026<br \/>\nVe bu s\u00f6ylemlerin arkas\u0131nda d\u00f6nen gizli rant ve menfaat ortakl\u0131klar\u0131\u2026<br \/>\nBir de \u201cmutlak butlan\u201d ile belediyelerin bula\u015ft\u0131\u011f\u0131 pislikten ar\u0131naca\u011f\u0131n\u0131 sanan, her \u015feyi bildi\u011fini d\u00fc\u015f\u00fcnen o abiler\u2026<br \/>\nAsl\u0131nda bu i\u015f \u00e7ok daha \u00f6nce kaybedildi.<br \/>\n\u201cSen bizim belediye ba\u015fkanlar\u0131na kar\u0131\u015fma, biz de sana kar\u0131\u015fmayal\u0131m\u201d denildi\u011fi anda.<br \/>\n\u201c2,5 y\u0131l senden, 2,5 y\u0131l benden\u201d hesaplar\u0131yla\u2026<br \/>\nErken se\u00e7im talebinin rafa kald\u0131r\u0131ld\u0131\u011f\u0131, g\u00fcndemde se\u00e7im yokken enerjinin \u201ccumhurba\u015fkan\u0131 aday\u0131\u201d tart\u0131\u015fmalar\u0131na harcand\u0131\u011f\u0131 noktada\u2026<br \/>\nK\u0131rm\u0131z\u0131 kart s\u00f6ylemleri\u2026<br \/>\n\u201cI\u015f\u0131klar\u0131 a\u00e7al\u0131m kapatal\u0131m\u201d gibi i\u00e7i bo\u015f eylemler\u2026<br \/>\n32 numara ayakkab\u0131 giyen 1,5 ya\u015f\u0131ndaki o \u201cm\u00fccadeleci i\u015f\u00e7i\u201d imgeleri\u2026<br \/>\nVe 32 saatlik oldu\u011fu s\u00f6ylenen o me\u015fhur videolar\u2026<br \/>\nUnd was geschah dann?<br \/>\n7 dakika 20 saniyelik kay\u0131tlarla rehin al\u0131nanlar\u2026<br \/>\n\u015eantajlar\u0131n g\u00f6lgesine s\u0131\u011f\u0131nanlar\u2026<br \/>\nBug\u00fcn gelinen noktada ise tablo daha da net:<br \/>\n\u0130nand\u0131r\u0131c\u0131l\u0131\u011f\u0131n\u0131 ve ikna g\u00fcc\u00fcn\u00fc kaybetmi\u015f bir siyaset\u2026<br \/>\nArka kap\u0131 diplomasisine teslim olmu\u015f bir liderlik\u2026<br \/>\n\u0130\u00e7eride yaln\u0131z b\u0131rak\u0131lm\u0131\u015f belediye ba\u015fkanlar\u0131\u2026<br \/>\nVe h\u00e2l\u00e2 kendini \u201charikalar diyar\u0131nda\u201d sanan, her \u015feyi bildi\u011fini d\u00fc\u015f\u00fcnenler\u2026<br \/>\nDie Wahrheit ist;<br \/>\nDieses Bild ist nicht an einem Tag entstanden.<br \/>\nAd\u0131m ad\u0131m, g\u00f6z g\u00f6re g\u00f6re in\u015fa edildi.<\/p>","protected":false},"excerpt":{"rendered":"<p>Dieses Bild ist nicht an einem Tag entstanden.<br \/>\nAd\u0131m ad\u0131m, g\u00f6z g\u00f6re g\u00f6re in\u015fa edildi.<\/p>","protected":false},"author":13,"featured_media":285560,"comment_status":"closed","ping_status":"closed","sticky":false,"template":"","format":"standard","meta":{"footnotes":""},"categories":[286],"tags":[289],"class_list":{"0":"post-285559","1":"post","2":"type-post","3":"status-publish","4":"format-standard","5":"has-post-thumbnail","7":"category-yazarlar","8":"tag-manset"},"_links":{"self":[{"href":"https:\/\/halkweb.com.tr\/de\/wp-json\/wp\/v2\/posts\/285559","targetHints":{"allow":["GET"]}}],"collection":[{"href":"https:\/\/halkweb.com.tr\/de\/wp-json\/wp\/v2\/posts"}],"about":[{"href":"https:\/\/halkweb.com.tr\/de\/wp-json\/wp\/v2\/types\/post"}],"author":[{"embeddable":true,"href":"https:\/\/halkweb.com.tr\/de\/wp-json\/wp\/v2\/users\/13"}],"replies":[{"embeddable":true,"href":"https:\/\/halkweb.com.tr\/de\/wp-json\/wp\/v2\/comments?post=285559"}],"version-history":[{"count":1,"href":"https:\/\/halkweb.com.tr\/de\/wp-json\/wp\/v2\/posts\/285559\/revisions"}],"predecessor-version":[{"id":285561,"href":"https:\/\/halkweb.com.tr\/de\/wp-json\/wp\/v2\/posts\/285559\/revisions\/285561"}],"wp:featuredmedia":[{"embeddable":true,"href":"https:\/\/halkweb.com.tr\/de\/wp-json\/wp\/v2\/media\/285560"}],"wp:attachment":[{"href":"https:\/\/halkweb.com.tr\/de\/wp-json\/wp\/v2\/media?parent=285559"}],"wp:term":[{"taxonomy":"category","embeddable":true,"href":"https:\/\/halkweb.com.tr\/de\/wp-json\/wp\/v2\/categories?post=285559"},{"taxonomy":"post_tag","embeddable":true,"href":"https:\/\/halkweb.com.tr\/de\/wp-json\/wp\/v2\/tags?post=285559"}],"curies":[{"name":"wp","href":"https:\/\/api.w.org\/{rel}","templated":true}]}}