{"id":285553,"date":"2026-05-02T05:04:27","date_gmt":"2026-05-02T05:04:27","guid":{"rendered":"https:\/\/halkweb.com.tr\/?p=285553"},"modified":"2026-05-02T05:56:18","modified_gmt":"2026-05-02T05:56:18","slug":"yorgunluk-degil-haksizlik","status":"publish","type":"post","link":"https:\/\/halkweb.com.tr\/de\/yorgunluk-degil-haksizlik\/","title":{"rendered":"Yorgunluk De\u011fil, Haks\u0131zl\u0131k"},"content":{"rendered":"<p>1 May\u0131s\u2019ta herkes iyi. Emek konu\u015fuluyor, al\u0131n teri, sayg\u0131, hak deniyor. Bir g\u00fcn s\u00fcr\u00fcyor. Ertesi g\u00fcn herkes eski haline d\u00f6n\u00fcyor.<\/p>\n<p>\u0130nsanlar \u00e7al\u0131\u015f\u0131yor. Hem de \u00e7ok. Yoruluyor. Ama ay sonu geliyor, sonu\u00e7 yok. Gelecek dedi\u011fin \u015fey s\u00fcrekli erteleniyor.<\/p>\n<p>Sonra soruyoruz, neden kimse i\u015fine sar\u0131lm\u0131yor?<\/p>\n<p>\u00c7\u00fcnk\u00fc sar\u0131lman\u0131n bir getirisi yok.<\/p>\n<p>Bunu g\u00f6rmek zor de\u011fil. Ayn\u0131 yerde iki ki\u015fi var. Biri i\u015fi s\u0131rtlan\u0131yor, di\u011feri idare ediyor. Ama i\u015f ilerlemeye gelince \u00f6ne ge\u00e7en \u00e7al\u0131\u015fan olmuyor. Daha yak\u0131n olan oluyor. Yak\u0131n derken a\u00e7\u0131k. Y\u00f6netime yak\u0131n, daha g\u00f6r\u00fcn\u00fcr, daha \u00e7ok g\u00f6ze giren.<\/p>\n<p>Bunu bir kere g\u00f6rd\u00fcn m\u00fc, bitti. \u0130kinci g\u00fcn ayn\u0131 \u015fekilde \u00e7al\u0131\u015fmazs\u0131n. Bu tembellik de\u011fil. Bu, durumu anlamak.<\/p>\n<p>Sistem sana neyi \u00f6d\u00fcllendiriyorsa, sen ona d\u00f6n\u00fc\u015f\u00fcrs\u00fcn. Emek \u00f6d\u00fcllendirilmiyorsa kimse uzun s\u00fcre emek vermez. Sessizlik i\u015fe yar\u0131yorsa herkes susar.<\/p>\n<p>Sonra kalite d\u00fc\u015fer, g\u00fcven azal\u0131r, herkes \u015fikayet eder. Ama kimse \u015funu s\u00f6ylemez. Bu d\u00fczen kendili\u011finden gitmiyor, g\u00f6t\u00fcr\u00fcl\u00fcyor.<\/p>\n<p>Kurallar var deniyor ama herkese ayn\u0131 uygulanm\u0131yor. \u00d6l\u00e7\u00fc var deniyor ama \u00e7o\u011fu zaman \u00f6l\u00e7\u00fclen \u015fey i\u015f de\u011fil, izlenim. Denetim var deniyor ama se\u00e7ici.<\/p>\n<p>T\u0131pta da ayn\u0131. Ayn\u0131 serviste biri ger\u00e7ekten y\u00fck al\u0131r, di\u011feri daha azla gider. Ama f\u0131rsat gelince aradaki fark g\u00f6r\u00fcnmez. Bazen daha \u00e7ok \u00e7al\u0131\u015fan de\u011fil, daha g\u00f6r\u00fcn\u00fcr olan \u00f6ne ge\u00e7er. Bunu iki kere ya\u015fayan \u00fc\u00e7\u00fcnc\u00fcde geri \u00e7ekilir. \u00c7\u00fcnk\u00fc anlam\u0131\u015ft\u0131r. Fazlas\u0131 \u015fart de\u011fil.<\/p>\n<p>Evet, herkes ayn\u0131 \u00e7al\u0131\u015fmaz. Ama konu bu de\u011fil. \u00c7al\u0131\u015fanla \u00e7al\u0131\u015fmayan\u0131n fark\u0131 yoksa kimse fazla \u00e7al\u0131\u015fmaz. Orada i\u015f biter.<\/p>\n<p>Sonra d\u00f6n\u00fcp neden b\u00f6yle oldu diye sorulur. Cevap ortada.<\/p>\n<p>Bir de \u015fu var. Herkes yukar\u0131y\u0131 su\u00e7lar. Kolay olan o. Ama a\u015fa\u011f\u0131s\u0131 da tertemiz de\u011fil.<\/p>\n<p>Birinin hakk\u0131 yenirken ne yapt\u0131n? G\u00f6rd\u00fcn m\u00fc, ge\u00e7tin mi? \u00c7\u00fcnk\u00fc i\u015f orada ba\u015flar.<\/p>\n<p>Sessizlik tarafs\u0131zl\u0131k de\u011fil. Sessizlik konfor. K\u00fc\u00e7\u00fck kay\u0131rmay\u0131 g\u00f6rmezden gelirsen b\u00fcy\u00fc\u011f\u00fcn\u00fc haz\u0131rlars\u0131n. Bug\u00fcn ba\u015fkas\u0131n\u0131n hakk\u0131 gider, yar\u0131n seninki.<\/p>\n<p>Evet, konu\u015fmak zor. Ama susmak daha pahal\u0131. \u00c7\u00fcnk\u00fc sustuk\u00e7a bu i\u015f d\u00fczelmez, yerle\u015fir.<\/p>\n<p>\u015eartlar zor denir. Do\u011fru. Ama ayn\u0131 \u015fartta kimin \u00f6ne \u00e7\u0131kaca\u011f\u0131 h\u00e2l\u00e2 bir tercih.<\/p>\n<p>1 May\u0131s bu y\u00fczden kutlama de\u011fil. Hat\u0131rlatma.<\/p>\n<p>\u015eunu soruyor. Eme\u011fin yan\u0131nda m\u0131s\u0131n, yoksa i\u015fine geldi\u011fi yerde mi?<\/p>\n<p>De\u011fi\u015fir mi? De\u011fi\u015fir. Ama nutukla de\u011fil, anla de\u011fi\u015fir. \u0130\u00e7inden \u201cbo\u015f ver\u201d dedi\u011fin o anla.<\/p>\n<p>Orada ya devam edersin ya da bozars\u0131n.<\/p>\n<p>Sonu\u00e7 basit. Eme\u011fe de\u011fer istiyorsan \u00f6nce sen vereceksin. Her g\u00fcn.<\/p>\n<p>Yorgunluk ge\u00e7er. Haks\u0131zl\u0131k kal\u0131r.<\/p>","protected":false},"excerpt":{"rendered":"<p>1 May\u0131s kutlama de\u011fil. Hat\u0131rlatma.<\/p>\n<p>\u015eunu soruyor. Eme\u011fin yan\u0131nda m\u0131s\u0131n, yoksa i\u015fine geldi\u011fi yerde mi?<\/p>","protected":false},"author":23,"featured_media":285554,"comment_status":"closed","ping_status":"closed","sticky":false,"template":"","format":"standard","meta":{"footnotes":""},"categories":[286],"tags":[],"class_list":{"0":"post-285553","1":"post","2":"type-post","3":"status-publish","4":"format-standard","5":"has-post-thumbnail","7":"category-yazarlar"},"_links":{"self":[{"href":"https:\/\/halkweb.com.tr\/de\/wp-json\/wp\/v2\/posts\/285553","targetHints":{"allow":["GET"]}}],"collection":[{"href":"https:\/\/halkweb.com.tr\/de\/wp-json\/wp\/v2\/posts"}],"about":[{"href":"https:\/\/halkweb.com.tr\/de\/wp-json\/wp\/v2\/types\/post"}],"author":[{"embeddable":true,"href":"https:\/\/halkweb.com.tr\/de\/wp-json\/wp\/v2\/users\/23"}],"replies":[{"embeddable":true,"href":"https:\/\/halkweb.com.tr\/de\/wp-json\/wp\/v2\/comments?post=285553"}],"version-history":[{"count":1,"href":"https:\/\/halkweb.com.tr\/de\/wp-json\/wp\/v2\/posts\/285553\/revisions"}],"predecessor-version":[{"id":285555,"href":"https:\/\/halkweb.com.tr\/de\/wp-json\/wp\/v2\/posts\/285553\/revisions\/285555"}],"wp:featuredmedia":[{"embeddable":true,"href":"https:\/\/halkweb.com.tr\/de\/wp-json\/wp\/v2\/media\/285554"}],"wp:attachment":[{"href":"https:\/\/halkweb.com.tr\/de\/wp-json\/wp\/v2\/media?parent=285553"}],"wp:term":[{"taxonomy":"category","embeddable":true,"href":"https:\/\/halkweb.com.tr\/de\/wp-json\/wp\/v2\/categories?post=285553"},{"taxonomy":"post_tag","embeddable":true,"href":"https:\/\/halkweb.com.tr\/de\/wp-json\/wp\/v2\/tags?post=285553"}],"curies":[{"name":"wp","href":"https:\/\/api.w.org\/{rel}","templated":true}]}}