{"id":285542,"date":"2026-04-30T21:44:32","date_gmt":"2026-04-30T21:44:32","guid":{"rendered":"https:\/\/halkweb.com.tr\/?p=285542"},"modified":"2026-04-30T21:44:32","modified_gmt":"2026-04-30T21:44:32","slug":"yasasin-1-mayis-emegin-direnisin-ve-umudun-gunu","status":"publish","type":"post","link":"https:\/\/halkweb.com.tr\/de\/yasasin-1-mayis-emegin-direnisin-ve-umudun-gunu\/","title":{"rendered":"Ya\u015fas\u0131n 1 May\u0131s: Eme\u011fin, Direni\u015fin ve Umudun G\u00fcn\u00fc"},"content":{"rendered":"<p>1 May\u0131s yaln\u0131zca bir takvim g\u00fcn\u00fc de\u011fildir. 1 May\u0131s; eme\u011fin tarihsel y\u00fcr\u00fcy\u00fc\u015f\u00fcd\u00fcr, al\u0131n terinin hayk\u0131r\u0131\u015f\u0131d\u0131r, adalet aray\u0131\u015f\u0131n\u0131n en g\u00fcr sesidir. \u0130\u015f\u00e7i s\u0131n\u0131f\u0131n\u0131n uluslararas\u0131 birlik, m\u00fccadele ve dayan\u0131\u015fma g\u00fcn\u00fcd\u00fcr. Bug\u00fcn, d\u00fcnyan\u0131n d\u00f6rt bir yan\u0131nda emek\u00e7iler ayn\u0131 taleple meydanlara \u00e7\u0131kar: insanca ya\u015fam, adil payla\u015f\u0131m ve \u00f6zg\u00fcr bir gelecek.<\/p>\n<p>Ya\u015fad\u0131\u011f\u0131m\u0131z co\u011frafyada ise 1 May\u0131s, sadece bir kutlama de\u011fil ayn\u0131 zamanda bir hesapla\u015fma g\u00fcn\u00fcd\u00fcr. \u00c7\u00fcnk\u00fc T\u00fcrkiye\u2019de i\u015f\u00e7i ve emek\u00e7iler her ge\u00e7en g\u00fcn daha a\u011f\u0131r ko\u015fullar alt\u0131nda ya\u015fam m\u00fccadelesi vermektedir. Artan hayat pahal\u0131l\u0131\u011f\u0131, derinle\u015fen yoksulluk, g\u00fcvencesiz \u00e7al\u0131\u015fma d\u00fczeni ve adaletsiz gelir da\u011f\u0131l\u0131m\u0131; emek\u00e7iyi adeta nefessiz b\u0131rakmaktad\u0131r. \u00dcretenler yoksulla\u015f\u0131rken, rant d\u00fczeni b\u00fcy\u00fcmeye devam etmektedir.<br \/>\nOysa bu \u00fclkenin t\u00fcm de\u011ferlerini yaratan, fabrikalarda, madenlerde, tarlalarda, ofislerde gece g\u00fcnd\u00fcz \u00e7al\u0131\u015fan i\u015f\u00e7i s\u0131n\u0131f\u0131d\u0131r. Emek\u00e7iler bu \u00fclkenin sadece ekonomik g\u00fcc\u00fc de\u011fil, ayn\u0131 zamanda demokratik k\u00fclt\u00fcr\u00fcn\u00fcn de ta\u015f\u0131y\u0131c\u0131s\u0131d\u0131r. Ancak ne yaz\u0131k ki bu katk\u0131n\u0131n kar\u015f\u0131l\u0131\u011f\u0131 verilmemekte, emek\u00e7iler hak ettikleri refahtan pay alamamaktad\u0131r.<\/p>\n<p>Bug\u00fcn T\u00fcrkiye\u2019de i\u015f\u00e7i s\u0131n\u0131f\u0131 sadece ekonomik olarak de\u011fil, siyasal ve toplumsal olarak da bask\u0131 alt\u0131ndad\u0131r. Hak arayanlar kriminalize edilmekte, sendikal m\u00fccadeleler engellenmekte, itiraz edenler susturulmak istenmektedir. Bu tablo, emek m\u00fccadelesinin ne kadar hayati oldu\u011funu bir kez daha g\u00f6zler \u00f6n\u00fcne sermektedir.<\/p>\n<p>Tam da bu noktada Cumhuriyet Halk Partisi\u2019nin ve sol-sosyal demokrat gelene\u011fin tarihsel sorumlulu\u011fu b\u00fcy\u00fckt\u00fcr. CHP, k\u00f6klerinde halk\u00e7\u0131l\u0131\u011f\u0131 ve emek m\u00fccadelesini bar\u0131nd\u0131ran bir partidir. Ancak bu de\u011ferlerin sadece s\u00f6ylemde de\u011fil, pratikte de g\u00fc\u00e7l\u00fc bir \u015fekilde hayata ge\u00e7irilmesi gerekir. Emek\u00e7inin yan\u0131nda olmak; sadece k\u00fcrs\u00fclerde konu\u015fmakla de\u011fil, sahada, direni\u015fte, grevde, meydanda olmakla m\u00fcmk\u00fcnd\u00fcr.<\/p>\n<p>Sol sosyalist \u00f6rg\u00fctler a\u00e7\u0131s\u0131ndan da durum benzerdir. Par\u00e7al\u0131 yap\u0131, ideolojik tart\u0131\u015fmalar ve i\u00e7 \u00e7eki\u015fmeler, emek m\u00fccadelesinin \u00f6n\u00fcne ge\u00e7memelidir. Bug\u00fcn ihtiya\u00e7 duyulan \u015fey; farkl\u0131l\u0131klar\u0131 bir kenara b\u0131rakarak emek ekseninde g\u00fc\u00e7l\u00fc bir ortak m\u00fccadele hatt\u0131 kurmakt\u0131r. \u00c7\u00fcnk\u00fc sermaye nas\u0131l birle\u015fiyorsa, emek de birle\u015fmeden kazanamaz.<\/p>\n<p>Tarih bize bunu defalarca g\u00f6stermi\u015ftir. 1 May\u0131s 1977\u2019de Taksim\u2019de, 15-16 Haziran i\u015f\u00e7i direni\u015flerinde, Zonguldak y\u00fcr\u00fcy\u00fc\u015flerinde emek\u00e7iler birlik oldu\u011funda nas\u0131l b\u00fcy\u00fck bir g\u00fc\u00e7 ortaya \u00e7\u0131kt\u0131\u011f\u0131n\u0131 hep birlikte g\u00f6rd\u00fck. Bug\u00fcn de ayn\u0131 kararl\u0131l\u0131\u011fa, ayn\u0131 dayan\u0131\u015fmaya ihtiya\u00e7 vard\u0131r.<\/p>\n<p>Bu m\u00fccadelenin en g\u00fcncel ve \u00e7arp\u0131c\u0131 \u00f6rneklerinden biri de Ankara\u2019da haklar\u0131n\u0131 arayan maden i\u015f\u00e7ileridir. G\u00fcnlerdir, haftalard\u0131r al\u0131n terlerinin kar\u015f\u0131l\u0131\u011f\u0131n\u0131 almak i\u00e7in direnen maden emek\u00e7ileri; bu \u00fclkenin vicdan\u0131d\u0131r. Bask\u0131ya, tehdide ve yok say\u0131lmaya ra\u011fmen geri ad\u0131m atmayan bu i\u015f\u00e7iler, asl\u0131nda hepimize bir ders vermektedir: Hak verilmez, al\u0131n\u0131r.<\/p>\n<p>\u00c7\u00fcnk\u00fc bu bozuk d\u00fczenden \u00e7\u0131k\u0131\u015f\u0131n tek yolu; eme\u011fin \u00f6rg\u00fctl\u00fc g\u00fcc\u00fcd\u00fcr. Dayan\u0131\u015fma olmadan, m\u00fccadele olmadan, birlik olmadan ne adalet gelir ne de \u00f6zg\u00fcrl\u00fck.<\/p>\n<p>Bug\u00fcn 1 May\u0131s\u2026<br \/>\nBug\u00fcn alanlara \u00e7\u0131kma, itiraz etme, s\u00f6z s\u00f6yleme g\u00fcn\u00fcd\u00fcr.<br \/>\nBug\u00fcn susmayanlar\u0131n, boyun e\u011fmeyenlerin, direnenlerin g\u00fcn\u00fcd\u00fcr.<\/p>\n<p>T\u00fcm bask\u0131lara, e\u015fitsizliklere ve anti-demokratik uygulamalara ra\u011fmen; i\u015f\u00e7i s\u0131n\u0131f\u0131 tarihsel y\u00fcr\u00fcy\u00fc\u015f\u00fcne devam edecektir. Bu \u00fclkenin emek\u00e7ileri, sand\u0131kta da meydanda da hak etti\u011fi cevab\u0131 verecek g\u00fcce sahiptir.<\/p>\n<p>\u0130nan\u0131yorum ki; ilk genel se\u00e7imlerde bu d\u00fczen de\u011fi\u015fecek, emek hak etti\u011fi de\u011feri bulacakt\u0131r. \u00c7\u00fcnk\u00fc bu \u00fclkenin gelece\u011fi; saraylarda de\u011fil, fabrikalarda, at\u00f6lyelerde, maden ocaklar\u0131nda yaz\u0131lmaktad\u0131r.<\/p>\n<p>Bu duygularla; ba\u015fta i\u015f\u00e7i s\u0131n\u0131f\u0131 olmak \u00fczere t\u00fcm emek\u00e7ilerin 1 May\u0131s \u0130\u015f\u00e7i S\u0131n\u0131f\u0131n\u0131n Uluslararas\u0131 Birlik ve Dayan\u0131\u015fma G\u00fcn\u00fc\u2019n\u00fc kutluyorum.<br \/>\nYa\u015fas\u0131n 1 May\u0131s!<br \/>\nYa\u015fas\u0131n i\u015f\u00e7i s\u0131n\u0131f\u0131!<br \/>\nYa\u015fas\u0131n \u00f6rg\u00fctl\u00fc m\u00fccadelemiz<\/p>","protected":false},"excerpt":{"rendered":"<p>Bug\u00fcn susmayanlar\u0131n, boyun e\u011fmeyenlerin, direnenlerin g\u00fcn\u00fcd\u00fcr.<\/p>","protected":false},"author":36,"featured_media":285543,"comment_status":"closed","ping_status":"closed","sticky":false,"template":"","format":"standard","meta":{"footnotes":""},"categories":[286],"tags":[289],"class_list":{"0":"post-285542","1":"post","2":"type-post","3":"status-publish","4":"format-standard","5":"has-post-thumbnail","7":"category-yazarlar","8":"tag-manset"},"_links":{"self":[{"href":"https:\/\/halkweb.com.tr\/de\/wp-json\/wp\/v2\/posts\/285542","targetHints":{"allow":["GET"]}}],"collection":[{"href":"https:\/\/halkweb.com.tr\/de\/wp-json\/wp\/v2\/posts"}],"about":[{"href":"https:\/\/halkweb.com.tr\/de\/wp-json\/wp\/v2\/types\/post"}],"author":[{"embeddable":true,"href":"https:\/\/halkweb.com.tr\/de\/wp-json\/wp\/v2\/users\/36"}],"replies":[{"embeddable":true,"href":"https:\/\/halkweb.com.tr\/de\/wp-json\/wp\/v2\/comments?post=285542"}],"version-history":[{"count":1,"href":"https:\/\/halkweb.com.tr\/de\/wp-json\/wp\/v2\/posts\/285542\/revisions"}],"predecessor-version":[{"id":285544,"href":"https:\/\/halkweb.com.tr\/de\/wp-json\/wp\/v2\/posts\/285542\/revisions\/285544"}],"wp:featuredmedia":[{"embeddable":true,"href":"https:\/\/halkweb.com.tr\/de\/wp-json\/wp\/v2\/media\/285543"}],"wp:attachment":[{"href":"https:\/\/halkweb.com.tr\/de\/wp-json\/wp\/v2\/media?parent=285542"}],"wp:term":[{"taxonomy":"category","embeddable":true,"href":"https:\/\/halkweb.com.tr\/de\/wp-json\/wp\/v2\/categories?post=285542"},{"taxonomy":"post_tag","embeddable":true,"href":"https:\/\/halkweb.com.tr\/de\/wp-json\/wp\/v2\/tags?post=285542"}],"curies":[{"name":"wp","href":"https:\/\/api.w.org\/{rel}","templated":true}]}}