{"id":285524,"date":"2026-04-30T12:28:19","date_gmt":"2026-04-30T12:28:19","guid":{"rendered":"https:\/\/halkweb.com.tr\/?p=285524"},"modified":"2026-04-30T12:28:19","modified_gmt":"2026-04-30T12:28:19","slug":"rozet-sozun-ustunu-orter-mi","status":"publish","type":"post","link":"https:\/\/halkweb.com.tr\/de\/rozet-sozun-ustunu-orter-mi\/","title":{"rendered":"Rozet, S\u00f6z\u00fcn \u00dcst\u00fcn\u00fc \u00d6rter mi?"},"content":{"rendered":"<p>Irk\u00e7\u0131l\u0131\u011f\u0131 a\u011fz\u0131na alan birine rozet takmak, sadece bir ki\u015fiyi de\u011fil, bir anlay\u0131\u015f\u0131 me\u015frula\u015ft\u0131rmakt\u0131r. Bir halka hakaret eden dilin kar\u015f\u0131s\u0131nda durmak, siyaset \u00fcst\u00fc bir sorumluluktur.<\/p>\n<p>G\u00fcnlerdir konu\u015fulan konu asl\u0131nda \u00e7ok a\u00e7\u0131k.<\/p>\n<p>Arif Kocab\u0131y\u0131k\u2019\u0131n Ermeni halk\u0131na y\u00f6nelik kulland\u0131\u011f\u0131 o a\u011f\u0131r ve a\u015fa\u011f\u0131lay\u0131c\u0131 s\u00f6zler ortadayken, bug\u00fcn gelip rozet tak\u0131lmas\u0131 insan\u0131n akl\u0131na tek bir soru getiriyor: Bu kadar m\u0131 kolay? D\u00fcn kabul edilemez olan bir dil, bug\u00fcn nas\u0131l g\u00f6rmezden gelinebiliyor?<\/p>\n<p>Mesele bir ki\u015fi de\u011fil. Bir insana de\u011fil, bir halka hakaret edilmi\u015f.<\/p>\n<p>\u00dcstelik \u00f6yle hafif bir s\u00f6z de de\u011fil. Ama bak\u0131yorsun, sanki hi\u00e7 s\u00f6ylenmemi\u015f gibi davran\u0131l\u0131yor.<\/p>\n<p>Oysa rozet tak\u0131nca ge\u00e7mi\u015f silinmiyor. S\u00f6z, oldu\u011fu yerde durur.<\/p>\n<p>Burada net olmak laz\u0131m: Bir halka \u201cpi\u00e7\u201d diyen bir dili normalle\u015ftiremeyiz. Bu, siyaset meselesinden \u00f6nce bir vicdan meselesidir.<\/p>\n<p>Siyaset dedi\u011fin \u015fey sadece oy de\u011fil, ayn\u0131 zamanda s\u0131n\u0131r koymakt\u0131r. Ne kabul edilir, ne edilmez\u2026<\/p>\n<p>Bug\u00fcn mesele bu. Yar\u0131n kim olur bilmiyoruz.<\/p>\n<p>Ama bug\u00fcn sessiz kal\u0131nan her \u015fey yar\u0131n normalle\u015fir.<\/p>\n<p>Benim i\u00e7in konu basit: Bir halka edilen hakaretin taraf\u0131 olunmaz.<\/p>\n<p>Olunuyorsa da bunun ad\u0131 siyaset de\u011fildir.<\/p>","protected":false},"excerpt":{"rendered":"<p>Bir halka edilen hakaretin taraf\u0131 olunmaz.<\/p>\n<p>Olunuyorsa da bunun ad\u0131 siyaset de\u011fildir.<\/p>","protected":false},"author":62,"featured_media":285525,"comment_status":"closed","ping_status":"closed","sticky":false,"template":"","format":"standard","meta":{"footnotes":""},"categories":[286],"tags":[289],"class_list":{"0":"post-285524","1":"post","2":"type-post","3":"status-publish","4":"format-standard","5":"has-post-thumbnail","7":"category-yazarlar","8":"tag-manset"},"_links":{"self":[{"href":"https:\/\/halkweb.com.tr\/de\/wp-json\/wp\/v2\/posts\/285524","targetHints":{"allow":["GET"]}}],"collection":[{"href":"https:\/\/halkweb.com.tr\/de\/wp-json\/wp\/v2\/posts"}],"about":[{"href":"https:\/\/halkweb.com.tr\/de\/wp-json\/wp\/v2\/types\/post"}],"author":[{"embeddable":true,"href":"https:\/\/halkweb.com.tr\/de\/wp-json\/wp\/v2\/users\/62"}],"replies":[{"embeddable":true,"href":"https:\/\/halkweb.com.tr\/de\/wp-json\/wp\/v2\/comments?post=285524"}],"version-history":[{"count":1,"href":"https:\/\/halkweb.com.tr\/de\/wp-json\/wp\/v2\/posts\/285524\/revisions"}],"predecessor-version":[{"id":285526,"href":"https:\/\/halkweb.com.tr\/de\/wp-json\/wp\/v2\/posts\/285524\/revisions\/285526"}],"wp:featuredmedia":[{"embeddable":true,"href":"https:\/\/halkweb.com.tr\/de\/wp-json\/wp\/v2\/media\/285525"}],"wp:attachment":[{"href":"https:\/\/halkweb.com.tr\/de\/wp-json\/wp\/v2\/media?parent=285524"}],"wp:term":[{"taxonomy":"category","embeddable":true,"href":"https:\/\/halkweb.com.tr\/de\/wp-json\/wp\/v2\/categories?post=285524"},{"taxonomy":"post_tag","embeddable":true,"href":"https:\/\/halkweb.com.tr\/de\/wp-json\/wp\/v2\/tags?post=285524"}],"curies":[{"name":"wp","href":"https:\/\/api.w.org\/{rel}","templated":true}]}}