{"id":285515,"date":"2026-04-30T04:42:48","date_gmt":"2026-04-30T04:42:48","guid":{"rendered":"https:\/\/halkweb.com.tr\/?p=285515"},"modified":"2026-04-30T04:43:08","modified_gmt":"2026-04-30T04:43:08","slug":"bu-bir-kriz-degil-aclik-ile-istah-arasinda-kurulan-duzen","status":"publish","type":"post","link":"https:\/\/halkweb.com.tr\/de\/bu-bir-kriz-degil-aclik-ile-istah-arasinda-kurulan-duzen\/","title":{"rendered":"Bu Bir Kriz De\u011fil: A\u00e7l\u0131k ile \u0130\u015ftah Aras\u0131nda Kurulan D\u00fczen"},"content":{"rendered":"<p>T\u00fcrkiye\u2019de ya\u015fanan \u015feyi h\u00e2l\u00e2 \u201cekonomik kriz\u201d diye tarif etmek kolay.<br \/>\nAma eksik.<\/p>\n<p>\u00c7\u00fcnk\u00fc bu sadece bir kriz de\u011fil.<br \/>\nBu, bir da\u011f\u0131t\u0131m bi\u00e7imi.<\/p>\n<p>Kimlerin kaybedece\u011fi, kimlerin kazanaca\u011f\u0131 b\u00fcy\u00fck \u00f6l\u00e7\u00fcde belli olan bir d\u00fczen.<\/p>\n<p>T\u00fcrkiye\u2019de art\u0131k eski tart\u0131\u015fmalar\u0131n bir kar\u015f\u0131l\u0131\u011f\u0131 yok.<\/p>\n<p>Sa\u011f\u2013sol.<br \/>\nLaik\u2013muhafazak\u00e2r.<br \/>\nMerkez\u2013\u00e7evre.<\/p>\n<p>Bunlar konu\u015fuluyor olabilir.<br \/>\nAma belirleyici olan ba\u015fka bir ayr\u0131m var:<\/p>\n<p>Hayatta kalmaya \u00e7al\u0131\u015fanlar<br \/>\nve buna mecbur olmayanlar.<\/p>\n<p>Bu bir yorum de\u011fil.<br \/>\nBu, g\u00fcndelik hayat\u0131n kendisi.<\/p>\n<p>Bug\u00fcn T\u00fcrkiye Cumhuriyet Merkez Bankas\u0131 faiz art\u0131r\u0131yor olabilir.<\/p>\n<p>\u201cRasyonel politika\u201d deniyor.<\/p>\n<p>Ama rasyonalite kimin i\u00e7in?<\/p>\n<p>\u00c7\u00fcnk\u00fc mutfakta hesap ba\u015fka.<\/p>\n<p>\u0130nsanlar enflasyonu a\u00e7\u0131klamalardan \u00f6\u011frenmiyor.<br \/>\nKasada \u00f6\u011freniyor.<\/p>\n<p>Ve o kasa her seferinde ayn\u0131 \u015feyi s\u00f6yl\u00fcyor:<br \/>\nDas ist nicht genug.<\/p>\n<p>S\u0131n\u0131f yoktu, \u00f6yle mi?<\/p>\n<p>Y\u0131llarca bu \u00fclkeye bir hik\u00e2ye anlat\u0131ld\u0131:<\/p>\n<p>\u201cHerkes orta s\u0131n\u0131f.\u201d<br \/>\n\u201c\u00c7al\u0131\u015fan kazan\u0131r.\u201d<br \/>\n\u201c\u0130steyen y\u00fckselir.\u201d<\/p>\n<p>Bug\u00fcn bu hik\u00e2yenin kar\u015f\u0131l\u0131\u011f\u0131 yok.<\/p>\n<p>Bir taraf var:<br \/>\nVarl\u0131\u011f\u0131yla b\u00fcy\u00fcyen.<\/p>\n<p>Bir taraf daha var:<br \/>\nEme\u011fiyle ge\u00e7inemeyen.<\/p>\n<p>Bu bir e\u015fitsizlik de\u011fil sadece.<br \/>\nBu, sistematik bir ayr\u0131\u015fma.<\/p>\n<p>Ve giderek kal\u0131c\u0131 hale geliyor.<\/p>\n<p>Bu d\u00fczen nas\u0131l \u00e7al\u0131\u015f\u0131yor?<\/p>\n<p>Meseleyi bireysel h\u0131rsla a\u00e7\u0131klamak kolayd\u0131r.<br \/>\nAma ger\u00e7ek bu de\u011fil.<\/p>\n<p>Ger\u00e7ek \u015fu:<\/p>\n<p>Dies ist die Reihenfolge,<br \/>\nparas\u0131 olan\u0131 korur.<br \/>\nParas\u0131 olan\u0131 b\u00fcy\u00fct\u00fcr.<\/p>\n<p>Eme\u011fi olan\u0131 ise korumaz.<br \/>\nEme\u011fi olan\u0131 k\u0131r\u0131lgan b\u0131rak\u0131r.<\/p>\n<p>Bu y\u00fczden ortada sadece \u201cba\u015far\u0131l\u0131 olanlar\u201d yok.<br \/>\nOrtada, kazanan\u0131 s\u00fcrekli ayn\u0131 taraftan \u00e7\u0131karan bir yap\u0131 var.<\/p>\n<h3>Dayanan bir \u00e7o\u011funluk<\/h3>\n<p>Bug\u00fcn mesele \u201cge\u00e7im s\u0131k\u0131nt\u0131s\u0131\u201d de\u011fil.<\/p>\n<p>Daha a\u011f\u0131r bir \u015fey:<\/p>\n<p>Toplumsal dayanma hali.<\/p>\n<p>\u0130nsanlar ya\u015fam\u0131yor.<br \/>\nDayan\u0131yor.<\/p>\n<p>Daha az t\u00fcketiyor.<br \/>\nDaha az istiyor.<br \/>\nDaha az hayal kuruyor.<\/p>\n<p>Und die gef\u00e4hrlichsten:<\/p>\n<p>Buna al\u0131\u015f\u0131yor.<\/p>\n<p>Yoksulluk bir s\u00fcre sonra ekonomik de\u011fil,<br \/>\npsikolojik bir s\u0131n\u0131ra d\u00f6n\u00fc\u015f\u00fcr.<\/p>\n<p>\u0130\u015fte o noktada toplum de\u011fi\u015fir.<\/p>\n<p>Sessizle\u015fir.<\/p>\n<p>Bu bir fikir ayr\u0131l\u0131\u011f\u0131 de\u011fil<\/p>\n<p>Buna \u201ckutupla\u015fma\u201d demek meseleyi k\u00fc\u00e7\u00fclt\u00fcr.<\/p>\n<p>Bu, \u00e7\u0131kar meselesi.<\/p>\n<p>Bir kesim krizden b\u00fcy\u00fcyerek \u00e7\u0131k\u0131yorsa,<br \/>\ndi\u011fer kesim k\u00fc\u00e7\u00fcl\u00fcyorsa\u2026<\/p>\n<p>Bu, tart\u0131\u015fma de\u011fildir.<\/p>\n<p>Bu, ayn\u0131 \u00fclkede iki ayr\u0131 ekonomik ger\u00e7eklik demektir.<\/p>\n<h3>Tarafs\u0131zl\u0131k diye bir yer yok<\/h3>\n<p>\u201cBen taraf de\u011filim\u201d demek, bu tabloda bir pozisyon de\u011fildir.<\/p>\n<p>\u00c7\u00fcnk\u00fc mevcut d\u00fczen zaten birilerini koruyorsa,<br \/>\ntarafs\u0131zl\u0131k o d\u00fczenin d\u0131\u015f\u0131nda kalmak de\u011fil,<br \/>\ni\u00e7inde kalmakt\u0131r.<\/p>\n<p>Bu y\u00fczden mesele basittir:<\/p>\n<p>Adil olmayan bir da\u011f\u0131l\u0131m kar\u015f\u0131s\u0131nda sessizlik,<br \/>\ntarafs\u0131zl\u0131k de\u011fil, kabuld\u00fcr.<\/p>\n<h3>Son s\u00f6z: Bu s\u00fcrd\u00fcr\u00fclebilir de\u011fil<\/h3>\n<p>T\u00fcrkiye\u2019de ya\u015fanan \u015fey bir kriz de\u011fil.<br \/>\nBir e\u015fik.<\/p>\n<p>Bir taraf s\u00fcrekli kaybederken,<br \/>\ndi\u011fer taraf s\u00fcrekli kazan\u0131yorsa\u2026<\/p>\n<p>Bu s\u00fcrd\u00fcr\u00fclebilir de\u011fildir.<\/p>\n<p>Tarih bu noktada nettir:<\/p>\n<p>A\u00e7l\u0131k ile i\u015ftah aras\u0131ndaki mesafe belirli bir noktay\u0131 ge\u00e7ti\u011finde,<br \/>\no mesafe kapan\u0131r.<\/p>\n<p>Ama bu kapanma kendili\u011finden olmaz.<\/p>\n<p>Zorlanarak olur.<\/p>\n<p>Ve o an geldi\u011finde,<br \/>\nmesele art\u0131k ekonomi olmaz.<\/p>\n<p>\u201cBu \u00fclkede sorun yoksulluk de\u011fil; yoksullu\u011fun kimin pay\u0131na d\u00fc\u015ft\u00fc\u011f\u00fcn\u00fcn art\u0131k de\u011fi\u015fmemesi.\u201d<\/p>","protected":false},"excerpt":{"rendered":"<p>Meseleyi bireysel h\u0131rsla a\u00e7\u0131klamak kolayd\u0131r.<br \/>\nAma ger\u00e7ek bu de\u011fil.<\/p>","protected":false},"author":51,"featured_media":285516,"comment_status":"closed","ping_status":"closed","sticky":false,"template":"","format":"standard","meta":{"footnotes":""},"categories":[286],"tags":[289],"class_list":{"0":"post-285515","1":"post","2":"type-post","3":"status-publish","4":"format-standard","5":"has-post-thumbnail","7":"category-yazarlar","8":"tag-manset"},"_links":{"self":[{"href":"https:\/\/halkweb.com.tr\/de\/wp-json\/wp\/v2\/posts\/285515","targetHints":{"allow":["GET"]}}],"collection":[{"href":"https:\/\/halkweb.com.tr\/de\/wp-json\/wp\/v2\/posts"}],"about":[{"href":"https:\/\/halkweb.com.tr\/de\/wp-json\/wp\/v2\/types\/post"}],"author":[{"embeddable":true,"href":"https:\/\/halkweb.com.tr\/de\/wp-json\/wp\/v2\/users\/51"}],"replies":[{"embeddable":true,"href":"https:\/\/halkweb.com.tr\/de\/wp-json\/wp\/v2\/comments?post=285515"}],"version-history":[{"count":1,"href":"https:\/\/halkweb.com.tr\/de\/wp-json\/wp\/v2\/posts\/285515\/revisions"}],"predecessor-version":[{"id":285517,"href":"https:\/\/halkweb.com.tr\/de\/wp-json\/wp\/v2\/posts\/285515\/revisions\/285517"}],"wp:featuredmedia":[{"embeddable":true,"href":"https:\/\/halkweb.com.tr\/de\/wp-json\/wp\/v2\/media\/285516"}],"wp:attachment":[{"href":"https:\/\/halkweb.com.tr\/de\/wp-json\/wp\/v2\/media?parent=285515"}],"wp:term":[{"taxonomy":"category","embeddable":true,"href":"https:\/\/halkweb.com.tr\/de\/wp-json\/wp\/v2\/categories?post=285515"},{"taxonomy":"post_tag","embeddable":true,"href":"https:\/\/halkweb.com.tr\/de\/wp-json\/wp\/v2\/tags?post=285515"}],"curies":[{"name":"wp","href":"https:\/\/api.w.org\/{rel}","templated":true}]}}