{"id":285481,"date":"2026-04-28T18:04:17","date_gmt":"2026-04-28T18:04:17","guid":{"rendered":"https:\/\/halkweb.com.tr\/?p=285481"},"modified":"2026-04-28T18:04:17","modified_gmt":"2026-04-28T18:04:17","slug":"kelimelerin-siniri-ve-gazetecilik-etigi-uzerine","status":"publish","type":"post","link":"https:\/\/halkweb.com.tr\/de\/kelimelerin-siniri-ve-gazetecilik-etigi-uzerine\/","title":{"rendered":"Kelimelerin S\u0131n\u0131r\u0131 ve Gazetecilik Eti\u011fi \u00dczerine"},"content":{"rendered":"<p>\u200bBir gazeteci i\u00e7in kalem, sadece bir yaz\u0131 arac\u0131 de\u011fil; ayn\u0131 zamanda temsil etti\u011fi de\u011ferlerin, savundu\u011fu d\u00fcnya g\u00f6r\u00fc\u015f\u00fcn\u00fcn ve en \u00f6nemlisi de mesleki ahlak\u0131n\u0131n aynas\u0131d\u0131r. Cumhuriyet gibi k\u00f6kl\u00fc, gelene\u011fi olan ve toplumsal haf\u0131zada yer edinmi\u015f bir kurumda yazmak, bu sorumlulu\u011fu iki kat\u0131na \u00e7\u0131kar\u0131r.<\/p>\n<p>Ancak son g\u00fcnlerde Mine K\u0131r\u0131kkanat\u2019\u0131n eski CHP Genel Ba\u015fkan\u0131 Kemal K\u0131l\u0131\u00e7daro\u011flu\u2019na y\u00f6nelik kulland\u0131\u011f\u0131 &#8220;k\u0131l\u0131\u00e7 art\u0131\u011f\u0131&#8221; ifadesi ve sonras\u0131nda geli\u015fen s\u00fcre\u00e7, bu sorumlulu\u011fun ne kadar kolay g\u00f6z ard\u0131 edilebildi\u011fini bir kez daha g\u00f6sterdi.<\/p>\n<h3>\u200b\u00d6fke, \u015euurun \u00d6n\u00fcne Ge\u00e7ince<\/h3>\n<p>\u200bHayat\u0131n ola\u011fan ak\u0131\u015f\u0131nda bir siyaset\u00e7iyi sevmemek, politikalar\u0131na k\u0131zmak veya y\u00f6ntemlerini ele\u015ftirmek her vatanda\u015f\u0131n, \u00f6zellikle de her gazetecinin hakk\u0131d\u0131r. Ancak ele\u015ftiri ile hakaret, analiz ile nefret dili aras\u0131ndaki o ince \u00e7izgi a\u015f\u0131ld\u0131\u011f\u0131nda, geriye ne gazetecilik kal\u0131r ne de entelekt\u00fcel bir derinlik. &#8220;K\u0131l\u0131\u00e7 art\u0131\u011f\u0131&#8221; gibi tarihsel ve toplumsal bagaj\u0131 \u00e7ok a\u011f\u0131r, yaralay\u0131c\u0131 bir ifadeyi kullan\u0131p, ard\u0131ndan gelen tepkiler \u00fczerine &#8220;anlam\u0131n\u0131 bilmeden yazd\u0131m&#8221; diyerek yalandan bir \u00f6z\u00fcr dilemek, okurun zekas\u0131na hakarettir.<\/p>\n<p>As\u0131l vahim olan ise, \u00f6z\u00fcr mesaj\u0131n\u0131n hemen ard\u0131ndan at\u0131lan ve tepki g\u00f6steren herkesi &#8220;k\u00f6t\u00fc&#8221; ilan eden o mesajd\u0131r. Bu tav\u0131r, dile getirilen \u00f6z\u00fcr\u00fcn samimiyetten ne kadar uzak oldu\u011funu ve yazar\u0131n asl\u0131nda i\u00e7indeki \u00f6fkeyi kontrol etmekten aciz kald\u0131\u011f\u0131n\u0131 kan\u0131tlar niteliktedir.<\/p>\n<h3>\u200bEle\u015ftiri Onurdur, Hakaret ise Zay\u0131fl\u0131k<\/h3>\n<p>\u200bBizler de bug\u00fcn gelinen noktada CHP y\u00f6netimindeki aksakl\u0131klara, mevcut durumlara veya Ekrem \u0130mamo\u011flu gibi fig\u00fcrlerin politikalar\u0131na son derece k\u0131zg\u0131n\u0131z, ele\u015ftiriyoruz. Ancak k\u0131zg\u0131nl\u0131\u011f\u0131m\u0131z, kalemimizi bir silaha ya da hakaret arac\u0131na d\u00f6n\u00fc\u015ft\u00fcrmemize asla gerek\u00e7e olamaz. \u00c7\u00fcnk\u00fc bir k\u00f6\u015feden kitlelere hitap eden yazar, her \u015feyden \u00f6nce kar\u015f\u0131s\u0131ndakinin de bir insan oldu\u011funu, bir ailesi ve ki\u015filik haklar\u0131 oldu\u011funu unutmamal\u0131d\u0131r.<\/p>\n<p>\u200bGazetecilik; hakk\u0131 savunurken de haks\u0131zl\u0131\u011f\u0131 dile getirirken de belirli bir \u00fcslup seviyesini korumay\u0131 gerektirir. \u015euurunu kaybedercesine \u00f6fkeye teslim olmak ve ard\u0131ndan s\u0131\u011f\u0131nd\u0131\u011f\u0131 &#8220;ma\u011fduriyet&#8221; kalkan\u0131yla yaz\u0131lar\u0131na ara vermek, k\u00f6kl\u00fc bir gazetenin m\u00fcrekkebine yak\u0131\u015fmayan bir tablodur.<\/p>\n<p>\u200bDemek ki bazen insan\u0131n i\u00e7indeki ger\u00e7ek kimlik, en beklemedi\u011fi anda kelimelere d\u00f6k\u00fcl\u00fcveriyor. M\u00fcrekkebinden d\u00f6k\u00fclenlerin a\u011f\u0131rl\u0131\u011f\u0131n\u0131 ta\u015f\u0131yamayanlar\u0131n, topluma &#8220;etik&#8221; dersi vermeye \u00e7al\u0131\u015fmas\u0131 ise trajikomik bir durumdan ibaret. Ele\u015ftirinin de bir onuru vard\u0131r; o onuru koruyamayanlar, en b\u00fcy\u00fck zarar\u0131 yine kendi kalemlerine ve temsil ettikleri camiaya veriyorlar. Ne diyelim, herkes kendine yak\u0131\u015fan\u0131 yapar.<\/p>","protected":false},"excerpt":{"rendered":"<p>Ele\u015ftirinin de bir onuru vard\u0131r; o onuru koruyamayanlar, en b\u00fcy\u00fck zarar\u0131 yine kendi kalemlerine ve temsil ettikleri camiaya veriyorlar<\/p>","protected":false},"author":30,"featured_media":285483,"comment_status":"closed","ping_status":"closed","sticky":false,"template":"","format":"standard","meta":{"footnotes":""},"categories":[286],"tags":[289],"class_list":{"0":"post-285481","1":"post","2":"type-post","3":"status-publish","4":"format-standard","5":"has-post-thumbnail","7":"category-yazarlar","8":"tag-manset"},"_links":{"self":[{"href":"https:\/\/halkweb.com.tr\/de\/wp-json\/wp\/v2\/posts\/285481","targetHints":{"allow":["GET"]}}],"collection":[{"href":"https:\/\/halkweb.com.tr\/de\/wp-json\/wp\/v2\/posts"}],"about":[{"href":"https:\/\/halkweb.com.tr\/de\/wp-json\/wp\/v2\/types\/post"}],"author":[{"embeddable":true,"href":"https:\/\/halkweb.com.tr\/de\/wp-json\/wp\/v2\/users\/30"}],"replies":[{"embeddable":true,"href":"https:\/\/halkweb.com.tr\/de\/wp-json\/wp\/v2\/comments?post=285481"}],"version-history":[{"count":1,"href":"https:\/\/halkweb.com.tr\/de\/wp-json\/wp\/v2\/posts\/285481\/revisions"}],"predecessor-version":[{"id":285484,"href":"https:\/\/halkweb.com.tr\/de\/wp-json\/wp\/v2\/posts\/285481\/revisions\/285484"}],"wp:featuredmedia":[{"embeddable":true,"href":"https:\/\/halkweb.com.tr\/de\/wp-json\/wp\/v2\/media\/285483"}],"wp:attachment":[{"href":"https:\/\/halkweb.com.tr\/de\/wp-json\/wp\/v2\/media?parent=285481"}],"wp:term":[{"taxonomy":"category","embeddable":true,"href":"https:\/\/halkweb.com.tr\/de\/wp-json\/wp\/v2\/categories?post=285481"},{"taxonomy":"post_tag","embeddable":true,"href":"https:\/\/halkweb.com.tr\/de\/wp-json\/wp\/v2\/tags?post=285481"}],"curies":[{"name":"wp","href":"https:\/\/api.w.org\/{rel}","templated":true}]}}