{"id":285468,"date":"2026-04-28T06:48:56","date_gmt":"2026-04-28T06:48:56","guid":{"rendered":"https:\/\/halkweb.com.tr\/?p=285468"},"modified":"2026-04-28T06:48:56","modified_gmt":"2026-04-28T06:48:56","slug":"sari-sendikaciligin-ikili-oyunu-meydanda-devrim-masada-teslimiyet","status":"publish","type":"post","link":"https:\/\/halkweb.com.tr\/de\/sari-sendikaciligin-ikili-oyunu-meydanda-devrim-masada-teslimiyet\/","title":{"rendered":"Sar\u0131 Sendikac\u0131l\u0131\u011f\u0131n \u0130kili Oyunu: Meydanda Devrim, Masada Teslimiyet"},"content":{"rendered":"<p>\u0130stenmiyen bir sendikac\u0131 olarak ya\u015fad\u0131\u011f\u0131m olaylar\u0131 anlatay\u0131m.<br \/>\nNiye istenmedi\u011fimi anlars\u0131n\u0131z.<br \/>\nT\u00fcrkiye sendikal hareketinin i\u00e7inden gelen biri olarak uzun zamand\u0131r hayk\u0131rd\u0131\u011f\u0131m ger\u00e7ekleri halkweb ile daha g\u00fcr hayk\u0131ray\u0131m.<br \/>\nSar\u0131 sendikac\u0131l\u0131k, i\u015f\u00e7i s\u0131n\u0131f\u0131n\u0131n en b\u00fcy\u00fck kanseridir. Peki bu sar\u0131 sendikac\u0131lar neden bu kadar ikiy\u00fczl\u00fc davran\u0131yor? \u00c7\u00fcnk\u00fc onlar\u0131n tek bir amac\u0131 vard\u0131r: koltuklar\u0131n\u0131 muhafaza etmek.<\/p>\n<p>\u015eimdi buyurun, \u015fu an muhalefetin ba\u015f\u0131ndaki zatlara ve s\u00f6zde devrimci sendikan\u0131n liderlerine bakal\u0131m. \u00c7\u0131k\u0131yorlar meydanlara, avazlar\u0131 \u00e7\u0131kt\u0131kca ba\u011f\u0131r\u0131yorlar: &#8220;T\u00dc\u0130K yalan s\u00f6yl\u00fcyor! T\u00dc\u0130K rakamlar\u0131 manip\u00fcle ediyor! T\u00dc\u0130K halk\u0131 kand\u0131r\u0131yor!&#8221;<\/p>\n<p>\u00c7ok g\u00fczel. Peki soruyorum:<\/p>\n<p>Be\u015fikta\u015f Belediyesi&#8217;ndeki i\u015f\u00e7iler D\u0130SK&#8217;e ba\u011fl\u0131. Sar\u0131yer D\u0130SK&#8217;e ba\u011fl\u0131. Kartal D\u0130SK&#8217;e ba\u011fl\u0131. Kad\u0131k\u00f6y de D\u0130SK&#8217;e ba\u011fl\u0131. O halde s\u00f6yler misiniz bana, bu belediyelerdeki toplu i\u015f s\u00f6zle\u015fmelerinde neden T\u00dc\u0130K rakamlar\u0131 \u00fczerinden imza att\u0131n\u0131z?<\/p>\n<p>Ben T\u00dc\u0130K rakamlar\u0131na itiraz etti\u011fim i\u00e7in sendikadaki temsilcilik g\u00f6revimden istifa etmi\u015f biryim. Siz meydanlarda &#8220;T\u00dc\u0130K yalan&#8221; diyorsunuz ya, D\u0130SK&#8217;in kendi ara\u015ft\u0131rma kurumu varken neden onu kullanmad\u0131n\u0131z? Laf olsun diye ENAG&#8217;\u0131 ve D\u0130SK&#8217;in kendi ara\u015ft\u0131rmas\u0131n\u0131 baz al\u0131yorsunuz, halka masal anlat\u0131rken bunlar\u0131 referans g\u00f6steriyorsunuz. Ama toplu i\u015f s\u00f6zle\u015fmesi masas\u0131na oturdu\u011funuzda kendi koltuklar\u0131n\u0131z\u0131 korumak i\u00e7in canavar gibi T\u00dc\u0130K&#8217;in rakamlar\u0131n\u0131 baz al\u0131yorsunuz.<\/p>\n<p>Beyfendi Hani &#8220;Asgari \u00fccret 30 bin TL olmazsa biz yokuz&#8221; diyordunuz! Han\u0131mefendi Hani &#8220;A\u00e7l\u0131k s\u0131n\u0131r\u0131 68 bin TL oldu&#8221; diyordunuz. S\u00f6zde devrimciler, \u00e7akma solcular, Eeee T\u00dc\u0130K &#8216;in rakamlar\u0131na kim imza att\u0131? Anlat\u0131n da bilelim.<\/p>\n<p>Daha da vahimi var. D\u0130SK&#8217;in tarihinde, genel merkezi protesto eden nadir isimlerden biriyim disk merkezini Ankara&#8217;ya ta\u015f\u0131madan \u00f6nce Be\u015fikta\u015f Dikilita\u015f Eren Sokak&#8217;tayd\u0131.Genel merkezi. Bir avu\u00e7 i\u015f\u00e7i olarak sesimizi duyurmaya gitti\u011fimizde kar\u015f\u0131m\u0131zda ne grev komitesi vard\u0131 ne dayan\u0131\u015fma. Kar\u015f\u0131m\u0131zda polis vard\u0131. Telefon a\u00e7\u0131p polis \u00e7a\u011f\u0131ran sendika y\u00f6neticisiydi. Kendi \u00fcyelerine kar\u015f\u0131 polis \u00e7a\u011f\u0131ran o han\u0131mefendi, \u015fimdi \u00e7\u0131k\u0131p &#8220;1 May\u0131s&#8217;\u0131 kutluyoruz&#8221; diyecek.<\/p>\n<p>Peki soruyorum: Kendi i\u015fciniz, sendika \u00fcyeniz Be\u015fikta\u015f i\u015f\u00e7isi direni\u015fteyken neredeydiniz? Kad\u0131k\u00f6y i\u015f\u00e7isi direni\u015fteyken neredeydiniz? Sar\u0131yer i\u015f\u00e7isi direni\u015fteyken neredeydiniz? Kartal i\u015f\u00e7isi direnirken neredeydiniz?<\/p>\n<p>\u015eimdi de bak\u0131n bug\u00fcne. Ba\u011f\u0131ms\u0131z Madeni\u015f Sendikas\u0131 direniyor, maa\u015f alam\u0131yorlar diye. T\u00fcrkiye&#8217;nin d\u00f6rt bir yan\u0131nda \u00e7oban ate\u015fi gibi i\u015f\u00e7i direni\u015fleri var. Peki, bizim Devrimci \u0130\u015f\u00e7i Sendikam\u0131z nerede? Sesi solu\u011fu \u00e7\u0131km\u0131yor. \u00c7ok enteresan de\u011fil mi?<\/p>\n<p>Dahas\u0131 var biz D\u0130SK&#8217;i protesto etti\u011fimiz g\u00fcn, \u015eimpa\u015f&#8217;\u0131n oldu\u011fu yerde in\u015faat i\u015f\u00e7ileri direni\u015f yap\u0131yordu. D\u0130SK&#8217;in ana binas\u0131na y\u00fcz metre ilerideydi. Y\u00fcz metre! O i\u015f\u00e7ilere bir \u00e7ay bile vermemi\u015fler. Adamlar a\u00e7 susuz direnirken, o binada &#8220;devrimci&#8221; ge\u00e7inenler bir bardak \u00e7ay\u0131 \u00e7ok g\u00f6rm\u00fc\u015f.<\/p>\n<p>Ad\u0131 devrimci olan bir sendikam\u0131z neler yap\u0131yor? G\u00f6r\u00fcnt\u00fcde sistemi ele\u015ftiriyormu\u015f gibi yap\u0131p, arka planda patronlarla selamla\u015fan devrimciler. Hayat nas\u0131l iyi gidiyor mu? Sorun bakal\u0131m.<\/p>\n<p>\u0130\u015fte sar\u0131 sendikac\u0131l\u0131\u011f\u0131n \u00f6zeti budur: Makam koltu\u011fu sallanmaya ba\u015flad\u0131\u011f\u0131nda &#8220;m\u00fccadele&#8221; kelimesi lugatdan \u00e7\u0131kar, yerini &#8220;g\u00fcvenlik gerek\u00e7esi&#8221; al\u0131r. Onlar i\u00e7in sendika bir aidiyet de\u011fil, bir ge\u00e7im kap\u0131s\u0131d\u0131r. \u0130\u015f\u00e7i bir yolda\u015f de\u011fil, bir basamakt\u0131r. Millet vekili olmak i\u00e7in bir basamak Ve ne yaz\u0131k ki bu basamakta y\u00fckselenler, en tepede yaln\u0131zca kendi makamlar\u0131n\u0131 ve harcad\u0131klar\u0131 i\u015fcileri han\u00e7erleri g\u00f6r\u00fcrler.<\/p>\n<p>\u0130\u015f\u00e7i s\u0131n\u0131f\u0131n\u0131n sar\u0131 sendikac\u0131lara ve sahte sola \u00e7ok dikkat etmesi gerekmektedir. Bu sar\u0131 sendikac\u0131lar\u0131n koltuklar\u0131 ebedi de\u011fildir. Er ya da ge\u00e7 devrilecekler. Tarih onlar\u0131 birer nefret nesnesi olarak not edecek.<\/p>\n<p>Sar\u0131 sendikac\u0131lar yenilmez de\u011fildir. Onlar \u0130\u015f\u00e7i s\u0131n\u0131f\u0131n\u0131n uyanmas\u0131 birlik beraberli\u011fi ile yenilecekler.<\/p>","protected":false},"excerpt":{"rendered":"<p>Sar\u0131 sendikac\u0131lar yenilmez de\u011fildir. Onlar \u0130\u015f\u00e7i s\u0131n\u0131f\u0131n\u0131n uyanmas\u0131 birlik beraberli\u011fi ile yenilecekler.<\/p>","protected":false},"author":53,"featured_media":285469,"comment_status":"closed","ping_status":"closed","sticky":false,"template":"","format":"standard","meta":{"footnotes":""},"categories":[286],"tags":[289],"class_list":{"0":"post-285468","1":"post","2":"type-post","3":"status-publish","4":"format-standard","5":"has-post-thumbnail","7":"category-yazarlar","8":"tag-manset"},"_links":{"self":[{"href":"https:\/\/halkweb.com.tr\/de\/wp-json\/wp\/v2\/posts\/285468","targetHints":{"allow":["GET"]}}],"collection":[{"href":"https:\/\/halkweb.com.tr\/de\/wp-json\/wp\/v2\/posts"}],"about":[{"href":"https:\/\/halkweb.com.tr\/de\/wp-json\/wp\/v2\/types\/post"}],"author":[{"embeddable":true,"href":"https:\/\/halkweb.com.tr\/de\/wp-json\/wp\/v2\/users\/53"}],"replies":[{"embeddable":true,"href":"https:\/\/halkweb.com.tr\/de\/wp-json\/wp\/v2\/comments?post=285468"}],"version-history":[{"count":1,"href":"https:\/\/halkweb.com.tr\/de\/wp-json\/wp\/v2\/posts\/285468\/revisions"}],"predecessor-version":[{"id":285470,"href":"https:\/\/halkweb.com.tr\/de\/wp-json\/wp\/v2\/posts\/285468\/revisions\/285470"}],"wp:featuredmedia":[{"embeddable":true,"href":"https:\/\/halkweb.com.tr\/de\/wp-json\/wp\/v2\/media\/285469"}],"wp:attachment":[{"href":"https:\/\/halkweb.com.tr\/de\/wp-json\/wp\/v2\/media?parent=285468"}],"wp:term":[{"taxonomy":"category","embeddable":true,"href":"https:\/\/halkweb.com.tr\/de\/wp-json\/wp\/v2\/categories?post=285468"},{"taxonomy":"post_tag","embeddable":true,"href":"https:\/\/halkweb.com.tr\/de\/wp-json\/wp\/v2\/tags?post=285468"}],"curies":[{"name":"wp","href":"https:\/\/api.w.org\/{rel}","templated":true}]}}