{"id":285464,"date":"2026-04-28T05:21:22","date_gmt":"2026-04-28T05:21:22","guid":{"rendered":"https:\/\/halkweb.com.tr\/?p=285464"},"modified":"2026-04-28T05:21:43","modified_gmt":"2026-04-28T05:21:43","slug":"bir-ulkenin-gundemi-sofrasidir","status":"publish","type":"post","link":"https:\/\/halkweb.com.tr\/de\/bir-ulkenin-gundemi-sofrasidir\/","title":{"rendered":"Bir \u00dclkenin G\u00fcndemi Sofras\u0131d\u0131r"},"content":{"rendered":"<p>T\u00fcrkiye yeni haftaya iki ayr\u0131 ger\u00e7eklikle giriyor: anlat\u0131lan ve ya\u015fanan\u2026<\/p>\n<p>Ekranlarda konu\u015fulanlarla sokakta konu\u015fulanlar art\u0131k \u00f6rt\u00fc\u015fm\u00fcyor. Siyasette yine erken se\u00e7im tart\u0131\u015fmas\u0131 var ama vatanda\u015f\u0131n g\u00fcndemi bu de\u011fil. As\u0131l soru \u015fu: <strong>Se\u00e7im olsa ne de\u011fi\u015fecek?<\/strong> \u00c7\u00fcnk\u00fc mesele sand\u0131k de\u011fil, ge\u00e7im.<\/p>\n<p>Ekonomi verilerle anlat\u0131l\u0131yor; hayat ise pazarda \u00f6l\u00e7\u00fcl\u00fcyor. Ayn\u0131 maa\u015fla daha az ya\u015famak zorunda kalan geni\u015f bir kesim var. Fiyatlar artarken ya\u015fam alan\u0131 daral\u0131yor. Eskiden enflasyon a\u00e7\u0131klamalardan \u00f6\u011frenilirdi, bug\u00fcn herkes kendi enflasyonunu al\u0131\u015fveri\u015fte hesapl\u0131yor. Bu y\u00fczden tek c\u00fcmle \u00f6ne \u00e7\u0131k\u0131yor: <strong>Rakamlar de\u011fil, cebim konu\u015fuyor.<\/strong><\/p>\n<p>Adalet ba\u015fl\u0131\u011f\u0131 teknik bir tart\u0131\u015fma olmaktan \u00e7\u0131kt\u0131. Yarg\u0131 s\u00fcre\u00e7lerine dair alg\u0131, do\u011frudan g\u00fcven duygusunu etkiliyor. Toplumda giderek daha fazla dile gelen soru \u015fu: <strong>Adalet kime g\u00f6re?<\/strong> Bu soru b\u00fcy\u00fcd\u00fck\u00e7e, g\u00fcven duygusu zay\u0131fl\u0131yor.<\/p>\n<p>Toplumsal g\u00fcvenlik konusu da yeniden g\u00fcndemde. \u00d6zellikle aileler \u00e7ocuklar\u0131 \u00fczerinden yaln\u0131zca ekonomik de\u011fil, fiziksel g\u00fcvenlik kayg\u0131s\u0131 da ta\u015f\u0131yor. Bu durum toplumun ruh halini do\u011frudan etkiliyor.<\/p>\n<p>D\u0131\u015f politika uzakta gibi g\u00f6r\u00fcnse de etkisi i\u00e7eride hissediliyor. Sava\u015flar ve krizler art\u0131k ideolojik de\u011fil, ekonomik bir g\u00f6zle izleniyor. \u0130nsanlar\u0131n bakt\u0131\u011f\u0131 yer net: <strong>Bunun faturas\u0131 bize nas\u0131l yans\u0131yacak?<\/strong><\/p>\n<p>\u00d6te yandan ortada ak\u0131lda kalan, do\u011frudan hayat\u0131 d\u00f6n\u00fc\u015ft\u00fcrecek g\u00fc\u00e7l\u00fc bir proje ya da somut bir ya\u015fam vaadi g\u00f6r\u00fcnm\u00fcyor. Ne iktidar\u0131n geni\u015f kesimleri ikna eden net bir vizyonu konu\u015fuluyor ne de muhalefetin toplumu rahatlatacak a\u00e7\u0131k bir yol haritas\u0131. Siyaset giderek \u201coperasyon mu, hukuk mu\u201d tart\u0131\u015fmas\u0131na s\u0131k\u0131\u015f\u0131yor. Oysa kimsenin duymad\u0131\u011f\u0131 bir c\u00fcmle var: <strong>Yar\u0131n sizin hayat\u0131n\u0131z nas\u0131l olacak?<\/strong><\/p>\n<p>Bug\u00fcn \u201cbeka meselesi\u201d de anlam de\u011fi\u015ftirmi\u015f durumda. Art\u0131k mesele s\u0131n\u0131r g\u00fcvenli\u011fi de\u011fil, ge\u00e7im g\u00fcvenli\u011fi. \u0130nsanlar i\u00e7in en temel soru ya\u015fam\u0131n s\u00fcrd\u00fcr\u00fclebilir olup olmad\u0131\u011f\u0131.<\/p>\n<p>S\u00f6z\u00fcn sonuna gelirken, ak\u0131llara tebess\u00fcmle dinledi\u011fimiz Bar\u0131\u015f Man\u00e7o\u2019nun o s\u00f6zleri geliyor: \u201cS\u00f6z\u00fcm meclisten d\u0131\u015far\u0131 dostlar, bug\u00fcnlerde kendimi h\u0131yar gibi hissediyorum. Dilim dilim do\u011frasalar Akdeniz cac\u0131k olur diyorum.\u201d<\/p>\n<p>Bug\u00fcn o s\u00f6z art\u0131k sadece bir espri de\u011fil.<\/p>\n<p><strong>\u201cH\u0131yar\u0131n deposu\u201d dedi\u011fimiz Akdeniz\u2019de bile ka\u00e7 aile sofras\u0131na cac\u0131k koyabiliyor? Bir kilo h\u0131yar, bir kilo yo\u011furt\u2026 En sade sofra kalemi bile art\u0131k hesap i\u015fi.<\/strong><\/p>\n<p>T\u00dc\u0130K veriler a\u00e7\u0131kl\u0131yor. Rakamlar payla\u015f\u0131l\u0131yor. Ama o rakamlar\u0131n sofraya nas\u0131l yans\u0131d\u0131\u011f\u0131 art\u0131k herkesin kendi hayat\u0131nda \u00f6l\u00e7t\u00fc\u011f\u00fc bir ger\u00e7ek.<\/p>\n<p>Sonu\u00e7ta tablo a\u00e7\u0131k: \u0130nsanlar anlat\u0131lan\u0131 de\u011fil, ya\u015fad\u0131\u011f\u0131n\u0131 esas al\u0131yor. Siyaset konu\u015fuluyor gibi g\u00f6r\u00fcnse de, ger\u00e7ekte konu\u015fulan \u015fey hayat\u0131n kendisi. Ve bug\u00fcn bu \u00fclkenin en ger\u00e7ek g\u00fcndemi \u015fu soruda d\u00fc\u011f\u00fcmleniyor:<\/p>\n<p><strong>Bir sofraya ne koyabiliyorsun?<\/strong><\/p>","protected":false},"excerpt":{"rendered":"<p>H\u0131yar\u0131 bol memlekette cac\u0131k bile hesap i\u015fi.<\/p>","protected":false},"author":17,"featured_media":285467,"comment_status":"closed","ping_status":"closed","sticky":false,"template":"","format":"standard","meta":{"footnotes":""},"categories":[286],"tags":[289],"class_list":{"0":"post-285464","1":"post","2":"type-post","3":"status-publish","4":"format-standard","5":"has-post-thumbnail","7":"category-yazarlar","8":"tag-manset"},"_links":{"self":[{"href":"https:\/\/halkweb.com.tr\/de\/wp-json\/wp\/v2\/posts\/285464","targetHints":{"allow":["GET"]}}],"collection":[{"href":"https:\/\/halkweb.com.tr\/de\/wp-json\/wp\/v2\/posts"}],"about":[{"href":"https:\/\/halkweb.com.tr\/de\/wp-json\/wp\/v2\/types\/post"}],"author":[{"embeddable":true,"href":"https:\/\/halkweb.com.tr\/de\/wp-json\/wp\/v2\/users\/17"}],"replies":[{"embeddable":true,"href":"https:\/\/halkweb.com.tr\/de\/wp-json\/wp\/v2\/comments?post=285464"}],"version-history":[{"count":2,"href":"https:\/\/halkweb.com.tr\/de\/wp-json\/wp\/v2\/posts\/285464\/revisions"}],"predecessor-version":[{"id":285466,"href":"https:\/\/halkweb.com.tr\/de\/wp-json\/wp\/v2\/posts\/285464\/revisions\/285466"}],"wp:featuredmedia":[{"embeddable":true,"href":"https:\/\/halkweb.com.tr\/de\/wp-json\/wp\/v2\/media\/285467"}],"wp:attachment":[{"href":"https:\/\/halkweb.com.tr\/de\/wp-json\/wp\/v2\/media?parent=285464"}],"wp:term":[{"taxonomy":"category","embeddable":true,"href":"https:\/\/halkweb.com.tr\/de\/wp-json\/wp\/v2\/categories?post=285464"},{"taxonomy":"post_tag","embeddable":true,"href":"https:\/\/halkweb.com.tr\/de\/wp-json\/wp\/v2\/tags?post=285464"}],"curies":[{"name":"wp","href":"https:\/\/api.w.org\/{rel}","templated":true}]}}