{"id":285422,"date":"2026-04-27T04:26:26","date_gmt":"2026-04-27T04:26:26","guid":{"rendered":"https:\/\/halkweb.com.tr\/?p=285422"},"modified":"2026-04-27T05:55:02","modified_gmt":"2026-04-27T05:55:02","slug":"nefretin-ozru-olmaz","status":"publish","type":"post","link":"https:\/\/halkweb.com.tr\/de\/nefretin-ozru-olmaz\/","title":{"rendered":"Nefretin \u00d6zr\u00fc Olmaz"},"content":{"rendered":"<p>\u201c\u0130ncinsen de incitme\u201d s\u00f6z\u00fcn\u00fcn Hac\u0131 Bekta\u015f-\u0131 Veli\u2019ye ait oldu\u011funu bilerek ba\u015fl\u0131yorum.<br \/>\n\u00c7\u00fcnk\u00fc bu s\u00f6z, sadece bir \u00f6\u011f\u00fct de\u011fil; bizim yolumuzun, inanc\u0131m\u0131z\u0131n ve vicdan\u0131m\u0131z\u0131n \u00f6z\u00fcd\u00fcr.<\/p>\n<p>Ama \u015funu da herkes bilsin:<br \/>\n\u0130ncitmemek, haks\u0131zl\u0131\u011fa sessiz kalmak de\u011fildir!<\/p>\n<p>Mine K\u0131r\u0131kkanat\u2019\u0131n kulland\u0131\u011f\u0131 \u201ck\u0131l\u0131\u00e7 art\u0131\u011f\u0131\u201d ifadesi, \u00f6yle basit bir kelime de\u011fildir.<br \/>\nBu s\u00f6z\u00fcn i\u00e7inde tarih var, ac\u0131 var, yok say\u0131lm\u0131\u015f hayatlar var.<br \/>\n\u201cBilmiyordum\u201d demek, bu y\u00fck\u00fc hafifletmez.<\/p>\n<p>Mine K\u0131r\u0131kkanat&#8217;\u0131n, Say\u0131n Kemal K\u0131l\u0131\u00e7daro\u011flu\u2019na y\u00f6nelik kulland\u0131\u011f\u0131 bu dil; ele\u015ftiri de\u011fil, a\u00e7\u0131k\u00e7a hedef g\u00f6stermedir.\u00a0Ve bu dili normalle\u015ftirmek, bu \u00fclkenin zaten k\u0131r\u0131lgan olan toplumsal bar\u0131\u015f\u0131na zarar verir.<\/p>\n<p>Ben bir Alevi olarak Mine K\u0131r\u0131kkanat&#8217;\u0131n \u00f6zr\u00fcn\u00fc kabul etmiyorum.\u00a0Bu topraklarda hangi s\u00f6z\u00fcn ne anlama geldi\u011fini, hangi kelimenin nas\u0131l bir yaray\u0131 kanatt\u0131\u011f\u0131n\u0131 \u00e7ok iyi bilirim.<\/p>\n<p>Bizim \u00f6\u011fretimizde kin yoktur ama haf\u0131za vard\u0131r.<br \/>\nBiz incinse de incitmeyenlerdeniz\u2026<br \/>\nAma bu, yanl\u0131\u015f kar\u015f\u0131s\u0131nda susaca\u011f\u0131m\u0131z anlam\u0131na da gelmez.<\/p>\n<p>Ele\u015ftiri yap\u0131l\u0131r, yap\u0131lmal\u0131d\u0131r. Ama insanlar\u0131 tarihsel nefret \u00e7a\u011fr\u0131\u015f\u0131mlar\u0131yla hedef haline getirmek ne fikir \u00f6zg\u00fcrl\u00fc\u011f\u00fcd\u00fcr ne de gazeteciliktir.<\/p>\n<p>Herkes kulland\u0131\u011f\u0131 s\u00f6z\u00fcn a\u011f\u0131rl\u0131\u011f\u0131n\u0131 bilecek!<br \/>\n\u00c7\u00fcnk\u00fc baz\u0131 kelimeler, sadece s\u00f6ylenmez\u2026 iz b\u0131rak\u0131r.<\/p>","protected":false},"excerpt":{"rendered":"<p>Bizim \u00f6\u011fretimizde kin yoktur ama haf\u0131za vard\u0131r.<\/p>","protected":false},"author":62,"featured_media":285424,"comment_status":"closed","ping_status":"closed","sticky":false,"template":"","format":"standard","meta":{"footnotes":""},"categories":[286],"tags":[289],"class_list":{"0":"post-285422","1":"post","2":"type-post","3":"status-publish","4":"format-standard","5":"has-post-thumbnail","7":"category-yazarlar","8":"tag-manset"},"_links":{"self":[{"href":"https:\/\/halkweb.com.tr\/de\/wp-json\/wp\/v2\/posts\/285422","targetHints":{"allow":["GET"]}}],"collection":[{"href":"https:\/\/halkweb.com.tr\/de\/wp-json\/wp\/v2\/posts"}],"about":[{"href":"https:\/\/halkweb.com.tr\/de\/wp-json\/wp\/v2\/types\/post"}],"author":[{"embeddable":true,"href":"https:\/\/halkweb.com.tr\/de\/wp-json\/wp\/v2\/users\/62"}],"replies":[{"embeddable":true,"href":"https:\/\/halkweb.com.tr\/de\/wp-json\/wp\/v2\/comments?post=285422"}],"version-history":[{"count":2,"href":"https:\/\/halkweb.com.tr\/de\/wp-json\/wp\/v2\/posts\/285422\/revisions"}],"predecessor-version":[{"id":285425,"href":"https:\/\/halkweb.com.tr\/de\/wp-json\/wp\/v2\/posts\/285422\/revisions\/285425"}],"wp:featuredmedia":[{"embeddable":true,"href":"https:\/\/halkweb.com.tr\/de\/wp-json\/wp\/v2\/media\/285424"}],"wp:attachment":[{"href":"https:\/\/halkweb.com.tr\/de\/wp-json\/wp\/v2\/media?parent=285422"}],"wp:term":[{"taxonomy":"category","embeddable":true,"href":"https:\/\/halkweb.com.tr\/de\/wp-json\/wp\/v2\/categories?post=285422"},{"taxonomy":"post_tag","embeddable":true,"href":"https:\/\/halkweb.com.tr\/de\/wp-json\/wp\/v2\/tags?post=285422"}],"curies":[{"name":"wp","href":"https:\/\/api.w.org\/{rel}","templated":true}]}}