{"id":285404,"date":"2026-04-26T13:55:33","date_gmt":"2026-04-26T13:55:33","guid":{"rendered":"https:\/\/halkweb.com.tr\/?p=285404"},"modified":"2026-04-26T13:55:33","modified_gmt":"2026-04-26T13:55:33","slug":"mutlak-butlan-sen-nelere-kadirsin","status":"publish","type":"post","link":"https:\/\/halkweb.com.tr\/de\/mutlak-butlan-sen-nelere-kadirsin\/","title":{"rendered":"Mutlak Butlan\u2026 Sen nelere kadirsin!"},"content":{"rendered":"<p>Kemal K\u0131l\u0131\u00e7daro\u011flu\u2019nun hukuku \u00d6zg\u00fcr \u00d6zel\u2019e emanet ise, ger\u00e7ekten vah ki ne vah!<\/p>\n<p>\u00d6zg\u00fcr \u00d6zel\u2019in \u015fu s\u00f6zleri dikkat \u00e7ekiyor:<br \/>\n\u201c\u00d6nceki Genel Ba\u015fkan\u0131m\u0131z\u0131n hukuku en ba\u015fta bana emanettir. Tek kelimeyle k\u0131n\u0131yorum.\u201d<\/p>\n<p>D\u00fcn\u00fcn en \u00e7ok \u00f6ne \u00e7\u0131kan c\u00fcmlesi buydu.<br \/>\nPeki sormak gerekir:<br \/>\nMadem b\u00f6yle bir hassasiyet vard\u0131, Kemal K\u0131l\u0131\u00e7daro\u011flu\u2019nun 38. Kurultay\u2019daki hukuku neden korunmad\u0131?<\/p>\n<p>Hukuka uymak elbette esast\u0131r. Ancak mesele sadece \u201chukuk\u201d vurgusu yapmak de\u011fil, o hukuku her ko\u015fulda ve tutarl\u0131 bi\u00e7imde savunabilmektir.<br \/>\nBu noktada ak\u0131llara baz\u0131 sorular geliyor.<\/p>\n<p>Cumhuriyet Gazetesi yazar\u0131 Mine K\u0131r\u0131kkanat \u00fczerinden y\u00fcr\u00fct\u00fclen s\u00f6ylemlerle, \u00d6zg\u00fcr \u00d6zel\u2019in K\u0131l\u0131\u00e7daro\u011flu\u2019na destek veriyormu\u015f gibi g\u00f6sterilerek bir yumu\u015fama zemini mi olu\u015fturulmak isteniyor?<\/p>\n<p>Yoksa t\u00fcm bunlar ger\u00e7ekten birbirinden ba\u011f\u0131ms\u0131z geli\u015fmeler mi?<\/p>\n<p>Bu sorular\u0131n cevab\u0131, siyasetin perde arkas\u0131nda gizli olabilir. Ancak kamuoyuna yans\u0131yan g\u00f6r\u00fcnt\u00fc, bunun basit bir tesad\u00fcf olmad\u0131\u011f\u0131n\u0131 d\u00fc\u015f\u00fcnd\u00fcr\u00fcyor.<br \/>\nNitekim merhum H\u00fcsamettin Cindoruk\u2019un cenaze t\u00f6reninde K\u0131l\u0131\u00e7daro\u011flu ile kar\u015f\u0131la\u015fan \u00d6zg\u00fcr \u00d6zel\u2019in y\u00fcz ifadesi de haf\u0131zalarda. O an, siyasetin sat\u0131r aralar\u0131na yans\u0131yan duygular a\u00e7\u0131s\u0131ndan olduk\u00e7a dikkat \u00e7ekiciydi.<\/p>\n<p>Daha da \u00f6nemlisi, bug\u00fcne kadar Kemal K\u0131l\u0131\u00e7daro\u011flu\u2019na y\u00f6nelik sistematik hakaret ve karalama kampanyalar\u0131na kar\u015f\u0131 ne partinin kurumsal kimli\u011finden g\u00fc\u00e7l\u00fc bir tepki geldi ne de \u00d6zg\u00fcr \u00d6zel\u2019in a\u00e7\u0131klamalar\u0131nda kapsay\u0131c\u0131 ve birle\u015ftirici bir duru\u015f g\u00f6r\u00fcld\u00fc.<\/p>\n<p>Bug\u00fcn ise farkl\u0131 bir dil kullan\u0131l\u0131yor.<br \/>\nBu de\u011fi\u015fim, ister istemez \u015fu soruyu g\u00fcndeme getiriyor:<br \/>\nAcaba \u201cmutlak butlan\u201d ihtimali mi bu s\u00f6ylem de\u011fi\u015fikli\u011finin arkas\u0131ndaki temel neden?<br \/>\nE\u011fer \u00f6yle de\u011filse, \u015fu sorular\u0131n a\u00e7\u0131k bir \u015fekilde yan\u0131tlanmas\u0131 gerekir:<\/p>\n<ul>\n<li>CHP\u2019nin 38. kurultay\u0131 ger\u00e7ekten tart\u0131\u015fmas\u0131z ve \u015faibesiz miydi?<\/li>\n<li>Yoksa bug\u00fcn sergilenen yumu\u015fama, o d\u00f6neme dair soru i\u015faretlerinin h\u00e2l\u00e2 canl\u0131 oldu\u011funu mu g\u00f6steriyor?<\/li>\n<li>Ola\u011fan ve ola\u011fan\u00fcst\u00fc kurultay s\u00fcre\u00e7leriyle, tart\u0131\u015fmal\u0131 bir zemine me\u015fruiyet kazand\u0131r\u0131lmaya m\u0131 \u00e7al\u0131\u015f\u0131ld\u0131?<\/li>\n<li>Parti i\u00e7inde farkl\u0131 d\u00fc\u015f\u00fcnenler, \u00f6zellikle K\u0131l\u0131\u00e7daro\u011flu\u2019na yak\u0131n duran isimler, disiplin s\u00fcre\u00e7leriyle tasfiye edilmedi mi?<\/li>\n<li>K\u0131l\u0131\u00e7daro\u011flu\u2019nun yeniden etkili olmas\u0131n\u0131n \u00f6n\u00fcne ge\u00e7mek ad\u0131na kulis faaliyetleri y\u00fcr\u00fct\u00fclmedi mi?<\/li>\n<li>Bu ba\u011flamda B\u00fclent Ar\u0131n\u00e7 ile kurulan temaslar kamuoyuna yans\u0131mad\u0131 m\u0131?<\/li>\n<\/ul>\n<p>\u00d6te yandan, Halk TV ve baz\u0131 medya mecralar\u0131nda K\u0131l\u0131\u00e7daro\u011flu\u2019nun itibar\u0131n\u0131 hedef alan kampanyalar y\u00fcr\u00fct\u00fcl\u00fcrken, bu s\u00fcre\u00e7ten ger\u00e7ekten habersiz olundu\u011funu s\u00f6ylemek ne kadar inand\u0131r\u0131c\u0131?<\/p>\n<p>T\u00fcm bu geli\u015fmeler bir arada de\u011ferlendirildi\u011finde ortaya \u00e7\u0131kan tablo nettir:<br \/>\nBug\u00fcn kullan\u0131lan \u201chukuk\u201d s\u00f6ylemi, ge\u00e7mi\u015fteki sessizlikle \u00e7eli\u015fmektedir.<br \/>\nCHP\u2019nin, tart\u0131\u015fmalar ve \u015faibelerle an\u0131lan bir g\u00f6r\u00fcnt\u00fcye s\u00fcr\u00fcklenmesi ise bu \u00e7eli\u015fkilerin en somut sonucudur.<\/p>\n<p>Ve son olarak\u2026<br \/>\n\u00d6zg\u00fcr \u00d6zel\u2019in, Kemal K\u0131l\u0131\u00e7daro\u011flu hakk\u0131nda sosyal medya platformu X \u00fczerinden yapt\u0131\u011f\u0131 payla\u015f\u0131m\u0131n alt\u0131na yaz\u0131lan yorumlara bakmak da ayr\u0131 bir g\u00f6stergedir.<br \/>\nGe\u00e7mi\u015fte hakaret ve k\u00fcf\u00fcrle dolu bir ar\u015five d\u00f6n\u00fc\u015fen o yorumlar, bug\u00fcn dile getirilen \u201chukuk sahipli\u011fi\u201d iddias\u0131n\u0131n ne kadar kar\u015f\u0131l\u0131k buldu\u011funu sorgulatmaktad\u0131r.<\/p>\n<p>Schlussfolgerung:<br \/>\nSiyasette tutarl\u0131l\u0131k, en az s\u00f6ylem kadar \u00f6nemlidir.<br \/>\nE\u011fer ger\u00e7ekten bir \u201chukuk\u201d savunusu yap\u0131lacaksa, bu yaln\u0131zca bug\u00fcn de\u011fil, d\u00fcn de ayn\u0131 kararl\u0131l\u0131kla yap\u0131lmal\u0131yd\u0131.<br \/>\nAksi halde insan\u0131n akl\u0131na tek bir c\u00fcmle geliyor:<br \/>\nMutlak butlan\u2026 Sen nelere kadirsin!<\/p>","protected":false},"excerpt":{"rendered":"<p>Siyasette tutarl\u0131l\u0131k, en az s\u00f6ylem kadar \u00f6nemlidir.<\/p>","protected":false},"author":13,"featured_media":285405,"comment_status":"closed","ping_status":"closed","sticky":false,"template":"","format":"standard","meta":{"footnotes":""},"categories":[286],"tags":[289],"class_list":{"0":"post-285404","1":"post","2":"type-post","3":"status-publish","4":"format-standard","5":"has-post-thumbnail","7":"category-yazarlar","8":"tag-manset"},"_links":{"self":[{"href":"https:\/\/halkweb.com.tr\/de\/wp-json\/wp\/v2\/posts\/285404","targetHints":{"allow":["GET"]}}],"collection":[{"href":"https:\/\/halkweb.com.tr\/de\/wp-json\/wp\/v2\/posts"}],"about":[{"href":"https:\/\/halkweb.com.tr\/de\/wp-json\/wp\/v2\/types\/post"}],"author":[{"embeddable":true,"href":"https:\/\/halkweb.com.tr\/de\/wp-json\/wp\/v2\/users\/13"}],"replies":[{"embeddable":true,"href":"https:\/\/halkweb.com.tr\/de\/wp-json\/wp\/v2\/comments?post=285404"}],"version-history":[{"count":1,"href":"https:\/\/halkweb.com.tr\/de\/wp-json\/wp\/v2\/posts\/285404\/revisions"}],"predecessor-version":[{"id":285406,"href":"https:\/\/halkweb.com.tr\/de\/wp-json\/wp\/v2\/posts\/285404\/revisions\/285406"}],"wp:featuredmedia":[{"embeddable":true,"href":"https:\/\/halkweb.com.tr\/de\/wp-json\/wp\/v2\/media\/285405"}],"wp:attachment":[{"href":"https:\/\/halkweb.com.tr\/de\/wp-json\/wp\/v2\/media?parent=285404"}],"wp:term":[{"taxonomy":"category","embeddable":true,"href":"https:\/\/halkweb.com.tr\/de\/wp-json\/wp\/v2\/categories?post=285404"},{"taxonomy":"post_tag","embeddable":true,"href":"https:\/\/halkweb.com.tr\/de\/wp-json\/wp\/v2\/tags?post=285404"}],"curies":[{"name":"wp","href":"https:\/\/api.w.org\/{rel}","templated":true}]}}