{"id":285398,"date":"2026-04-26T13:44:02","date_gmt":"2026-04-26T13:44:02","guid":{"rendered":"https:\/\/halkweb.com.tr\/?p=285398"},"modified":"2026-04-26T13:44:02","modified_gmt":"2026-04-26T13:44:02","slug":"ozgur-ozel-mine-kirikkanati-kinadi-mi-yoksa-kendini-merkeze-alarak-odagi-mi-degistirdi","status":"publish","type":"post","link":"https:\/\/halkweb.com.tr\/de\/ozgur-ozel-mine-kirikkanati-kinadi-mi-yoksa-kendini-merkeze-alarak-odagi-mi-degistirdi\/","title":{"rendered":"\u00d6zg\u00fcr \u00d6zel, Mine K\u0131r\u0131kkanat\u2019\u0131 K\u0131nad\u0131 m\u0131, Yoksa Kendini Merkeze Alarak Oda\u011f\u0131 m\u0131 De\u011fi\u015ftirdi?"},"content":{"rendered":"<p>Bir hakareti k\u0131namak kolayd\u0131r. Zor olan, k\u0131namay\u0131 <strong>veriyle s\u0131namak<\/strong> ve oda\u011f\u0131 da\u011f\u0131tmamakt\u0131r. As\u0131l soru \u015fudur: Tepki, hakareti mi merkezde tutuyor, yoksa <strong>ba\u015fka bir anlat\u0131 m\u0131 kuruyor?<\/strong><\/p>\n<p><strong>I. Hakaret, Tepki ve Zaman Damgas\u0131<\/strong><\/p>\n<p>Mine G. K\u0131r\u0131kkanat\u2019\u0131n, Kemal K\u0131l\u0131\u00e7daro\u011flu hakk\u0131nda kulland\u0131\u011f\u0131 ifade, tart\u0131\u015fman\u0131n s\u0131n\u0131rlar\u0131n\u0131 a\u015fan bir dil \u00f6rne\u011fidir ve bu y\u00f6n\u00fcyle k\u0131nanmas\u0131 do\u011fald\u0131r.<\/p>\n<p><strong>Mine K\u0131r\u0131kkanat (X payla\u015f\u0131m\u0131, [25.04.2026]):<\/strong><\/p>\n<p><strong>\u201cKripto k\u0131l\u0131\u00e7 art\u0131\u011f\u0131.\u201d<\/strong><\/p>\n<p>Bu payla\u015f\u0131m\u0131n kamuya a\u00e7\u0131k bi\u00e7imde biliniyor olmas\u0131, tart\u0131\u015fmay\u0131 spek\u00fclasyondan \u00e7\u0131kar\u0131p <strong>somut bir zaman \u00e7izelgesine<\/strong> oturtmaktad\u0131r. Nitekim ard\u0131ndan gelen tepkiler de ayn\u0131 a\u00e7\u0131kl\u0131kla izlenebilmektedir.<\/p>\n<p>Bu \u00e7er\u00e7evede \u00d6zg\u00fcr \u00d6zel\u2019in a\u00e7\u0131klamas\u0131, ilk bak\u0131\u015fta net bir k\u0131nama i\u00e7ermektedir.<\/p>\n<p><strong>\u00d6zg\u00fcr \u00d6zel (X payla\u015f\u0131m\u0131):<\/strong><\/p>\n<p>\u201cY\u0131llard\u0131r \u015fahs\u0131ma yapt\u0131\u011f\u0131 her t\u00fcrl\u00fc hakaretine sab\u0131rla sustu\u011fum bir s\u00f6zde yazar, bu kez Say\u0131n Kemal K\u0131l\u0131\u00e7daro\u011flu\u2019na hadsizce sald\u0131rm\u0131\u015f.<\/p>\n<p>\u00d6nceki Genel Ba\u015fkan\u0131m\u0131z\u0131n hukuku en ba\u015fta, bana emanettir.<\/p>\n<p>Tek kelime ile KINIYORUM.\u201d<\/p>\n<p>Ancak ayn\u0131 metinde yer alan \u015fu vurgu, tart\u0131\u015fman\u0131n y\u00f6n\u00fcn\u00fc de\u011fi\u015ftirir:<\/p>\n<p><strong><em>\u201cY\u0131llard\u0131r \u015fahs\u0131ma yap\u0131lan her t\u00fcrl\u00fc hakaretine sab\u0131rla sustu\u011fum\u2026\u201d<\/em><\/strong><\/p>\n<p>Bu c\u00fcmle, basit bir k\u0131naman\u0131n \u00f6tesine ge\u00e7erek <strong>s\u00f6ylemin eksenini geni\u015fleten<\/strong> bir i\u015flev g\u00f6rmektedir.<\/p>\n<p><strong>II. Olgusal Zemin: \u0130ddia Ne Kadar Ta\u015f\u0131n\u0131yor?<\/strong><\/p>\n<p>B\u00f6ylesi kapsay\u0131c\u0131 bir iddia, ancak <strong>s\u00fcreklilik ve yo\u011funluk<\/strong> g\u00f6steren \u00f6rneklerle desteklenirse anlam kazan\u0131r.<\/p>\n<p>Oysa Mine G. K\u0131r\u0131kkanat\u2019\u0131n k\u00f6\u015fe yaz\u0131lar\u0131 \u00fczerinden yap\u0131lan inceleme, farkl\u0131 bir tabloya i\u015faret etmektedir:<\/p>\n<ul>\n<li><strong>9 Haziran 2024<\/strong> tarihli <em>\u201cYeni anayasa de\u011fil, hukuk devleti istiyoruz!\u201d<\/em> ba\u015fl\u0131kl\u0131 Cumhuriyet\u2019te yer alan yaz\u0131da, \u00d6zg\u00fcr \u00d6zel i\u00e7in <strong><em>\u201ciktidara y\u00fcr\u00fcyen siyasal lider\u201d<\/em><\/strong> ifadesi kullan\u0131lmakta; dil <strong>olumlu\u2013n\u00f6tr<\/strong> bir siyasal de\u011ferlendirme \u00e7er\u00e7evesinde kalmaktad\u0131r. Yaz\u0131da;<\/li>\n<\/ul>\n<p><em>\u201c31 Mart yerel se\u00e7im sonu\u00e7lar\u0131\u2026..yeni genel ba\u015fkan\u0131 \u00d6zg\u00fcr \u00d6zel\u2019i daha ilk se\u00e7im hamlesinde, iktidara y\u00fcr\u00fcyen siyasal lider yapt\u0131.\u201d <\/em><\/p>\n<p>ifadesi yer almaktad\u0131r.<\/p>\n<ul>\n<li><strong>5 May\u0131s 2024<\/strong> tarihli <em>\u201cD\u00fczmece rapor uzman\u0131, Fincanc\u0131\u201d<\/em> ba\u015fl\u0131kl\u0131 Cumhuriyet\u2019te yer alan yaz\u0131da ise \u00d6zel\u2019in ad\u0131 bir tart\u0131\u015fma ba\u011flam\u0131nda ge\u00e7mekte; ancak burada da <strong>ki\u015fili\u011fi hedef alan bir hakaret dili<\/strong> bulunmamaktad\u0131r. Yaz\u0131da ise;<\/li>\n<\/ul>\n<p><strong><em>\u201c<\/em><\/strong><em>1 May\u0131s\u2019ta CHP Genel Ba\u015fkan\u0131 \u00d6zg\u00fcr \u00d6zel ve \u0130stanbul B\u00fcy\u00fck\u015fehir Belediye Ba\u015fkan\u0131 Ekrem \u0130mamo\u011flu\u2019nu \u015eebnem Korur Fincanc\u0131\u2019yla ayn\u0131 karede bulu\u015fturan foto\u011fraf; iki siyasal liderin \u015fiddetle ele\u015ftirilmesine yol a\u00e7t\u0131.\u201d <\/em>denilmektedir.<\/p>\n<p>Bu iki \u00f6rnek tek ba\u015f\u0131na kesin h\u00fck\u00fcm kurdurmaz; ancak <strong>en az\u0131ndan kamuya yans\u0131yan metinlerde<\/strong>, \u00d6zel\u2019e y\u00f6nelik <strong>s\u00fcreklilik arz eden ve do\u011frudan hakaret i\u00e7eren sistematik bir s\u00f6ylem hatt\u0131n\u0131n belirgin olmad\u0131\u011f\u0131na<\/strong> i\u015faret eder.<\/p>\n<p>Dolay\u0131s\u0131yla <strong><em>\u201cy\u0131llard\u0131r her t\u00fcrl\u00fc hakaret\u201d <\/em><\/strong>ifadesi, mevcut veriyle kar\u015f\u0131la\u015ft\u0131r\u0131ld\u0131\u011f\u0131nda <strong>\u00f6l\u00e7e\u011fi geni\u015fletilmi\u015f bir genelleme<\/strong> izlenimi vermektedir.<\/p>\n<p><strong>III. Retorik Kayma: K\u0131nama m\u0131, Konumlanma m\u0131?<\/strong><\/p>\n<p>Buradaki as\u0131l mesele, k\u0131naman\u0131n varl\u0131\u011f\u0131 de\u011fil, <strong>k\u0131naman\u0131n nas\u0131l kuruldu\u011fudur<\/strong>.<\/p>\n<p>Bir hakareti k\u0131narken:<\/p>\n<ul>\n<li><strong>oda\u011f\u0131 ma\u011fdurdan al\u0131p konu\u015fan\u0131n kendi ge\u00e7mi\u015fine kayd\u0131rmak, <\/strong><\/li>\n<li><strong>tart\u0131\u015fmay\u0131 \u201cben de y\u0131llard\u0131r maruz kal\u0131yorum\u201d eksenine ta\u015f\u0131mak, <\/strong><\/li>\n<li>ve <strong>bunu somut \u00f6rneklerle desteklememek, <\/strong><\/li>\n<\/ul>\n<p><strong>retorik bir kayma<\/strong> yarat\u0131r.<\/p>\n<p>Bu kayma, iki sonu\u00e7 do\u011furur:<\/p>\n<ol>\n<li>As\u0131l ma\u011fduriyetinin a\u011f\u0131rl\u0131\u011f\u0131 <strong>ikinci plana d\u00fc\u015fer<\/strong>.<\/li>\n<li>K\u0131nama, ilkesel bir tutum olmaktan \u00e7\u0131kar, <strong>ki\u015fisel konumlanma arac\u0131na<\/strong> d\u00f6n\u00fc\u015f\u00fcr.<\/li>\n<\/ol>\n<p>Siyasal ileti\u015fimde bu t\u00fcr ifadeler s\u0131k\u00e7a <strong>me\u015fruiyet \u00fcretme tekni\u011fi<\/strong> olarak kullan\u0131l\u0131r: <strong>konu\u015fan, kendisini sabreden ve hedef al\u0131nan taraf olarak konumland\u0131r\u0131r.<\/strong> Ancak bu teknik, <strong>do\u011frulanabilir \u00f6rneklerle desteklenmedi\u011finde<\/strong>, olgusal bir tespitten ziyade <strong>alg\u0131 \u00fcretimine<\/strong> hizmet eder.<\/p>\n<p><strong>IV. \u00d6z\u00fcr Metni: Kabul m\u00fc, Hafifletme mi?<\/strong><\/p>\n<p>Tart\u0131\u015fman\u0131n di\u011fer aya\u011f\u0131nda, Mine K\u0131r\u0131kkanat\u2019\u0131n kulland\u0131\u011f\u0131 ifadeye ili\u015fkin gelen tepkiler sonras\u0131 yap\u0131lan <strong>\u201cbilmiyordum\u201d i\u00e7erikli \u00f6z\u00fcr<\/strong> yer almaktad\u0131r.<\/p>\n<p><strong>Mine K\u0131r\u0131kkanat (X payla\u015f\u0131m\u0131 \u2013 \u00f6z\u00fcr):<\/strong><\/p>\n<p>\u201cAlevi dostlardan i\u00e7tenlikle \u00f6z\u00fcr dilerim. K\u0131l\u0131\u00e7 art\u0131\u011f\u0131 s\u00f6z\u00fcn\u00fcn tarih\u00e7esini bilmiyordum. Bu s\u00f6z\u00fc, K\u0131l\u0131\u00e7daro\u011flu\u2019nun soyad\u0131na atfen s\u00f6yledim. Cehaletimi ba\u011f\u0131\u015flay\u0131n.\u201d<\/p>\n<p>Bu \u00f6z\u00fcr:<\/p>\n<ul>\n<li><strong>hata kabul\u00fc<\/strong> bak\u0131m\u0131ndan \u00f6nemlidir,<\/li>\n<li>ancak kullan\u0131lan ifadenin <strong>tarihsel ve sosyolojik y\u00fck\u00fcn\u00fc ortadan kald\u0131rmaz<\/strong>.<\/li>\n<\/ul>\n<p>Dahas\u0131,<strong> \u201cbilmiyordum\u201d<\/strong> savunmas\u0131, sorumlulu\u011fu tamamen ortadan kald\u0131rmaz; yaln\u0131zca <strong>niyet tart\u0131\u015fmas\u0131na<\/strong> alan a\u00e7ar. Bu da tart\u0131\u015fmay\u0131 ilkesel zeminden \u00e7\u0131kar\u0131p, <strong>ki\u015fisel a\u00e7\u0131klamalar d\u00fczeyine<\/strong> indirgeme riski ta\u015f\u0131r.<\/p>\n<p><strong>Sonu\u00e7: K\u0131namak Yetmez, Do\u011frulamak Gerekir<\/strong><\/p>\n<p>Bir hakareti k\u0131namak gereklidir. Ama yeterli de\u011fildir.<\/p>\n<p>E\u011fer k\u0131nama:<\/p>\n<ul>\n<li><strong>genellemelere dayan\u0131yorsa<\/strong>,<\/li>\n<li><strong>somut verilerle desteklenmiyorsa<\/strong>,<\/li>\n<li>ve <strong>oda\u011f\u0131 ma\u011fdurdan kayd\u0131r\u0131yorsa,<\/strong><\/li>\n<\/ul>\n<p>o zaman ortaya \u00e7\u0131kan \u015fey yaln\u0131zca bir tepki de\u011fil, ayn\u0131 zamanda bir <strong>anlat\u0131 in\u015fas\u0131d\u0131r<\/strong>.<\/p>\n<p><strong>As\u0131l soru \u015fudur:<\/strong><\/p>\n<p>Bir hakaret kar\u015f\u0131s\u0131nda verilen tepki, ger\u00e7ekten hakareti mi merkezde tutmaktad\u0131r\u2014yoksa o hakaret, ba\u015fka bir siyasal \u00e7er\u00e7evenin kurulmas\u0131 i\u00e7in bir <strong>vesileye mi d\u00f6n\u00fc\u015fmektedir?<\/strong><\/p>\n<p>Bu \u00e7er\u00e7evede ortaya \u00e7\u0131kan tablo, k\u0131naman\u0131n \u00f6tesinde bir s\u00f6ylem in\u015fas\u0131na i\u015faret etmektedir. S\u00f6z konusu tepkinin, yaln\u0131zca hakareti mahk\u00fbm etmekle s\u0131n\u0131rl\u0131 kalmad\u0131\u011f\u0131; ayn\u0131 zamanda, somut verilerle desteklenmeyen bir ma\u011fduriyet anlat\u0131s\u0131 \u00fczerinden yeni bir siyasal \u00e7er\u00e7eve kurdu\u011fu anla\u015f\u0131lmaktad\u0131r.<\/p>\n","protected":false},"excerpt":{"rendered":"<p>Bir hakaret kar\u015f\u0131s\u0131nda verilen tepki, ger\u00e7ekten hakareti mi merkezde tutmaktad\u0131r\u2014yoksa o hakaret, ba\u015fka bir siyasal \u00e7er\u00e7evenin kurulmas\u0131 i\u00e7in bir vesileye mi d\u00f6n\u00fc\u015fmektedir?<\/p>","protected":false},"author":21,"featured_media":285399,"comment_status":"closed","ping_status":"closed","sticky":false,"template":"","format":"standard","meta":{"footnotes":""},"categories":[286],"tags":[289],"class_list":{"0":"post-285398","1":"post","2":"type-post","3":"status-publish","4":"format-standard","5":"has-post-thumbnail","7":"category-yazarlar","8":"tag-manset"},"_links":{"self":[{"href":"https:\/\/halkweb.com.tr\/de\/wp-json\/wp\/v2\/posts\/285398","targetHints":{"allow":["GET"]}}],"collection":[{"href":"https:\/\/halkweb.com.tr\/de\/wp-json\/wp\/v2\/posts"}],"about":[{"href":"https:\/\/halkweb.com.tr\/de\/wp-json\/wp\/v2\/types\/post"}],"author":[{"embeddable":true,"href":"https:\/\/halkweb.com.tr\/de\/wp-json\/wp\/v2\/users\/21"}],"replies":[{"embeddable":true,"href":"https:\/\/halkweb.com.tr\/de\/wp-json\/wp\/v2\/comments?post=285398"}],"version-history":[{"count":1,"href":"https:\/\/halkweb.com.tr\/de\/wp-json\/wp\/v2\/posts\/285398\/revisions"}],"predecessor-version":[{"id":285400,"href":"https:\/\/halkweb.com.tr\/de\/wp-json\/wp\/v2\/posts\/285398\/revisions\/285400"}],"wp:featuredmedia":[{"embeddable":true,"href":"https:\/\/halkweb.com.tr\/de\/wp-json\/wp\/v2\/media\/285399"}],"wp:attachment":[{"href":"https:\/\/halkweb.com.tr\/de\/wp-json\/wp\/v2\/media?parent=285398"}],"wp:term":[{"taxonomy":"category","embeddable":true,"href":"https:\/\/halkweb.com.tr\/de\/wp-json\/wp\/v2\/categories?post=285398"},{"taxonomy":"post_tag","embeddable":true,"href":"https:\/\/halkweb.com.tr\/de\/wp-json\/wp\/v2\/tags?post=285398"}],"curies":[{"name":"wp","href":"https:\/\/api.w.org\/{rel}","templated":true}]}}