{"id":284858,"date":"2026-04-08T16:10:49","date_gmt":"2026-04-08T16:10:49","guid":{"rendered":"https:\/\/halkweb.com.tr\/?p=284858"},"modified":"2026-04-08T16:10:49","modified_gmt":"2026-04-08T16:10:49","slug":"die-wolftal-debatte-ist-wieder-aufgeflammt-selcuk-yontem-sprach-zafer-erginins-worte-wurden-wieder-ein-heises-thema","status":"publish","type":"post","link":"https:\/\/halkweb.com.tr\/de\/die-wolftal-debatte-ist-wieder-aufgeflammt-selcuk-yontem-sprach-zafer-erginins-worte-wurden-wieder-ein-heises-thema\/","title":{"rendered":"Die Debatte \u00fcber das Tal der W\u00f6lfe ist entbrannt: Sel\u00e7uk Y\u00f6ntem spricht, Zafer Ergins Worte werden wieder zur Tagesordnung!"},"content":{"rendered":"<p>Tal der W\u00f6lfe, eine der ph\u00e4nomenalsten Produktionen in der Geschichte des t\u00fcrkischen Fernsehens, wird auch noch Jahre nach ihrem Ende wegen ihrer gesellschaftlichen Auswirkungen diskutiert. Zwei Veteranen der Serie, Sel\u00e7uk Y\u00f6ntem und Zafer Ergin, haben mit ihrer kritischen Haltung zu dem Projekt eine neue Debatte in den sozialen Medien ausgel\u00f6st.<\/p>\n<p>&nbsp;<\/p>\n<p><strong>Sel\u00e7uk Y\u00f6ntem \u201cEs hinterl\u00e4sst negative Spuren bei jungen Menschen\u201d<\/strong><\/p>\n<p>Der Meisterschauspieler, der durch seine Rolle \u2018Aslan Akbey\u2019 in der Serie <strong>Selcuk-Methode<\/strong>, In einer Sendung, an der er k\u00fcrzlich teilnahm, wies er auf die soziologischen Auswirkungen der Serie hin. Y\u00f6ntem bezeichnete das Licht, das sie auf die Beziehungen zwischen Staat und Mafia in der Anfangsphase des Projekts warf, als wertvoll, \u00fcbte aber auch Selbstkritik:<\/p>\n<p><em>\u201dDie Tatsache, dass Straft\u00e4ter nicht bestraft werden und Gewalt als L\u00f6sung pr\u00e4sentiert wird, kann sich negativ auf junge Menschen auswirken.\u201d<\/em><\/p>\n<p><strong>Zafer Ergin: \u201cIch habe aufgeh\u00f6rt, weil es sch\u00e4dlich war\u201d<\/strong><\/p>\n<p>Dieser Abgang von Sel\u00e7uk Y\u00f6ntem erinnerte an einen anderen Meisternamen <strong>Zafer Ergin<\/strong>\u2019Ergins markante \u00c4u\u00dferungen von vor Jahren. Ergin, der in der Serie die Figur des \u2018Baron Mehmet Karahanl\u0131\u2019 verk\u00f6rperte, f\u00fchrte den Grund f\u00fcr seinen Ausstieg aus dem Projekt, w\u00e4hrend er an der Spitze stand, auf seine \u201cPrinzipien\u201d zur\u00fcck.<\/p>\n<p>&nbsp;<\/p>\n<p>Ergin hatte sich in einem Interview, das er kurz vor Beginn der Arka Sokaklar-Serie gab, wie folgt ge\u00e4u\u00dfert:<\/p>\n<p><strong>\u201dIch habe aufgeh\u00f6rt, weil ich es als sch\u00e4dlich empfunden habe\u201d.\u201d<\/strong> \u201cIch habe das Tal der W\u00f6lfe verlassen, weil es zu schlechten Gewohnheiten f\u00fchrte und der Gesellschaft schadete. Au\u00dferdem gab es sehr wohlwollende finanzielle Angebote f\u00fcr mich, um weiterzumachen.\u201d<br \/>\n<strong>\u201dDas Fernsehen ist eine gro\u00dfartige Waffe.\u201d<\/strong> Ergin sagte, dass seine Schauspielerkollegen seine Entscheidung, wegen der hohen Gagen aufzuh\u00f6ren, kritisiert h\u00e4tten: \u201cIch habe Prinzipien. Die Macht des Fernsehens auf die Gesellschaft ist unbestreitbar, diese Waffe sollte richtig eingesetzt werden\u201d, stellte er seine Haltung klar.<\/p>\n<p>&nbsp;<\/p>\n<p><strong>Soziale Medien geteilt<\/strong><\/p>\n<p>Die Kritik der beiden altgedienten Schauspieler, die sich nach Jahren an derselben Stelle trafen, spaltete die Zuschauer in zwei Lager. W\u00e4hrend die einen argumentierten, die Serie sei ein Kunstwerk, das die Realit\u00e4ten einer Zeit widerspiegele, stimmten andere den Bedenken von Y\u00f6ntem und Ergin hinsichtlich der \u201cgesellschaftlichen Korruption\u201d zu.<\/p>\n<p>&nbsp;<\/p>\n<p>Nachrichtenredakteurin Dilek Bozkurt<\/p>","protected":false},"excerpt":{"rendered":"<p>T\u00fcrk televizyon tarihinin en fenomen yap\u0131mlar\u0131ndan biri olan Kurtlar Vadisi, finalinin \u00fczerinden y\u0131llar ge\u00e7mesine ra\u011fmen toplumsal etkisiyle tart\u0131\u015f\u0131lmaya devam ediyor. Dizinin iki usta ismi Sel\u00e7uk Y\u00f6ntem ve Zafer Ergin\u2019in projeye y\u00f6nelik ele\u015ftirel yakla\u015f\u0131mlar\u0131, sosyal medyada yeni bir tart\u0131\u015fman\u0131n fitilini ate\u015fledi. &nbsp; Sel\u00e7uk Y\u00f6ntem: &#8220;Gen\u00e7ler \u00dczerinde Olumsuz \u0130zler B\u0131rakt\u0131&#8221; \u200bDizide canland\u0131rd\u0131\u011f\u0131 &#8216;Aslan Akbey&#8217; karakteriyle haf\u0131zalara kaz\u0131nan [&hellip;]<\/p>\n","protected":false},"author":49,"featured_media":284859,"comment_status":"closed","ping_status":"closed","sticky":false,"template":"","format":"standard","meta":{"footnotes":""},"categories":[7],"tags":[318,321,319,314,320],"class_list":{"0":"post-284858","1":"post","2":"type-post","3":"status-publish","4":"format-standard","5":"has-post-thumbnail","7":"category-yasam","8":"tag-kurtlar-vadisi","9":"tag-magazin","10":"tag-selcuk-yontem","11":"tag-son-dakika","12":"tag-zafer-ergin"},"_links":{"self":[{"href":"https:\/\/halkweb.com.tr\/de\/wp-json\/wp\/v2\/posts\/284858","targetHints":{"allow":["GET"]}}],"collection":[{"href":"https:\/\/halkweb.com.tr\/de\/wp-json\/wp\/v2\/posts"}],"about":[{"href":"https:\/\/halkweb.com.tr\/de\/wp-json\/wp\/v2\/types\/post"}],"author":[{"embeddable":true,"href":"https:\/\/halkweb.com.tr\/de\/wp-json\/wp\/v2\/users\/49"}],"replies":[{"embeddable":true,"href":"https:\/\/halkweb.com.tr\/de\/wp-json\/wp\/v2\/comments?post=284858"}],"version-history":[{"count":1,"href":"https:\/\/halkweb.com.tr\/de\/wp-json\/wp\/v2\/posts\/284858\/revisions"}],"predecessor-version":[{"id":284860,"href":"https:\/\/halkweb.com.tr\/de\/wp-json\/wp\/v2\/posts\/284858\/revisions\/284860"}],"wp:featuredmedia":[{"embeddable":true,"href":"https:\/\/halkweb.com.tr\/de\/wp-json\/wp\/v2\/media\/284859"}],"wp:attachment":[{"href":"https:\/\/halkweb.com.tr\/de\/wp-json\/wp\/v2\/media?parent=284858"}],"wp:term":[{"taxonomy":"category","embeddable":true,"href":"https:\/\/halkweb.com.tr\/de\/wp-json\/wp\/v2\/categories?post=284858"},{"taxonomy":"post_tag","embeddable":true,"href":"https:\/\/halkweb.com.tr\/de\/wp-json\/wp\/v2\/tags?post=284858"}],"curies":[{"name":"wp","href":"https:\/\/api.w.org\/{rel}","templated":true}]}}