{"id":284760,"date":"2026-04-06T06:24:11","date_gmt":"2026-04-06T06:24:11","guid":{"rendered":"https:\/\/halkweb.com.tr\/?p=284760"},"modified":"2026-04-06T06:24:11","modified_gmt":"2026-04-06T06:24:11","slug":"ohne-inneren-frieden-in-der-chp-kann-keine-innere-front-aufgebaut-werden","status":"publish","type":"post","link":"https:\/\/halkweb.com.tr\/de\/ohne-inneren-frieden-in-der-chp-kann-keine-innere-front-aufgebaut-werden\/","title":{"rendered":"Ohne inneren Frieden in der CHP kann es keine interne Front geben"},"content":{"rendered":"<p>Seit dem Zweiten Weltkrieg ist die Welt nicht mehr in einen solchen Zustand der Unsicherheit und Spannung geraten. Selbst die Jahre des Kalten Krieges reichen nicht aus, um das vielschichtige Krisenumfeld von heute zu erkl\u00e4ren. Die Situation, in der wir uns heute befinden, \u00e4hnelt einem unkontrollierten Stoppelfeuer: Die Windrichtung ist ungewiss, die M\u00f6glichkeit der Ausbreitung hoch und die Folgen unvorhersehbar.<\/p>\n<p><strong>Innenfassade ist ein Muss<\/strong><\/p>\n<p>Daher ist die \u201cSchlichtung an der Heimatfront\u201d, wie von den Regierungssprechern h\u00e4ufig betont wird, f\u00fcr die T\u00fcrkei keine Option, sondern eine Notwendigkeit. Die eigentliche Frage ist jedoch die folgende: Ist diese Schlichtung ohne die CHP m\u00f6glich? Die Antwort ist eindeutig: Nein.<\/p>\n<p>Die Unruhe innerhalb der CHP, die mit den Wahlen im Mai 2023 begann, wurde mit dem Kongress am 3. November zu einem Bruch und entwickelte sich nach den Kommunalwahlen 2024 zu einem komplexeren Prozess. Die Operationen gegen die Gemeinden beschleunigten diesen Prozess.<\/p>\n<p>Der Diskurs der Regierung \u00fcber die \u201cSt\u00e4rkung der inneren Front\u201d einerseits und ihr Ansatz, die CHP durch die Gemeinden einzukreisen, andererseits, f\u00fchrt nicht zu einer St\u00e4rkung, sondern eher zu einer Aufl\u00f6sung.<\/p>\n<p>Niemand hat etwas gegen Gerichtsverfahren. Der Einwand bezieht sich jedoch auf die Methode, nicht auf das Ergebnis. In der Tat, um es mit dem lakonischen Ausdruck von Mecelle zu sagen: <strong>\u201cDas Verfahren hat Vorrang vor dem Inhalt\u201d.\u201d<\/strong><\/p>\n<p>Was tut die CHP also? Kann sie ihre innere Front st\u00e4rken?<\/p>\n<p>Leider hat die CHP heute nicht nur mit \u00e4u\u00dferem Druck, sondern auch mit interner Desorganisation zu k\u00e4mpfen. Die CHP ist jedoch eine institutionelle Struktur mit Regeln und Gremien.<\/p>\n<p><strong>Keine Disziplinierung ohne Gerechtigkeit<\/strong><\/p>\n<p>Schaut man sich jedoch die Praktiken an, so fallen gewissenlos fragw\u00fcrdige Entlassungen, eine Disziplin, die nicht dort greift, wo es n\u00f6tig ist, und der Verlust des Gleichgewichts auf. Dieses Bild schadet dem Vertrauen innerhalb der Partei.<\/p>\n<p>Der Mechanismus, der unter dem Namen \"Disziplin\" funktioniert, erinnert an ein Damoklesschwert. So sehr, dass selbst die Nichtbegr\u00fc\u00dfung eines PM-Mitglieds zu einem Ausschlussgrund werden kann.<\/p>\n<p>Auf der einen Seite der Diskurs \u201calle zusammen oder keiner\u201d, auf der anderen Seite denjenigen die T\u00fcr weisen, die anders denken... Das ist ein klarer Widerspruch. Es geht darum, zu vereinen, nicht zu spalten.<\/p>\n<p>Nat\u00fcrlich kann es Menschen geben, die gehen m\u00fcssen. Diese Entscheidungen sollten jedoch auf klaren und fairen Kriterien beruhen und nicht auf pers\u00f6nlichen Kriterien. Bei echter F\u00fchrung geht es nicht nur darum, Gleichgesinnte zusammenzuhalten, sondern auch darum, verschiedene Stimmen zusammenzuhalten.<\/p>\n<p>Die Disziplin dient der Gerechtigkeit, nicht der Erzeugung von Angst. Ein Ausschluss sollte die Ausnahme sein. Es sollte nicht vergessen werden, dass jedes Parteimitglied auch ein W\u00e4hler ist und oft der treueste W\u00e4hler.<\/p>\n<p><strong>Innerer Frieden ist wichtig<\/strong><\/p>\n<p>Das Grundproblem der KWK ist klar: <strong>Mangel an innerem Frieden.<\/strong> Ein erheblicher Teil der Energie wird f\u00fcr den internen Kampf aufgewendet. Diese Situation ist nicht mehr vor\u00fcbergehend, sondern hat sich zu einem strukturellen Problem entwickelt.<\/p>\n<p>Nat\u00fcrlich sind Kundgebungen und Reden wichtig. Allerdings ist die Wahrnehmung in der Gesellschaft eine andere: Diese Kundgebungen werden als Ma\u00dfnahmen zum Schutz der Parteikader angesehen, nicht als Ma\u00dfnahmen f\u00fcr die Bev\u00f6lkerung. Ohne diese Wahrnehmung zu \u00e4ndern, ist es f\u00fcr die Botschaften schwierig, ein Echo zu finden.<\/p>\n<p>Denn eine Struktur, die keinen inneren Frieden schaffen kann, kann weder Vertrauen schaffen noch sich auf regionale und globale Probleme konzentrieren.<\/p>\n<p>An diesem Punkt ist die Aufgabe von Herrn \u00d6zg\u00fcr \u00d6zel klar: Den \u201cVaterhaus\u201d-Diskurs zu konkretisieren, Einheit und nicht Divergenz als Grundlage zu nehmen und den Frieden innerhalb der Partei herzustellen.<\/p>\n<p>Denn die CHP kann die innere Front, die die T\u00fcrkei braucht, nicht aufbauen, ohne den Frieden im Inneren zu sichern.<\/p>\n<p>Wie soll in einer Struktur, in der sich alle gegenseitig beschuldigen, \u201cUnterst\u00fctzer der Regierung\u201d zu sein, das Motto \u201calle zusammen oder keiner von uns\u201d verwirklicht werden?<\/p>\n<p>W\u00e4hrend die Regierung heute ihre Gegner inhaftiert, wirft der Ausschluss ihrer eigenen Gegner aus der Partei durch die CHP unweigerlich die folgende Frage auf: <strong>Wer ist wem am \u00e4hnlichsten?<\/strong><\/p>\n<p>Deshalb muss es klar gesagt werden: Was die CHP heute braucht, ist kein Ausschluss, <strong>ist eine Umarmung.<\/strong> Und der erste Schritt ist die Erkl\u00e4rung des Friedens innerhalb der Partei ohne Z\u00f6gern.<\/p>\n<p><strong>Herr Ozgur Ozel,<\/strong><\/p>\n<p>Was Ihnen anvertraut wurde, ist nicht nur eine Aufgabe, es ist eine Anh\u00e4ufung und historische Verantwortung. Ihr m\u00fcsst die Einheit wiederherstellen und nicht die Spaltung vertiefen.<\/p>\n<p>Andernfalls k\u00f6nnte die CHP wieder die erste Partei bei den Wahlen werden... Das mag die Parteif\u00fchrung erfolgreich machen. Aber dieser Erfolg reicht nicht aus, um den Wandel herbeizuf\u00fchren, den die T\u00fcrkei braucht.<\/p>\n<p>Denn was die T\u00fcrkei heute braucht, ist nicht die erste Partei zu sein, sondern einen Willen, der zusammensteht, Vertrauen schafft und das Land f\u00fchrt.<\/p>\n<p>Die CHP hat den historischen Hintergrund, um diesen Willen zu zeigen.<\/p>\n<p><strong>Es sollte nicht vergessen werden, dass derjenige, der keine Gerechtigkeit im Inneren herstellen kann, auch keine Gerechtigkeit im \u00c4u\u00dferen versprechen kann.<\/strong><\/p>","protected":false},"excerpt":{"rendered":"<p>Die St\u00e4rkung der inneren Front, die die T\u00fcrkei braucht, h\u00e4ngt davon ab, dass die CHP ihren eigenen inneren Frieden herstellt.<\/p>","protected":false},"author":17,"featured_media":284761,"comment_status":"closed","ping_status":"closed","sticky":false,"template":"","format":"standard","meta":{"footnotes":""},"categories":[286],"tags":[15,289],"class_list":{"0":"post-284760","1":"post","2":"type-post","3":"status-publish","4":"format-standard","5":"has-post-thumbnail","7":"category-yazarlar","8":"tag-chp","9":"tag-manset"},"_links":{"self":[{"href":"https:\/\/halkweb.com.tr\/de\/wp-json\/wp\/v2\/posts\/284760","targetHints":{"allow":["GET"]}}],"collection":[{"href":"https:\/\/halkweb.com.tr\/de\/wp-json\/wp\/v2\/posts"}],"about":[{"href":"https:\/\/halkweb.com.tr\/de\/wp-json\/wp\/v2\/types\/post"}],"author":[{"embeddable":true,"href":"https:\/\/halkweb.com.tr\/de\/wp-json\/wp\/v2\/users\/17"}],"replies":[{"embeddable":true,"href":"https:\/\/halkweb.com.tr\/de\/wp-json\/wp\/v2\/comments?post=284760"}],"version-history":[{"count":1,"href":"https:\/\/halkweb.com.tr\/de\/wp-json\/wp\/v2\/posts\/284760\/revisions"}],"predecessor-version":[{"id":284762,"href":"https:\/\/halkweb.com.tr\/de\/wp-json\/wp\/v2\/posts\/284760\/revisions\/284762"}],"wp:featuredmedia":[{"embeddable":true,"href":"https:\/\/halkweb.com.tr\/de\/wp-json\/wp\/v2\/media\/284761"}],"wp:attachment":[{"href":"https:\/\/halkweb.com.tr\/de\/wp-json\/wp\/v2\/media?parent=284760"}],"wp:term":[{"taxonomy":"category","embeddable":true,"href":"https:\/\/halkweb.com.tr\/de\/wp-json\/wp\/v2\/categories?post=284760"},{"taxonomy":"post_tag","embeddable":true,"href":"https:\/\/halkweb.com.tr\/de\/wp-json\/wp\/v2\/tags?post=284760"}],"curies":[{"name":"wp","href":"https:\/\/api.w.org\/{rel}","templated":true}]}}