{"id":284557,"date":"2026-04-02T06:16:36","date_gmt":"2026-04-02T06:16:36","guid":{"rendered":"https:\/\/halkweb.com.tr\/?p=284557"},"modified":"2026-04-02T06:17:58","modified_gmt":"2026-04-02T06:17:58","slug":"beylikduzu-autismus-und-aktivitatszentrum-war-eine-luge","status":"publish","type":"post","link":"https:\/\/halkweb.com.tr\/de\/beylikduzu-autismus-und-aktivitatszentrum-war-eine-luge\/","title":{"rendered":"Das Autismus- und Aktivit\u00e4tszentrum Beylikd\u00fcz\u00fc ist eine L\u00fcge!"},"content":{"rendered":"<p>Bug\u00fcn herkesin sosyal medya hesaplar\u0131 &#8220;fark\u0131ndal\u0131k&#8221; mesajlar\u0131yla dolup ta\u015facak. Mavi \u0131\u015f\u0131klar yak\u0131lacak, s\u00fcsl\u00fc c\u00fcmleler kurulacak, boy boy foto\u011fraflar payla\u015f\u0131lacak. Ancak ben size bug\u00fcn; o p\u0131r\u0131lt\u0131l\u0131 makam odalar\u0131n\u0131n ard\u0131nda, bir annenin inad\u0131yla \u00f6r\u00fclen ama kibrin duvarlar\u0131na \u00e7arpan ger\u00e7ek bir &#8220;fark\u0131ndal\u0131k&#8221; hikayesi anlataca\u011f\u0131m.<\/p>\n<p>\u200bHikaye, Beylikd\u00fcz\u00fc\u2019nde bir masada ba\u015flad\u0131. Masan\u0131n bir ucunda &#8220;l\u00fctfedercesine&#8221; yapt\u0131klar\u0131n\u0131 anlatan bir Belediye Ba\u015fkan\u0131, di\u011fer ucunda ise &#8220;Biz l\u00fctuf de\u011fil, anayasal haklar\u0131m\u0131z\u0131 istiyoruz&#8221; diyen bir hak savunucusu vard\u0131. O g\u00fcn bana s\u00f6ylenen <strong>&#8220;Al\u0131nganl\u0131k yok &#8220;<\/strong> c\u00fcmlesi, asl\u0131nda bir \u015fehrin vicdan\u0131yla aras\u0131na \u00f6r\u00fclen ilk tu\u011flayd\u0131.<\/p>\n<p>\u200b<strong>Biz ne mi istedik?<\/strong><\/p>\n<p>\u00c7ok basit ama hayati bir \u015fey: 18 ya\u015f\u0131n\u0131 ge\u00e7mi\u015f, okul \u00e7a\u011f\u0131 bitmi\u015f, d\u00f6rt duvar aras\u0131na hapsolmu\u015f otizmli bireyler i\u00e7in bir nefes alan\u0131. Ailelerin &#8220;ben \u00f6l\u00fcrsem \u00e7ocu\u011fuma ne olacak?&#8221; kayg\u0131s\u0131na bir nebze olsun derman olacak bir merkez.<\/p>\n<p>\u200b<strong>Peki, ne ya\u015fad\u0131k?<\/strong><\/p>\n<ul>\n<li>\u200bRandevu taleplerimizin saatlere bak\u0131larak ge\u00e7i\u015ftirilmesini,<\/li>\n<li>\u200bHakl\u0131 ele\u015ftirilerimiz sonras\u0131 kom\u015fu belediyelere kadar uzanan &#8220;kara listelere&#8221; al\u0131nmay\u0131,<\/li>\n<li>\u200bYerel gazetelerden yaz\u0131lar\u0131m\u0131z\u0131n silinmesini, ambargolar\u0131 ve fi\u015flenmeleri&#8230;<\/li>\n<\/ul>\n<p>\u200bAma pes etmedim. Bir gazeteci inad\u0131 ve bir anne sabr\u0131yla o projenin temelinin at\u0131lmas\u0131n\u0131 sa\u011flad\u0131m. Mimar\u0131ndan i\u015f\u00e7isine kadar dirsek temas\u0131nda bulundu\u011fum, her tu\u011flas\u0131nda ailelerin umudu olan o bina y\u00fckseldi. Ancak siyasi irade, o binay\u0131 bir &#8220;hak merkezi&#8221; olarak de\u011fil, hafta sonlar\u0131 &#8220;do\u011fum g\u00fcn\u00fc kutlama alan\u0131&#8221; olarak pazarlamay\u0131 se\u00e7ti. Projenin ruhuna, amac\u0131na ve ailelerin eme\u011fine ihanet edildi.<\/p>\n<p>\u200bBug\u00fcn geldi\u011fimiz noktada; o g\u00fcn bize kap\u0131lar\u0131 kapatan, sesimizi k\u0131smaya \u00e7al\u0131\u015fan iradenin temsilcileri bug\u00fcn ba\u015fka s\u0131navlar veriyor olabilir. Ben bir insan olarak acil \u015fifalar diliyorum ancak bir hak savunucusu olarak sormaktan vazge\u00e7miyorum:<\/p>\n<p>\u200b<strong>O bina neden hala at\u0131l durumda?<\/strong><\/p>\n<p>Beni susturmaya \u00e7al\u0131\u015fanlar \u015funu unuttu: Ben g\u00fcc\u00fcm\u00fc bir makamdan ya da bir siyasi partiden de\u011fil; otizmli evlad\u0131m\u0131n g\u00f6zlerindeki o saf \u0131\u015f\u0131ktan al\u0131yorum. O \u0131\u015f\u0131k s\u00f6nmedi\u011fi s\u00fcrece benim kalemim de susmayacak.<\/p>\n<p>\u200bSiz bug\u00fcn fark\u0131ndal\u0131k foto\u011fraflar\u0131 payla\u015fmaya devam edin. Ben ise o binan\u0131n kap\u0131s\u0131 ger\u00e7ekten hak sahiplerine a\u00e7\u0131lana kadar, her meclis toplant\u0131s\u0131nda, her k\u00f6\u015fe yaz\u0131mda ve her sokak ba\u015f\u0131nda sormaya devam edece\u011fim.<\/p>\n<p>\u200bHer \u015fey, Beylikd\u00fcz\u00fc Sevgi Bar\u0131\u015f Kutlamalar\u0131\u2019n\u0131n son g\u00fcn\u00fcnde o masada ba\u015flad\u0131. Belediye Ba\u015fkan\u0131, sanki cebinden veriyormu\u015f\u00e7as\u0131na \u201cl\u00fctufkar\u201d bir tav\u0131rla otizmli \u00e7ocuklar i\u00e7in yapt\u0131klar\u0131n\u0131 anlat\u0131rken, kar\u015f\u0131s\u0131nda minnetle e\u011filmemi bekliyordu. Bir gazeteci ve bir anne olarak; \u201cBunlar anayasal haklar , l\u00fctuf de\u011fil \u201d dedi\u011fim an, o me\u015fhur \u201cAl\u0131nganl\u0131k yok \u201d c\u00fcmlesiyle kar\u015f\u0131la\u015ft\u0131m. O gece, benim i\u00e7in sadece bir tart\u0131\u015fma de\u011fil, organize bir \u201cyok etme\u201d operasyonunun ba\u015flang\u0131c\u0131ym\u0131\u015f me\u011fer&#8230;<\/p>\n<p><strong>Peki, \u00f6ncesinde ne olmu\u015ftu?<\/strong><\/p>\n<p>Makama gitmi\u015ftik. Yan\u0131m\u0131zda b\u00f6lgedeki ailelerin doldurdu\u011fu y\u00fczlerce anket vard\u0131. 18 ya\u015f\u0131n\u0131 ge\u00e7mi\u015f, okuldan mezun olup d\u00f6rt duvar aras\u0131na mahk\u00fbm kalm\u0131\u015f, annesiyle evde hapis hayat\u0131 ya\u015fayan o \u201cg\u00f6r\u00fcnmez\u201d gen\u00e7lerimiz i\u00e7in bir merkez talep etmi\u015ftik. Ba\u015fkan ne mi yapt\u0131? Laf\u0131m\u0131z\u0131 a\u011fz\u0131m\u0131za t\u0131kay\u0131p, saatine bakarak \u201cYeti\u015fmem gereken bir program var\u201d dedi ve gitti. Tam 7 ay ses \u00e7\u0131kmad\u0131! Ta ki o festival alan\u0131nda bizi stant a\u00e7m\u0131\u015f g\u00f6r\u00fcnce ya\u015fad\u0131\u011f\u0131 o \u201cAaa bir de bunlar vard\u0131 !?\u201d \u015fa\u015fk\u0131nl\u0131\u011f\u0131na kadar&#8230;<\/p>\n<p><strong>Operasyon Ba\u015fl\u0131yor: Kara Listeler ve Silinen Haberler<\/strong><\/p>\n<p>O masadaki dik duru\u015fumun bedeli a\u011f\u0131r oldu. Bir sabah uyand\u0131m ki; CHP\u2019li belediyeler aras\u0131nda \u201cfi\u015flenmi\u015fim\u201d. Kom\u015fu il\u00e7elerden ara\u00e7 taleplerimiz reddediliyor, \u201cSizin ba\u015fkan bir yaz\u0131 yazm\u0131\u015f, t\u00fcm belediyelere gitmi\u015f, bu derne\u011fe yard\u0131m yok\u201d cevaplar\u0131 havada u\u00e7u\u015fuyordu. Sadece siyasi ambargo de\u011fil, mesle\u011fime de el uzat\u0131ld\u0131. Emek verdi\u011fim yerel gazetedeki k\u00f6\u015fe yazarl\u0131\u011f\u0131ma son vermek durumunda kald\u0131m baz\u0131 konu\u015fmalar a\u011f\u0131r geldi\u011fi i\u00e7in ; sadece burada kalmad\u0131 internet sitesindeki t\u00fcm haberlerim, r\u00f6portajlar\u0131m, ge\u00e7mi\u015fim belli bir s\u00fcre sonra silindi! Bir gazetecinin haf\u0131zas\u0131n\u0131 silecek kadar ileri gittiler.<\/p>\n<p><img loading=\"lazy\" decoding=\"async\" class=\"alignnone wp-image-284558\" src=\"https:\/\/halkweb.com.tr\/wp-content\/uploads\/2026\/04\/boyemder.jpg\" alt=\"\" width=\"810\" height=\"689\" srcset=\"https:\/\/halkweb.com.tr\/wp-content\/uploads\/2026\/04\/boyemder.jpg 899w, https:\/\/halkweb.com.tr\/wp-content\/uploads\/2026\/04\/boyemder-14x12.jpg 14w, https:\/\/halkweb.com.tr\/wp-content\/uploads\/2026\/04\/boyemder-300x255.jpg 300w, https:\/\/halkweb.com.tr\/wp-content\/uploads\/2026\/04\/boyemder-696x592.jpg 696w\" sizes=\"auto, (max-width: 810px) 100vw, 810px\" \/><\/p>\n<p>\u200b<strong>\u201cSe\u00e7im Geldi, Projemiz Hat\u0131rlat\u0131ld\u0131\u201d<\/strong><\/p>\n<p>2 y\u0131l proje diye randevu alamad\u0131\u011f\u0131m o kap\u0131lar, se\u00e7im yakla\u015f\u0131nca aniden a\u00e7\u0131ld\u0131. \u201cProjenizi ba\u015fkanla konu\u015ftuk, g\u00fcndemimizde\u201d diye arayan \u00f6zel kalemden gelen o telefonla \u015foke oldum. Fen \u0130\u015fleri ek hizmet binas\u0131nda g\u00f6r\u00fc\u015fme sa\u011flad\u0131k \u201cCam koridor olmaz, a\u011f\u0131r otizmli \u00e7ocuklar olacak tehlikeli \u201d, \u201cDuyu b\u00fct\u00fcnleme odas\u0131 \u015furada olmal\u0131\u201d diyerek her tu\u011flas\u0131na ruhumu katt\u0131m. Temel at\u0131ld\u0131, bina y\u00fckseldi. Aileler ise hala umutsuzdu; \u201cDilek Han\u0131m, o kap\u0131dan girmeden inanmay\u0131z\u201d diyorlard\u0131.<\/p>\n<p><strong>Son Perde: \u201cDo\u011fum G\u00fcn\u00fc Evi\u201d Hakareti<\/strong><\/p>\n<p>Ba\u015fkanla aileleri bir yemekte bulu\u015fturup g\u00fcven tazeleyelim dedik. Ama bir ak\u015fam bir mesaj d\u00fc\u015ft\u00fc grubumuza: Ba\u015fkan, bizim o can suyu olacak merkezimizi \u201cHafta sonlar\u0131 do\u011fum g\u00fcn\u00fc kutlanacak bir yer\u201d olarak lanse ediyordu! Bizim \u00e7ocuklar\u0131m\u0131z\u0131n her g\u00fcn gidebilece\u011fi, aidiyet hissedece\u011fi bir \u201cev\u201d hayali; bir magazin malzemesine, bir \u201csosyal tesis\u201d aksesuar\u0131na d\u00f6n\u00fc\u015ft\u00fcr\u00fclm\u00fc\u015ft\u00fc. Protokol dedik, \u0131srar ettik, \u00f6zel kalem s\u0131rra kadem bast\u0131.<\/p>\n<p><strong>Bedeli mi?<\/strong><\/p>\n<p>Ben o binan\u0131n \u00f6n\u00fcnde ailelerle \u201cS\u00f6z\u00fcn\u00fc tut!\u201d eylemi yaparken, ya\u015fad\u0131\u011f\u0131m o korkun\u00e7 stres y\u00fcz\u00fcnden kalp krizi riski y\u00fcksek bir hasta \u00e7\u0131kt\u0131m. Yan\u0131mda otizmli evlad\u0131m, kar\u015f\u0131mda ise kibrinden \u00f6d\u00fcn vermeyen bir y\u00f6netim&#8230;<\/p>\n<p>Bug\u00fcn o bina, benim \u0131srar\u0131mla y\u00fckselen, o \u201cOtizm Aktivite Merkezi\u201d, diye adland\u0131rd\u0131klar\u0131 bina da at\u0131l bir \u015fekilde duruyor. Anlayaca\u011f\u0131n\u0131z se\u00e7im ge\u00e7ti, vaatler tozlu raflara kalkt\u0131.<\/p>\n<p>\u015eimdi soruyorum: Kimlerin iradesi o \u00e7ocuklar\u0131n hakk\u0131n\u0131n \u00f6n\u00fcne ge\u00e7ti? Hangi kibir, bir annenin kalp krizi riski y\u00fcksek hasta \u00e7\u0131kacak stresi ya\u015fatacak kadar b\u00fcy\u00fckt\u00fc? Ben bu davan\u0131n pe\u015fini b\u0131rakmayaca\u011f\u0131m.<\/p>\n<p>Belediyenin ajandas\u0131nda bile yokken, t\u0131rnaklar\u0131mla kaz\u0131yarak o binay\u0131 oraya diktirmi\u015f olman\u0131n verdi\u011fi gurur, hi\u00e7bir siyasi l\u00fctuf ya da alk\u0131\u015fla \u00f6l\u00e7\u00fclemez; \u00e7\u00fcnk\u00fc bu, bir annenin \u015fahsi ikbali i\u00e7in de\u011fil, kendi evlad\u0131yla ayn\u0131 kaderi payla\u015fan y\u00fczlerce \u00e7ocu\u011fun gelece\u011fi i\u00e7in verdi\u011fi kat\u0131ks\u0131z bir hak savunuculu\u011fu zaferidir.<\/p>\n<p>M\u00fccadelemi zorla\u015ft\u0131ranlar, beni kara listelere al\u0131p kalemimi k\u0131rmaya \u00e7al\u0131\u015fanlar asl\u0131nda o binan\u0131n her tu\u011flas\u0131nda bir dernek ba\u015fkan\u0131n\u0131n ki\u015fisel \u00e7\u0131kar g\u00f6zetmeden, sadece toplumun vicdan\u0131 olarak neleri ba\u015farabilece\u011fine bizzat tan\u0131kl\u0131k ettiler.<\/p>\n<p>Kendi \u00e7ocu\u011fumun g\u00f6z\u00fcndeki \u0131\u015f\u0131\u011f\u0131 t\u00fcm \u00e7ocuklar i\u00e7in bir umut me\u015falesine d\u00f6n\u00fc\u015ft\u00fcrme yolunda \u00f6dedi\u011fim bedeller, bug\u00fcn o binan\u0131n siluetiyle birer onur ni\u015fanesine d\u00f6n\u00fc\u015fm\u00fc\u015ft\u00fcr; ne ambargolar ne de sessizlik bu somut ger\u00e7e\u011fi unutturmaya yetmeyecek.<\/p>\n<p>Ve ben o merkez aktif oldu\u011fu g\u00fcne kadar anlatmaya , yazmaya devam edece\u011fim&#8230;<\/p>\n<p>Mit Liebe...<\/p>","protected":false},"excerpt":{"rendered":"<p>Ben o binan\u0131n \u00f6n\u00fcnde ailelerle \u201cS\u00f6z\u00fcn\u00fc tut!\u201d eylemi yaparken, ya\u015fad\u0131\u011f\u0131m o korkun\u00e7 stres y\u00fcz\u00fcnden kalp krizi riski y\u00fcksek bir hasta \u00e7\u0131kt\u0131m. Yan\u0131mda otizmli evlad\u0131m, kar\u015f\u0131mda ise kibrinden \u00f6d\u00fcn vermeyen bir y\u00f6netim&#8230;<\/p>","protected":false},"author":30,"featured_media":284560,"comment_status":"closed","ping_status":"closed","sticky":false,"template":"","format":"standard","meta":{"footnotes":""},"categories":[286],"tags":[289],"class_list":{"0":"post-284557","1":"post","2":"type-post","3":"status-publish","4":"format-standard","5":"has-post-thumbnail","7":"category-yazarlar","8":"tag-manset"},"_links":{"self":[{"href":"https:\/\/halkweb.com.tr\/de\/wp-json\/wp\/v2\/posts\/284557","targetHints":{"allow":["GET"]}}],"collection":[{"href":"https:\/\/halkweb.com.tr\/de\/wp-json\/wp\/v2\/posts"}],"about":[{"href":"https:\/\/halkweb.com.tr\/de\/wp-json\/wp\/v2\/types\/post"}],"author":[{"embeddable":true,"href":"https:\/\/halkweb.com.tr\/de\/wp-json\/wp\/v2\/users\/30"}],"replies":[{"embeddable":true,"href":"https:\/\/halkweb.com.tr\/de\/wp-json\/wp\/v2\/comments?post=284557"}],"version-history":[{"count":3,"href":"https:\/\/halkweb.com.tr\/de\/wp-json\/wp\/v2\/posts\/284557\/revisions"}],"predecessor-version":[{"id":284562,"href":"https:\/\/halkweb.com.tr\/de\/wp-json\/wp\/v2\/posts\/284557\/revisions\/284562"}],"wp:featuredmedia":[{"embeddable":true,"href":"https:\/\/halkweb.com.tr\/de\/wp-json\/wp\/v2\/media\/284560"}],"wp:attachment":[{"href":"https:\/\/halkweb.com.tr\/de\/wp-json\/wp\/v2\/media?parent=284557"}],"wp:term":[{"taxonomy":"category","embeddable":true,"href":"https:\/\/halkweb.com.tr\/de\/wp-json\/wp\/v2\/categories?post=284557"},{"taxonomy":"post_tag","embeddable":true,"href":"https:\/\/halkweb.com.tr\/de\/wp-json\/wp\/v2\/tags?post=284557"}],"curies":[{"name":"wp","href":"https:\/\/api.w.org\/{rel}","templated":true}]}}