{"id":284550,"date":"2026-04-01T11:50:07","date_gmt":"2026-04-01T11:50:07","guid":{"rendered":"https:\/\/halkweb.com.tr\/?p=284550"},"modified":"2026-04-01T11:50:07","modified_gmt":"2026-04-01T11:50:07","slug":"die-nominierungskrise-der-chp-und-der-missbrauch-offentlicher-mittel","status":"publish","type":"post","link":"https:\/\/halkweb.com.tr\/de\/die-nominierungskrise-der-chp-und-der-missbrauch-offentlicher-mittel\/","title":{"rendered":"Krise bei der Nominierung von Kandidaten in der CHP und Ausbeutung \u00f6ffentlicher Gelder"},"content":{"rendered":"<p>Seit f\u00fcnf Tagen spricht die T\u00fcrkei \u00fcber die Aufnahmen, die den B\u00fcrgermeister von U\u015fak, \u00d6zkan Yal\u0131m, bei seiner Festnahme in seinem Hotelzimmer zeigen.<\/p>\n<p>Interessant ist, dass selbst der Verhaftungsprozess von Ekrem \u0130mamo\u011flu kein solches Aufsehen erregt hat.<\/p>\n<p>Die angebliche Aff\u00e4re zwischen dem B\u00fcrgermeister und der 21-j\u00e4hrigen jungen Frau, die in dem Hotelzimmer gefunden wurde und bei der Stadtverwaltung arbeitete, hat sogar das Hauptthema der Ermittlungen \u00fcberholt.<\/p>\n<p>Unmittelbar nach dem Vorfall schickten der Vorsitzende und die Verwaltung des Provinzverbands der CHP U\u015fak sowie die Frauen- und Jugendverb\u00e4nde Unterst\u00fctzungsbekundungen, was zu Diskussionen \u00fcber das Thema aus verschiedenen Blickwinkeln f\u00fchrte. In der Zwischenzeit sorgten die Erkl\u00e4rungen des Vorsitzenden \u00d6zg\u00fcr \u00d6zel, der Leitung der Zentrale und der Vorsitzenden der Frauenzweige f\u00fcr ein eigenes Diskussionsthema. Das Salz in der Suppe dieses Prozesses war schlie\u00dflich die umstrittene disziplinarische Entscheidung der FMC.<\/p>\n<p>Betrachtet man all diese Entwicklungen in ihrer Gesamtheit, so zeigt sich einmal mehr, dass die institutionellen Kapazit\u00e4ten der Republikanischen Volkspartei nicht ausreichen, um parteiinterne Krisen zu bew\u00e4ltigen.<\/p>\n<p>Nat\u00fcrlich ist viel \u00fcber die Verhaftung des B\u00fcrgermeisters von U\u015fak und die darauf folgenden Ereignisse gesagt worden und wird auch weiterhin gesagt werden. Ich m\u00f6chte dieses Thema jedoch aus einem anderen Blickwinkel betrachten.<\/p>\n<p>Tats\u00e4chlich wurde auch ein Aspekt dieser angeblichen unmoralischen Beziehung aufgedeckt, die sich auf die Gemeinde Bornova erstreckt.<\/p>\n<p>Der B\u00fcrgermeister von U\u015fak soll seiner 21-j\u00e4hrigen Freundin eine Stelle bei der Stadtverwaltung Bornova vermittelt haben; es wurde jedoch davon ausgegangen, dass diese Person ein Gehalt von der Stadtverwaltung erhielt, ohne tats\u00e4chlich zur Arbeit zu gehen oder gar in Izmir zu wohnen.<\/p>\n<p>Nach Bekanntwerden dieser Situation erkannte \u00d6mer E\u015fki, der B\u00fcrgermeister der Gemeinde Bornova, an, dass ein \u00f6ffentlicher Schaden entstanden war, und erkl\u00e4rte, dass er pers\u00f6nlich f\u00fcr diesen Schaden aufkommen werde.<\/p>\n<p>Allerdings gibt es hier eine kritische rechtliche Tatsache:<\/p>\n<p>\u201cEine Aussage wie \u201dIch werde den daraus resultierenden \u00f6ffentlichen Schaden aus meiner eigenen Tasche bezahlen\u201c ist ein klares Eingest\u00e4ndnis eines Fehlverhaltens. Diese Aussage bedeutet indirekt: \u201dIch habe diese rechtswidrige Handlung begangen\".<\/p>\n<p>Aber l\u00f6st der pers\u00f6nliche Ausgleich des \u00f6ffentlichen Schadens das Problem?<\/p>\n<p>Das ist nat\u00fcrlich nicht der Fall.<\/p>\n<p>Denn die Beseitigung des \u00f6ffentlichen Schadens beseitigt nicht die rechtliche und strafrechtliche Verantwortung f\u00fcr die begangene Tat.<\/p>\n<p>Was ist in diesem Fall zu tun?<\/p>\n<p>Aus ethischer Verantwortung sollte \u00d6mer E\u015fki, der B\u00fcrgermeister von Bornova, zun\u00e4chst von seinem Amt als B\u00fcrgermeister und dann von seiner Parteimitgliedschaft zur\u00fccktreten. Dar\u00fcber hinaus sollte unverz\u00fcglich eine strafrechtliche Untersuchung im Hinblick auf die rechtliche Dimension des Vorfalls eingeleitet werden; wenn er nicht von seinem Amt zur\u00fccktritt, sollte er durch Verwaltungsma\u00dfnahmen im Rahmen der einschl\u00e4gigen Rechtsvorschriften vom Amt suspendiert werden.<\/p>\n<p>Denn bei der fraglichen Handlung handelt es sich nicht um einen einfachen Verwaltungsfehler. Es handelt sich um einen bewussten und freiwilligen Missbrauch von \u00f6ffentlichen Mitteln. Diese Situation stellt eindeutig einen Versto\u00df gegen das Gesetz Nr. 5018 \u00fcber die \u00f6ffentliche Finanzverwaltung und -kontrolle dar.<\/p>\n<p>In Artikel 8 des Gesetzes wird die \u201cRechenschaftspflicht\u201d wie folgt geregelt:<\/p>\n<p>\u201cDie mit der Beschaffung und Verwendung \u00f6ffentlicher Mittel aller Art beauftragten und befugten Personen sind f\u00fcr die wirksame, sparsame, wirtschaftliche und rechtm\u00e4\u00dfige Beschaffung, Verwendung, Rechnungslegung und Berichterstattung verantwortlich und haben die erforderlichen Ma\u00dfnahmen zu treffen, um eine missbr\u00e4uchliche Verwendung der Mittel zu verhindern; sie sind gegen\u00fcber den zust\u00e4ndigen Beh\u00f6rden rechenschaftspflichtig.\u201d<\/p>\n<p>Und wo ist diese \u201czust\u00e4ndige Beh\u00f6rde\u201d?<\/p>\n<p>Artikel 11 desselben Gesetzes gibt eine klare Antwort auf diese Frage: Das oberste Exekutivorgan in den Gemeinden ist der B\u00fcrgermeister, und der B\u00fcrgermeister ist im Rahmen dieser Verantwortung gegen\u00fcber der Gemeindeversammlung rechenschaftspflichtig.<\/p>\n<p>Das Problem ist jedoch nicht auf die zivilrechtliche Haftung beschr\u00e4nkt.<\/p>\n<p>Neben den Verpflichtungen, die sich aus dem Gesetz Nr. 5018 ergeben, sind die B\u00fcrgermeister politisch gegen\u00fcber ihren Parteien, demokratisch gegen\u00fcber ihren W\u00e4hlern und vor allem gewissenhaft gegen\u00fcber der Gesellschaft verantwortlich.<\/p>\n<p>In diesem Sinne w\u00fcrde die Behauptung, die Ermittlungsverfahren, in die die Republikanische Volkspartei verwickelt ist, beruhten auf zuf\u00e4lligen Ereignissen oder dem politischen Verhalten der Regierungspartei allein gegen\u00fcber der Opposition, zu einer Verkennung der Realit\u00e4t f\u00fchren. Vielmehr ist die Wurzel des Problems in dem undemokratischen Verfahren zur Bestimmung der B\u00fcrgermeisterkandidaten zu suchen.<\/p>\n<p>Leider gelingt es der Partei in den kritischen Prozessen der Kandidatennominierung nicht in ausreichendem Ma\u00dfe, Kandidaten zu finden, die ihre Aufgaben mit Verdienst erf\u00fcllen k\u00f6nnen, die \u00fcber ein Bewusstsein f\u00fcr die \u00f6ffentliche Verwaltung verf\u00fcgen und sich ihrer gesetzlichen Pflichten bewusst sind, in \u00dcbereinstimmung mit den Grunds\u00e4tzen der innerparteilichen Demokratie. Der Mechanismus der Kandidatennominierung hat sich oft zu einer Verhandlungsmasse entwickelt, die von politischen Affinit\u00e4ten, innerparteilichen Gleichgewichten und gegenseitigen Berechnungen bestimmt wird.<\/p>\n<p>Die Kommunalverwaltungen sind jedoch Institutionen, die nicht mit politischer Loyalit\u00e4t, sondern mit Wissen, Kompetenz und Beherrschung der Disziplin der \u00f6ffentlichen Verwaltung gef\u00fchrt werden sollten.<\/p>\n<p>Wenn Sie vielen B\u00fcrgermeistern, die heute im Amt sind, eine grundlegende Frage zum Gesetz \u00fcber das \u00f6ffentliche Auftragswesen Nr. 4734, zum Gesetz \u00fcber das \u00f6ffentliche Auftragswesen Nr. 4735, zum Gesetz \u00fcber das staatliche Beschaffungswesen Nr. 2886 und zum Gesetz \u00fcber die \u00f6ffentliche Finanzverwaltung und -kontrolle Nr. 5018 stellen, wird die Antwort, die Sie erhalten werden, den Ernst des Problems deutlich erkennen lassen.<\/p>\n<p>Die meisten B\u00fcrgermeister sind entweder nicht mit diesen Rechtsvorschriften vertraut, oder sie haben diese Texte nicht mit der Ernsthaftigkeit analysiert, die die Verantwortung f\u00fcr die Umsetzung erfordert.<\/p>\n<p>Diese Gesetze bilden jedoch die unmittelbare Rechtsgrundlage f\u00fcr das t\u00e4gliche Verwaltungshandeln von B\u00fcrgermeistern. Die Wahrnehmung von Aufgaben ohne Kenntnis des Inhalts dieser Gesetze birgt nicht nur das Risiko eines Verwaltungsfehlers, sondern auch einer strafrechtlichen Haftung. Wenn man zum Beispiel sagt: \u201cTanju \u00d6zcan hat mit dem Geld, das er gesammelt hat, Stipendien an Studenten vergeben, welches Verbrechen hat er denn begangen?\u201c oder wenn man die Stiftung, die der B\u00fcrgermeister der Gro\u00dfstadt Bursa mit seiner eigenen Familie gegr\u00fcndet hat, mit Gesch\u00e4ftsleuten und der Gemeinde in Verbindung bringt, dann ist das genau das, was ich meine. Wer unter dem Vorwand von Stipendien Spenden sammelt, ohne Erpressung als Verbrechen anzuerkennen und zu akzeptieren, wird die Konsequenzen tragen.<\/p>\n<p>Es handelt sich vor allem um ein Mentalit\u00e4tsproblem in Verbindung mit einem Mangel an Kenntnissen \u00fcber die Gesetzgebung. Das politische Verst\u00e4ndnis, das die Kommune nicht als \u00f6ffentliche Einrichtung, sondern als parteieigene Struktur betrachtet, f\u00fchrt zu einer Zweckentfremdung der \u00f6ffentlichen Mittel, zu willk\u00fcrlichen Praktiken und letztlich zu systematischen Fehlern.<\/p>\n<p>Daher ist es unvermeidlich, dass B\u00fcrgermeister, die die Rechtsvorschriften nicht kennen, nicht gesetzeskonform handeln und die unternehmerische Verantwortung nicht verinnerlicht haben, Fehler machen und scheitern.<\/p>\n<p>Folglich ist das Problem nicht individuell, sondern strukturell. Und solange diese Struktur unver\u00e4ndert bleibt, ist es unvermeidlich, dass sich \u00e4hnliche Krisen wiederholen werden.<\/p>\n<p>Solange die Politik nicht von dem Verst\u00e4ndnis befreit ist, \u00f6ffentliche Ressourcen f\u00fcr pers\u00f6nliche Interessen zu nutzen, kann weder ein Gef\u00fchl f\u00fcr Gerechtigkeit in der Gesellschaft entstehen noch kann der soziale Wohlstand dauerhaft gesichert werden.<\/p>\n<p>Wenn \u00f6ffentliche Macht zu einem Instrument privater Interessen wird, f\u00fchrt dies nicht nur zu wirtschaftlichen Verlusten, sondern untergr\u00e4bt auch die Legitimit\u00e4t des Staates und das Vertrauen der B\u00fcrger in den Staat.<\/p>\n<p>Daher ist das Problem nicht nur eine Frage der Korruptionsbek\u00e4mpfung und kann nicht nur durch strafrechtliche Ermittlungen gel\u00f6st werden. Die Republikanische Volkspartei muss unbedingt einen Verwaltungsansatz verfolgen, der auf Transparenz, Rechenschaftspflicht und Verdienst beruht, insbesondere in den Kommunalverwaltungen, und Kandidaten bevorzugen, die die Rechtsvorschriften kennen und diese Grunds\u00e4tze verinnerlicht haben.<\/p>\n<p>Andernfalls wird die Politik f\u00fcr die Republikanische Volkspartei kein Mechanismus mehr sein, der L\u00f6sungen im Namen der Gesellschaft hervorbringt, sondern eine Struktur, die die Interessen einer kleinen Gruppe von Menschen sch\u00fctzt.<\/p>\n<p>Die Situation, in der sich die Republikanische Volkspartei heute befindet, ist nichts anderes als dies.<\/p>","protected":false},"excerpt":{"rendered":"<p>Vielmehr ist die Wurzel des Problems in dem undemokratischen Verfahren zur Bestimmung der B\u00fcrgermeisterkandidaten zu suchen.<\/p>","protected":false},"author":19,"featured_media":284552,"comment_status":"closed","ping_status":"closed","sticky":false,"template":"","format":"standard","meta":{"footnotes":""},"categories":[286],"tags":[15,289],"class_list":{"0":"post-284550","1":"post","2":"type-post","3":"status-publish","4":"format-standard","5":"has-post-thumbnail","7":"category-yazarlar","8":"tag-chp","9":"tag-manset"},"_links":{"self":[{"href":"https:\/\/halkweb.com.tr\/de\/wp-json\/wp\/v2\/posts\/284550","targetHints":{"allow":["GET"]}}],"collection":[{"href":"https:\/\/halkweb.com.tr\/de\/wp-json\/wp\/v2\/posts"}],"about":[{"href":"https:\/\/halkweb.com.tr\/de\/wp-json\/wp\/v2\/types\/post"}],"author":[{"embeddable":true,"href":"https:\/\/halkweb.com.tr\/de\/wp-json\/wp\/v2\/users\/19"}],"replies":[{"embeddable":true,"href":"https:\/\/halkweb.com.tr\/de\/wp-json\/wp\/v2\/comments?post=284550"}],"version-history":[{"count":2,"href":"https:\/\/halkweb.com.tr\/de\/wp-json\/wp\/v2\/posts\/284550\/revisions"}],"predecessor-version":[{"id":284553,"href":"https:\/\/halkweb.com.tr\/de\/wp-json\/wp\/v2\/posts\/284550\/revisions\/284553"}],"wp:featuredmedia":[{"embeddable":true,"href":"https:\/\/halkweb.com.tr\/de\/wp-json\/wp\/v2\/media\/284552"}],"wp:attachment":[{"href":"https:\/\/halkweb.com.tr\/de\/wp-json\/wp\/v2\/media?parent=284550"}],"wp:term":[{"taxonomy":"category","embeddable":true,"href":"https:\/\/halkweb.com.tr\/de\/wp-json\/wp\/v2\/categories?post=284550"},{"taxonomy":"post_tag","embeddable":true,"href":"https:\/\/halkweb.com.tr\/de\/wp-json\/wp\/v2\/tags?post=284550"}],"curies":[{"name":"wp","href":"https:\/\/api.w.org\/{rel}","templated":true}]}}