{"id":284511,"date":"2026-03-31T20:35:45","date_gmt":"2026-03-31T20:35:45","guid":{"rendered":"https:\/\/halkweb.com.tr\/?p=284511"},"modified":"2026-03-31T20:35:45","modified_gmt":"2026-03-31T20:35:45","slug":"eine-ernste-warnung-des-widerstands-der-90er-jahre-an-die-heutige-politik-besinnt-euch-auf-eure-wurzeln","status":"publish","type":"post","link":"https:\/\/halkweb.com.tr\/de\/eine-ernste-warnung-des-widerstands-der-90er-jahre-an-die-heutige-politik-besinnt-euch-auf-eure-wurzeln\/","title":{"rendered":"Eine eindringliche Warnung des Widerstands der 90er Jahre an die Politik von heute: \u2019Kehrt zur\u00fcck zu eurer Essenz!\u201c"},"content":{"rendered":"<p>Die innerhalb der CHP als \u201cGeneration 90\u201d bekannte und aus dem Kampf kommende Gruppe gab eine manifestartige Erkl\u00e4rung gegen die derzeitigen politischen Ans\u00e4tze und die \u201cHarami-Ordnung\u201d ab: \u201cDieser Kampf ist nicht euer pers\u00f6nliches Feld der Ehre!\u201d<\/p>\n<p><strong>NEWS CENTRE -<\/strong> Eine Gruppe von Parteimitgliedern, die an der Basis der Republikanischen Volkspartei (CHP) aufgewachsen sind und in dem schwierigen politischen Klima der 90er Jahre \u2019Liniensoldaten\u201c waren, haben mit einem gemeinsam ver\u00f6ffentlichten Text scharf gegen den aktuellen Kurs der Politik und gegen Pers\u00f6nlichkeiten protestiert, die sich von ethischen Werten entfernt haben. Der Text mit dem Titel \u201dKehrt zu eurem Wesen zur\u00fcck\u201c ist eine klare Warnung vor der Nutzung linker Werte und revolution\u00e4rer Ethik f\u00fcr pers\u00f6nliche Interessen.<\/p>\n<p><strong>\u201dLinkssein ist Moral, Ehre\u201d<\/strong><\/p>\n<p>Die Erkl\u00e4rung wandte sich gegen die Verwandlung der Politik in ein \u201cMittel zur Bereicherung\u201d und definierte den wahren Linkismus. Folgende Aussagen stachen in dem Text hervor:<br \/>\n\u201dIn unserem Buch ist ein Linker einer, der nicht die Hand auf das Recht des Waisenkindes legt, der sein Volk nicht bel\u00fcgt. Linkssein ist Moral, Ehre, revolution\u00e4rer Anstand. Diejenigen, die sich L\u00fcgen auf die Zunge binden, die ihre Werte um eines Sitzes willen versteigern, sind n\u00fctzliche Apparate, die ihren politischen Bossen eine Komfortzone bieten.\u201d<\/p>\n<p><strong>\u201dIhr Problem sind nicht die Menschen, sondern Ihre miserablen Stromkonten\u201d<\/strong><\/p>\n<p>\u201cErkenne deinen Platz\u201d gegen\u00fcber denjenigen, die das Volk betr\u00fcgen, indem sie sich der Mittel des Ordens bedienen, hei\u00dft es in der Erkl\u00e4rung, in der betont wird, dass der Kampf nicht \u201cum des Ruhmes willen in den Herrenh\u00e4usern\u201d gef\u00fchrt wird. Die Vertreter der 90er Generation kritisierten diejenigen, die in der gegenw\u00e4rtigen politischen Situation unter dem Deckmantel der \u201cLinken\u201d schmutzige Allianzen eingingen, mit den folgenden Worten:<br \/>\n\u201cIhr Problem ist nicht die Macht des Volkes, sondern Ihr eigenes kleines, armseliges Machtkalk\u00fcl. Dieses Erbe geh\u00f6rt dem Volk, das vor allen anderen den Preis daf\u00fcr bezahlt hat.\u201d<\/p>\n<p><strong>\u201dSie schauen auf die Wechselkurse, wir schauen auf die Widerstandslinien\u201d<\/strong><\/p>\n<p>Der Text machte auf die Kluft zwischen den Politikern und den wahren Eigent\u00fcmern des Volkes aufmerksam und betonte den Unterschied in den lebenswichtigen Priorit\u00e4ten. \u201cIhr schaut morgens auf Gold und Wechselkurse, wir schauen auf den Widerstand gegen den Imperialismus in Lateinamerika, Afrika und dem Nahen Osten\u201d, hei\u00dft es in der Erkl\u00e4rung weiter, in der die ideologische Entschlossenheit betont wird.<\/p>\n<p><strong>\u201dPal\u00e4ste und Herrschaften st\u00fcrzen ein...\u201d<\/strong><\/p>\n<p>Die Erkl\u00e4rung endete mit den unsterblichen Versen von Adnan Y\u00fccel, die besagen, dass der Kampf weitergehen wird, bis die Erde befreit ist, und die Botschaft lautete: \u201cEs lebe der ehrenhafte Kampf des Volkes, es lebe die Republikanische Volkspartei\u201d.<br \/>\nDieses Manifest, das in den sozialen Medien unter dem Hashtag #AslolanCHP geteilt wurde, fand in der Parteibasis gro\u00dfen Anklang und wurde als Signal daf\u00fcr interpretiert, dass \u201cdiejenigen, die die Last des Widerstands auf ihren Schultern tragen\u201d, eine aktivere Rolle in der Politik \u00fcbernehmen werden.<\/p>\n<p>&nbsp;<\/p>\n<p><strong>Hier ist die vollst\u00e4ndige Erkl\u00e4rung:<\/strong><\/p>\n<p><em>KEHREN SIE ZU IHREN WURZELN ZUR\u00dcCK<\/em><\/p>\n<p><em>Wir, die Jugend der 90er Jahre, auch wenn Sie unsere Namen nicht kennen, sind die wahren S\u00f6hne dieses Landes, die einfachen Soldaten dieser Sache, die im Frost der Stra\u00dfen aufgewachsen sind, die auf dem Amboss des Kampfes geschmiedet wurden, die Politik gemacht haben, indem sie den Preis mit Blut, Leben und Gef\u00e4ngnis bezahlt haben. <\/em><br \/>\n<em>Heute, in unseren Vierzigern und F\u00fcnfzigern, sind wir Teil dieses unersch\u00fctterlichen Willens, den diese Haram-Ordnung wie eine Walze \u00fcberrollt hat, der aber seine Reinheit, seine Ideologie und seine revolution\u00e4re Moral nicht einen einzigen Tag lang beeintr\u00e4chtigt hat.<\/em><\/p>\n<p><em>Sie sind sich dessen vielleicht nicht bewusst, weil Ihre Klasse leer war, aber in unserem Buch steht geschrieben, dass ein Linker derjenige ist, der nicht die Hand auf das Recht des Waisenkindes legt, ein Linker ist derjenige, der sein Volk nicht bel\u00fcgt, Linkismus ist Moral, Ehre, revolution\u00e4rer Anstand. Diejenigen, die L\u00fcgen auf ihren Zungen verbreiten, diejenigen, die sich zum eigenen Vorteil als T\u00fcrsteher bet\u00e4tigen, diejenigen, die ihre Werte um eines Sitzes willen versteigern, diejenigen, die unter der Maske der Linken an jeder Schandtat beteiligt sind und ihren politischen Bossen eine Komfortzone bieten, sind erb\u00e4rmliche n\u00fctzliche Apparate f\u00fcr ihre Br\u00fcder. Wir kennen sie alle.<\/em><\/p>\n<p><em>Jetzt warnen wir diese Schurken, die das Volk mit den Mitteln des Ordens als \u2018wir sind links\u2019 t\u00e4uschen, offen und deutlich.<\/em><\/p>\n<p><em>Wir haben diesen Kampf nicht jahrelang mit unserem Leben geschultert, damit ihr in euren pr\u00e4chtigen Villen leben k\u00f6nnt, damit ihr Autorit\u00e4t und Stellung habt und auf die Menschen herabschauen k\u00f6nnt, damit ihr es euch in euren schmutzigen B\u00fcndnissen bequem machen und euer Vergn\u00fcgen genie\u00dfen k\u00f6nnt.<\/em><\/p>\n<p><em>Unser politischer Kampf ist nicht Ihr pers\u00f6nliches Feld der Selbstverwirklichung, Ihr Sandsack. Dieser Kampf, dieser ehrenvolle Marsch wurde f\u00fcr die W\u00fcrde des Volkes gegen die krumme Ordnung und die Pal\u00e4ste gef\u00fchrt. Ohne zu z\u00f6gern, ohne zur\u00fcckzublicken, ohne die Konsequenzen zu berechnen, ohne zu sagen \u201cwas haben wir davon\u201d, haben wir unseren Platz an der Spitze eingenommen und fanden es ausreichend, dass dieser Kampf ein Kampf f\u00fcr die Freiheit gegen den Faschismus ist. Kenne deinen Platz!<\/em><\/p>\n<p><em>Die wahren Eigent\u00fcmer dieser Politik, diejenigen, die die Last des Widerstands auf ihren Schultern tragen, werden euch nicht ehren. Wir sind weder Partner noch stille Zuschauer eurer verrotteten, unmoralischen Ordnung, eurer krummen und dunklen Beziehungen. Euer Problem ist nicht die Macht des Volkes, sondern euer eigenes kleines, erb\u00e4rmliches Machtkalk\u00fcl. Aber pr\u00e4gt euch das in eure kleine Welt ein: Dieser Kampf ist nicht euer Spielzeug. Dieses Erbe geh\u00f6rt dem Volk, das den Preis vor allen anderen bezahlt hat.<\/em><\/p>\n<p><em>Das mag sich f\u00fcr Sie wie ein Andenken an einen Soldaten anh\u00f6ren. Aber wir haben geglaubt, dass wir nicht auf diese Welt gekommen sind, um ein Verm\u00f6gen zu machen und vorbeizugehen, sondern um wie ein F\u00fchrer zu denken, wie ein Soldat zu k\u00e4mpfen und ein Zeichen zu hinterlassen. Ihre Werte haben eine materielle Entsprechung.<\/em><\/p>\n<p><em>Es gibt immer noch keinen materiellen Wert, der uns zum Schweigen bringt, uns in die Ordnung einbindet, uns dazu bringt, dies und jenes zu befolgen, das hat es nie gegeben. Das erste, was Sie morgens in den Zeitungen lesen, sind die Gold- und Devisenkurse, das erste, was wir sehen, ist, wie es den Widerstandsbewegungen gegen den Imperialismus in Lateinamerika, Afrika und dem Nahen Osten geht. Ihr m\u00f6gt vor\u00fcbergehend lauter sein, eure Bankkonten m\u00f6gen viele Nullen haben, aber wir sind auf dem richtigen Weg. Wir behalten unser Bewusstsein und unsere Wut und warten auf unseren Tag. Ihr versucht, uns zu imitieren, aber egal wie sehr ihr euch bem\u00fcht, N\u00e2z\u0131m Hikmet, Adnan Y\u00fccel, Enver G\u00f6k\u00e7e, Ahmed Arif bleiben in eurem Mund. Ihr redet von W\u00e4hrungsbewegungen, lasst die Dichter eines Kampfes, an den ihr nicht glaubt, in Ruhe. Diese sch\u00f6nen Worte geh\u00f6ren auf die Felder der Aktion, nicht auf eure Pl\u00e4tze;<\/em><\/p>\n<p><em>\u201cEs ist noch nicht vorbei, der Kampf dauert noch an<\/em><br \/>\n<em>Und es wird weitergehen,<\/em><br \/>\n<em>Bis die Erde das Gesicht der Liebe wird!\u201d<\/em><\/p>\n<p><em>Apropos Adnan Y\u00fccel: Sie erkennen ihn vielleicht nicht, aber er kann Ihnen unsere Gef\u00fchle am besten beschreiben;<\/em><\/p>\n<p><em>\u201cPal\u00e4ste und Herrschaften st\u00fcrzen ein <\/em><br \/>\n<em>Eines Tages wird das Blut aufh\u00f6ren <\/em><br \/>\n<em>Die Verfolgung endet. <\/em><br \/>\n<em>Veilchen bl\u00fchen \u00fcber uns <\/em><br \/>\n<em>Die Flieder lachen. <\/em><br \/>\n<em>Zur\u00fcck in die Gegenwart, <\/em><br \/>\n<em>Diejenigen, die in ein Morgen gehen, bleiben <\/em><br \/>\n<em>Und diejenigen, die f\u00fcr morgen Widerstand leisten...<\/em><\/p>\n<p><em>Es lebe der ehrenvolle Kampf des Volkes!<\/em><br \/>\n<em>Es lebe die v\u00f6llig unabh\u00e4ngige T\u00fcrkei!<\/em><br \/>\n<em>Es lebe die Republik, es lebe die Demokratie!<\/em><br \/>\n<em>Es lebe die Republikanische Volkspartei!<\/em><br \/>\n<em>#AslolanCHP<\/em><\/p>\n<p>&nbsp;<\/p>","protected":false},"excerpt":{"rendered":"<p>\u200bCHP i\u00e7erisinde &#8220;90 ku\u015fa\u011f\u0131&#8221; olarak bilinen ve m\u00fccadelenin i\u00e7inden gelen isimlerden, mevcut siyasi yakla\u015f\u0131mlara ve &#8220;harami d\u00fczenine&#8221; kar\u015f\u0131 manifesto niteli\u011finde bir a\u00e7\u0131klama geldi: &#8220;Bu kavga sizin ki\u015fisel ikbal sahan\u0131z de\u011fildir!&#8221; \u200bHABER MERKEZ\u0130 \u2013 Cumhuriyet Halk Partisi (CHP) taban\u0131nda yeti\u015fen ve 90\u2019l\u0131 y\u0131llar\u0131n zorlu siyasi ikliminde &#8220;s\u0131ra neferli\u011fi&#8221; yapm\u0131\u015f bir grup partili, yay\u0131mlad\u0131klar\u0131 ortak metinle siyasetin [&hellip;]<\/p>\n","protected":false},"author":49,"featured_media":284512,"comment_status":"closed","ping_status":"closed","sticky":false,"template":"","format":"standard","meta":{"footnotes":""},"categories":[285],"tags":[],"class_list":{"0":"post-284511","1":"post","2":"type-post","3":"status-publish","4":"format-standard","5":"has-post-thumbnail","7":"category-politika"},"_links":{"self":[{"href":"https:\/\/halkweb.com.tr\/de\/wp-json\/wp\/v2\/posts\/284511","targetHints":{"allow":["GET"]}}],"collection":[{"href":"https:\/\/halkweb.com.tr\/de\/wp-json\/wp\/v2\/posts"}],"about":[{"href":"https:\/\/halkweb.com.tr\/de\/wp-json\/wp\/v2\/types\/post"}],"author":[{"embeddable":true,"href":"https:\/\/halkweb.com.tr\/de\/wp-json\/wp\/v2\/users\/49"}],"replies":[{"embeddable":true,"href":"https:\/\/halkweb.com.tr\/de\/wp-json\/wp\/v2\/comments?post=284511"}],"version-history":[{"count":1,"href":"https:\/\/halkweb.com.tr\/de\/wp-json\/wp\/v2\/posts\/284511\/revisions"}],"predecessor-version":[{"id":284513,"href":"https:\/\/halkweb.com.tr\/de\/wp-json\/wp\/v2\/posts\/284511\/revisions\/284513"}],"wp:featuredmedia":[{"embeddable":true,"href":"https:\/\/halkweb.com.tr\/de\/wp-json\/wp\/v2\/media\/284512"}],"wp:attachment":[{"href":"https:\/\/halkweb.com.tr\/de\/wp-json\/wp\/v2\/media?parent=284511"}],"wp:term":[{"taxonomy":"category","embeddable":true,"href":"https:\/\/halkweb.com.tr\/de\/wp-json\/wp\/v2\/categories?post=284511"},{"taxonomy":"post_tag","embeddable":true,"href":"https:\/\/halkweb.com.tr\/de\/wp-json\/wp\/v2\/tags?post=284511"}],"curies":[{"name":"wp","href":"https:\/\/api.w.org\/{rel}","templated":true}]}}