{"id":282855,"date":"2026-02-19T22:25:51","date_gmt":"2026-02-19T22:25:51","guid":{"rendered":"https:\/\/halkweb.com.tr\/?p=282855"},"modified":"2026-02-19T22:25:51","modified_gmt":"2026-02-19T22:25:51","slug":"wechsel-der-stellvertretenden-minister-fur-justiz-und-inneres-ernennung-neuer-gouverneure-in-5-provinzen","status":"publish","type":"post","link":"https:\/\/halkweb.com.tr\/de\/wechsel-der-stellvertretenden-minister-fur-justiz-und-inneres-ernennung-neuer-gouverneure-in-5-provinzen\/","title":{"rendered":"Stellvertretende Justiz- und Innenminister ausgetauscht, neue Gouverneure in 5 Provinzen ernannt"},"content":{"rendered":"<p>Die Ernennungs- und Entlassungsbeschl\u00fcsse f\u00fcr die stellvertretenden Minister\u00e4mter des Justiz- und des Innenministeriums wurden im Amtsblatt ver\u00f6ffentlicht.<\/p>\n<p>Gem\u00e4\u00df den mit der Unterschrift von Pr\u00e4sident Recep Tayyip Erdo\u011fan ver\u00f6ffentlichten Beschl\u00fcssen wurden Ramazan Can, der stellvertretende Justizminister Ramazan Can, Hur\u015fit Y\u0131ld\u0131r\u0131m, Mehmet Y\u0131lmaz und Niyazi Acar gem\u00e4\u00df den Artikeln 2, 3 und 4 des Pr\u00e4sidialerlasses Nr. 3 aus ihren \u00c4mtern entlassen.<\/p>\n<p>Mit dieser Entscheidung wurden Abdullah Aydo\u011fdu, Burak Ceyhan, Can Tuncay und Sedat Ayy\u0131ld\u0131z zu stellvertretenden Ministern des Justizministeriums ernannt.<\/p>\n<p><img loading=\"lazy\" decoding=\"async\" class=\"alignnone size-full wp-image-282856\" src=\"https:\/\/halkweb.com.tr\/wp-content\/uploads\/2026\/02\/1.jpeg\" alt=\"\" width=\"1290\" height=\"1370\" srcset=\"https:\/\/halkweb.com.tr\/wp-content\/uploads\/2026\/02\/1.jpeg 1290w, https:\/\/halkweb.com.tr\/wp-content\/uploads\/2026\/02\/1-11x12.jpeg 11w, https:\/\/halkweb.com.tr\/wp-content\/uploads\/2026\/02\/1-300x319.jpeg 300w, https:\/\/halkweb.com.tr\/wp-content\/uploads\/2026\/02\/1-696x739.jpeg 696w, https:\/\/halkweb.com.tr\/wp-content\/uploads\/2026\/02\/1-1068x1134.jpeg 1068w\" sizes=\"auto, (max-width: 1290px) 100vw, 1290px\" \/> <img loading=\"lazy\" decoding=\"async\" class=\"alignnone size-medium wp-image-282857\" src=\"https:\/\/halkweb.com.tr\/wp-content\/uploads\/2026\/02\/2.jpg\" alt=\"\" width=\"1290\" height=\"1406\" srcset=\"https:\/\/halkweb.com.tr\/wp-content\/uploads\/2026\/02\/2.jpg 1290w, https:\/\/halkweb.com.tr\/wp-content\/uploads\/2026\/02\/2-11x12.jpg 11w, https:\/\/halkweb.com.tr\/wp-content\/uploads\/2026\/02\/2-300x327.jpg 300w, https:\/\/halkweb.com.tr\/wp-content\/uploads\/2026\/02\/2-696x759.jpg 696w, https:\/\/halkweb.com.tr\/wp-content\/uploads\/2026\/02\/2-1068x1164.jpg 1068w\" sizes=\"auto, (max-width: 1290px) 100vw, 1290px\" \/><\/p>\n<p>Mit dieser Entscheidung wurden die stellvertretenden Minister des Innenministeriums M\u00fcnir Karalo\u011flu, Mehmet Sa\u011flam und Mehmet Akta\u015f entlassen, w\u00e4hrend der Gouverneur von Hakkari Ali \u00c7elik, der Gouverneur von Afyonkarahisar K\u00fcbra G\u00fcran Yi\u011fitba\u015f\u0131 und Mehmet Cangir an ihrer Stelle ernannt wurden.<\/p>\n<p>Afyonkarahisar Gouverneursamt <strong>Butler<\/strong> Gouverneur Naci Aktas, <strong>Hakkari<\/strong> \u0130brahim Ta\u015fyapan, Generaldirektor f\u00fcr Bev\u00f6lkerungs- und Staatsb\u00fcrgerschaftsangelegenheiten, wurde zum Gouverneur von U\u015fak ernannt, und Serdar Kartal, Leiter der Abteilung f\u00fcr Unterst\u00fctzungsdienste, wurde zum Gouverneur von U\u015fak ernannt, <strong>Erzurum<\/strong> Gouverneur von G\u00fcm\u00fc\u015fhane, Ayd\u0131n Baru\u015f,<strong> Gumushane<\/strong> Cevdet Atay, Chefinspektor des Gouverneursamtes der T\u00fcrkei, wurde zum Gouverneur ernannt.<\/p>\n<p>Dar\u00fcber hinaus wurde mit dem Beschluss die Ernennung von H\u00fcseyin Kaptan vom stellvertretenden Gouverneur von Gaziantep zum Gouverneur des Bezirks \u015eanl\u0131urfa-Ceylanp\u0131nar aufgehoben, w\u00e4hrend 160 Namen neu zugewiesen wurden.<\/p>","protected":false},"excerpt":{"rendered":"<p>Abdullah Aydo\u011fdu, Burak Ceyhan, Can Tuncay und Sedat Ayy\u0131ld\u0131z wurden zu stellvertretenden Ministern des Justizministeriums ernannt. Der Gouverneur von Hakkari Ali \u00c7elik, der Gouverneur von Afyonkarahisar K\u00fcbra G\u00fcran Yi\u011fitba\u015f\u0131 und Mehmet Cangir wurden zu stellvertretenden Ministern des Innenministeriums ernannt.<\/p>","protected":false},"author":3,"featured_media":282858,"comment_status":"closed","ping_status":"closed","sticky":false,"template":"","format":"standard","meta":{"footnotes":""},"categories":[2],"tags":[289],"class_list":{"0":"post-282855","1":"post","2":"type-post","3":"status-publish","4":"format-standard","5":"has-post-thumbnail","7":"category-gundem","8":"tag-manset"},"_links":{"self":[{"href":"https:\/\/halkweb.com.tr\/de\/wp-json\/wp\/v2\/posts\/282855","targetHints":{"allow":["GET"]}}],"collection":[{"href":"https:\/\/halkweb.com.tr\/de\/wp-json\/wp\/v2\/posts"}],"about":[{"href":"https:\/\/halkweb.com.tr\/de\/wp-json\/wp\/v2\/types\/post"}],"author":[{"embeddable":true,"href":"https:\/\/halkweb.com.tr\/de\/wp-json\/wp\/v2\/users\/3"}],"replies":[{"embeddable":true,"href":"https:\/\/halkweb.com.tr\/de\/wp-json\/wp\/v2\/comments?post=282855"}],"version-history":[{"count":1,"href":"https:\/\/halkweb.com.tr\/de\/wp-json\/wp\/v2\/posts\/282855\/revisions"}],"predecessor-version":[{"id":282859,"href":"https:\/\/halkweb.com.tr\/de\/wp-json\/wp\/v2\/posts\/282855\/revisions\/282859"}],"wp:featuredmedia":[{"embeddable":true,"href":"https:\/\/halkweb.com.tr\/de\/wp-json\/wp\/v2\/media\/282858"}],"wp:attachment":[{"href":"https:\/\/halkweb.com.tr\/de\/wp-json\/wp\/v2\/media?parent=282855"}],"wp:term":[{"taxonomy":"category","embeddable":true,"href":"https:\/\/halkweb.com.tr\/de\/wp-json\/wp\/v2\/categories?post=282855"},{"taxonomy":"post_tag","embeddable":true,"href":"https:\/\/halkweb.com.tr\/de\/wp-json\/wp\/v2\/tags?post=282855"}],"curies":[{"name":"wp","href":"https:\/\/api.w.org\/{rel}","templated":true}]}}