{"id":282768,"date":"2026-02-16T17:02:00","date_gmt":"2026-02-16T17:02:00","guid":{"rendered":"https:\/\/halkweb.com.tr\/?p=282768"},"modified":"2026-02-16T18:09:49","modified_gmt":"2026-02-16T18:09:49","slug":"was-ist-los-mit-dir-bildungsmacht","status":"publish","type":"post","link":"https:\/\/halkweb.com.tr\/de\/was-ist-los-mit-dir-bildungsmacht\/","title":{"rendered":"Was ist bei Education Power Sen los?"},"content":{"rendered":"<p>Das Strafgericht erster Instanz in Samsun hat gegen O\u011fuz \u00d6zat, den Vorsitzenden von E\u011fitim G\u00fc\u00e7-Sen, ein Urteil zum Entzug der Rechte erlassen.<\/p>\n<p>Es hei\u00dft, das Gericht habe diese Entscheidung aufgrund einer Klage des Vorsitzenden einer Gewerkschaft getroffen. Es hei\u00dft, der Fall stehe im Zusammenhang mit dem Vergehen der \u201cunrechtm\u00e4\u00dfigen Weitergabe personenbezogener Daten\u201d eines Gewerkschaftsvorsitzenden durch O\u011fuz \u00d6zat, den Vorsitzenden von E\u011fitim G\u00fcc\u00fc Sen, auf seinem Social-Media-Konto, und O\u011fuz \u00d6zat sei zu 20 Monaten Gef\u00e4ngnis verurteilt worden, und der Einspruch gegen die Entscheidung des Falles sei vom regionalen Berufungsgericht Samsun zur\u00fcckgewiesen worden.<\/p>\n<p><img loading=\"lazy\" decoding=\"async\" class=\"alignnone size-full wp-image-282769\" src=\"https:\/\/halkweb.com.tr\/wp-content\/uploads\/2026\/02\/1.jpg\" alt=\"\" width=\"1458\" height=\"2048\" srcset=\"https:\/\/halkweb.com.tr\/wp-content\/uploads\/2026\/02\/1.jpg 1458w, https:\/\/halkweb.com.tr\/wp-content\/uploads\/2026\/02\/1-9x12.jpg 9w, https:\/\/halkweb.com.tr\/wp-content\/uploads\/2026\/02\/1-300x421.jpg 300w, https:\/\/halkweb.com.tr\/wp-content\/uploads\/2026\/02\/1-696x978.jpg 696w, https:\/\/halkweb.com.tr\/wp-content\/uploads\/2026\/02\/1-1068x1500.jpg 1068w\" sizes=\"auto, (max-width: 1458px) 100vw, 1458px\" \/><\/p>\n<p><img loading=\"lazy\" decoding=\"async\" class=\"alignnone size-full wp-image-282770\" src=\"https:\/\/halkweb.com.tr\/wp-content\/uploads\/2026\/02\/2a.jpg\" alt=\"\" width=\"1000\" height=\"1413\" srcset=\"https:\/\/halkweb.com.tr\/wp-content\/uploads\/2026\/02\/2a.jpg 1000w, https:\/\/halkweb.com.tr\/wp-content\/uploads\/2026\/02\/2a-8x12.jpg 8w, https:\/\/halkweb.com.tr\/wp-content\/uploads\/2026\/02\/2a-300x424.jpg 300w, https:\/\/halkweb.com.tr\/wp-content\/uploads\/2026\/02\/2a-696x983.jpg 696w\" sizes=\"auto, (max-width: 1000px) 100vw, 1000px\" \/><\/p>\n<p>\u00d6zat darf keine \u00f6ffentlichen \u00c4mter bekleiden und weder Gesch\u00e4ftsf\u00fchrer noch Rechnungspr\u00fcfer von Vereinen, Stiftungen, Gewerkschaften, Genossenschaften und politischen Parteien sein, da ihm gem\u00e4\u00df Artikel 53 des t\u00fcrkischen Strafgesetzbuchs auch bestimmte Rechte entzogen wurden.<\/p>\n<h3>Was bedeutet diese Entscheidung also?<\/h3>\n<p>Da die Verurteilung von O\u011fuz \u00d6zat, dem Vorsitzenden von E\u011fitim G\u00fcc\u00fc Sen, im Jahr 2025 erfolgte, kann er bei der zweiten ordentlichen Generalversammlung von E\u011fitim G\u00fcc\u00fc Sen im Januar 2026 nicht mehr f\u00fcr den Vorstand kandidieren und somit auch nicht mehr das Amt des Generalpr\u00e4sidenten aus\u00fcben.<\/p>\n<p>Die 2. ordentliche Generalversammlung von E\u011fitim G\u00fcc\u00fc Sen, die im Januar 2026 stattfand, hatte ebenfalls f\u00fcr Kontroversen gesorgt.<\/p>","protected":false},"excerpt":{"rendered":"<p>Die 2. ordentliche Generalversammlung von E\u011fitim G\u00fcc\u00fc Sen, die im Januar 2026 stattfand, hatte ebenfalls f\u00fcr Kontroversen gesorgt.<\/p>","protected":false},"author":3,"featured_media":282771,"comment_status":"closed","ping_status":"closed","sticky":false,"template":"","format":"standard","meta":{"footnotes":""},"categories":[2],"tags":[],"class_list":{"0":"post-282768","1":"post","2":"type-post","3":"status-publish","4":"format-standard","5":"has-post-thumbnail","7":"category-gundem"},"_links":{"self":[{"href":"https:\/\/halkweb.com.tr\/de\/wp-json\/wp\/v2\/posts\/282768","targetHints":{"allow":["GET"]}}],"collection":[{"href":"https:\/\/halkweb.com.tr\/de\/wp-json\/wp\/v2\/posts"}],"about":[{"href":"https:\/\/halkweb.com.tr\/de\/wp-json\/wp\/v2\/types\/post"}],"author":[{"embeddable":true,"href":"https:\/\/halkweb.com.tr\/de\/wp-json\/wp\/v2\/users\/3"}],"replies":[{"embeddable":true,"href":"https:\/\/halkweb.com.tr\/de\/wp-json\/wp\/v2\/comments?post=282768"}],"version-history":[{"count":2,"href":"https:\/\/halkweb.com.tr\/de\/wp-json\/wp\/v2\/posts\/282768\/revisions"}],"predecessor-version":[{"id":282773,"href":"https:\/\/halkweb.com.tr\/de\/wp-json\/wp\/v2\/posts\/282768\/revisions\/282773"}],"wp:featuredmedia":[{"embeddable":true,"href":"https:\/\/halkweb.com.tr\/de\/wp-json\/wp\/v2\/media\/282771"}],"wp:attachment":[{"href":"https:\/\/halkweb.com.tr\/de\/wp-json\/wp\/v2\/media?parent=282768"}],"wp:term":[{"taxonomy":"category","embeddable":true,"href":"https:\/\/halkweb.com.tr\/de\/wp-json\/wp\/v2\/categories?post=282768"},{"taxonomy":"post_tag","embeddable":true,"href":"https:\/\/halkweb.com.tr\/de\/wp-json\/wp\/v2\/tags?post=282768"}],"curies":[{"name":"wp","href":"https:\/\/api.w.org\/{rel}","templated":true}]}}