{"id":282462,"date":"2026-02-07T09:05:27","date_gmt":"2026-02-07T09:05:27","guid":{"rendered":"https:\/\/halkweb.com.tr\/?p=282462"},"modified":"2026-02-07T09:05:58","modified_gmt":"2026-02-07T09:05:58","slug":"brief-von-enver-aysever-dies-ist-meine-letzte-erklarung","status":"publish","type":"post","link":"https:\/\/halkweb.com.tr\/de\/brief-von-enver-aysever-dies-ist-meine-letzte-erklarung\/","title":{"rendered":"Ein Brief von Enver Aysever: Dies ist meine letzte Erkl\u00e4rung"},"content":{"rendered":"<p>Der im Silivri-Gef\u00e4ngnis inhaftierte Journalist Enver Aysever erkl\u00e4rte in einem Schreiben, das er \u00fcber seinen Anwalt Mikayil Dilbaz verbreitete: \u201cIch bin sehr traurig \u00fcber die Diskussionen, die in den letzten Tagen entstanden sind. Die wichtigste Oppositionspartei besch\u00e4ftigt sich mit Boulevardthemen, anstatt sich zu dem unrechtm\u00e4\u00dfigen Prozess gegen einen Journalisten zu \u00e4u\u00dfern.\u201c.<\/p>\n<div class=\"td_block_wrap tdb_title tdi_47 tdb-single-title td-pb-border-top baslik-oku td_block_template_1\" data-td-block-uid=\"tdi_47\">\n<div class=\"tdb-block-inner td-fix-index\">\n<h1 class=\"tdb-title-text\"><a href=\"https:\/\/halkweb.com.tr\/de\/harsche-antwort-des-rechtsanwalts-von-enver-aysever-an-ozgur-ozel-und-riza-akpolat\/\">Scharfe Antwort des Anwalts von Enver Aysever an \u00d6zg\u00fcr \u00d6zel und R\u0131za Akpolat<\/a><\/h1>\n<div><\/div>\n<\/div>\n<\/div>\n<div class=\"td_block_wrap tdb_single_subtitle tdi_48 td-pb-border-top td_block_template_1\" data-td-block-uid=\"tdi_48\">\n<div class=\"tdb-block-inner td-fix-index\">Der Sabah-Kolumnist Mahmut \u00d6v\u00fcr schrieb, Enver Aysever habe Ekrem \u0130mamo\u011flu, den inhaftierten IBB-B\u00fcrgermeister und CHP-Pr\u00e4sidentschaftskandidaten, und den CHP-Vorsitzenden \u00d6zg\u00fcr \u00d6zel als \u201cDiebe\u201d bezeichnet und keinem von beiden die Hand gesch\u00fcttelt. Der Anwalt von Aysever, Mikayil Dilbaz, stellte diese in der \u00d6ffentlichkeit diskutierte Frage klar. Dilbaz erkl\u00e4rte, Aysever habe den Ausdruck \u201cIch w\u00fcrde einem Dieb nicht die Hand sch\u00fctteln\u201d \u00fcber \u0130mamo\u011flu verwendet und zu \u00d6zel gesagt: \u201cWenn Sie die einzige Tagesordnung der Partei mit diesem Thema besetzen, um Diebe zu verteidigen, Herr Generalvorsitzender, f\u00fcrchte ich, dass wir die Pl\u00e4tze tauschen werden.\u201d.<\/div>\n<\/div>\n<p>&nbsp;<\/p>\n<blockquote class=\"twitter-tweet\">\n<p dir=\"ltr\" lang=\"tr\">Dies ist die Erkl\u00e4rung meines Klienten Enver AYSEVER an die \u00d6FFENTLICHKEIT....Ich werde mich im Einklang mit den Anweisungen meines Klienten nicht mehr zu diesem Thema \u00e4u\u00dfern...Nun frage ich, wer der Verleumder ist...!!!....Cumhuriyet S\u00f6zc\u00fc, \u00d6zg\u00fcr \u00d6zel und \u015eaban Sevin\u00e7...???...Ich \u00fcberlasse es dem Gewissen der \u00d6ffentlichkeit... <a href=\"https:\/\/t.co\/7rbCT3Dbad\">pic.twitter.com\/7rbCT3Dbad<\/a><\/p>\n<p>- Mikayil Dilbaz (@Mikayildilbaz) <a href=\"https:\/\/twitter.com\/Mikayildilbaz\/status\/2019868094852919516?ref_src=twsrc%5Etfw\" target=\"_blank\" rel=\"noopener\">6. Februar 2026<\/a><\/p><\/blockquote>\n<p><script async src=\"https:\/\/platform.twitter.com\/widgets.js\" charset=\"utf-8\"><\/script><\/p>\n<p>Als die Debatte zwischen Aysever, \u00d6zel und Rechtsanwalt Dilbaz weiterging, gab Aysever eine neue Erkl\u00e4rung ab.<\/p>\n<p>Aysever gab \u00fcber seinen Anwalt eine Erkl\u00e4rung mit dem Titel \u201cobligatorische \u00f6ffentliche Erkl\u00e4rung\u201c ab und verwendete die folgenden Ausdr\u00fccke:<\/p>\n<p>\u201cIch bin seit einiger Zeit zu Unrecht im Silivri-Gef\u00e4ngnis inhaftiert. Unter diesen Umst\u00e4nden ist es mir nicht m\u00f6glich, die sozialen Medien und die Presse richtig zu verfolgen. Ich bin sehr best\u00fcrzt \u00fcber die Diskussionen, die in den letzten Tagen entstanden sind. Die wichtigste Oppositionspartei besch\u00e4ftigt sich mit Boulevardthemen, anstatt sich zu dem unrechtm\u00e4\u00dfigen Prozess gegen einen Journalisten zu \u00e4u\u00dfern. Dies ist meine letzte Erkl\u00e4rung. Ich werde keine weiteren Erkl\u00e4rungen abgeben. Die Erkl\u00e4rungen, die ich zuvor \u00fcber meinen Anwalt abgegeben habe, sind in meinem Sinne. Ich werde in freien Tagen weitere notwendige Erkl\u00e4rungen abgeben.\u201c<\/p>","protected":false},"excerpt":{"rendered":"<p>&#8220;Ana muhalefet partisi, bir gazetecinin hukuksuz bi\u00e7imde yarg\u0131lanmas\u0131n\u0131 konu\u015fmak yerine magazinel konularla g\u00fcndemi me\u015fgul ediyor&#8221;<\/p>","protected":false},"author":3,"featured_media":282463,"comment_status":"closed","ping_status":"closed","sticky":false,"template":"","format":"standard","meta":{"footnotes":""},"categories":[2],"tags":[],"class_list":{"0":"post-282462","1":"post","2":"type-post","3":"status-publish","4":"format-standard","5":"has-post-thumbnail","7":"category-gundem"},"_links":{"self":[{"href":"https:\/\/halkweb.com.tr\/de\/wp-json\/wp\/v2\/posts\/282462","targetHints":{"allow":["GET"]}}],"collection":[{"href":"https:\/\/halkweb.com.tr\/de\/wp-json\/wp\/v2\/posts"}],"about":[{"href":"https:\/\/halkweb.com.tr\/de\/wp-json\/wp\/v2\/types\/post"}],"author":[{"embeddable":true,"href":"https:\/\/halkweb.com.tr\/de\/wp-json\/wp\/v2\/users\/3"}],"replies":[{"embeddable":true,"href":"https:\/\/halkweb.com.tr\/de\/wp-json\/wp\/v2\/comments?post=282462"}],"version-history":[{"count":4,"href":"https:\/\/halkweb.com.tr\/de\/wp-json\/wp\/v2\/posts\/282462\/revisions"}],"predecessor-version":[{"id":282467,"href":"https:\/\/halkweb.com.tr\/de\/wp-json\/wp\/v2\/posts\/282462\/revisions\/282467"}],"wp:featuredmedia":[{"embeddable":true,"href":"https:\/\/halkweb.com.tr\/de\/wp-json\/wp\/v2\/media\/282463"}],"wp:attachment":[{"href":"https:\/\/halkweb.com.tr\/de\/wp-json\/wp\/v2\/media?parent=282462"}],"wp:term":[{"taxonomy":"category","embeddable":true,"href":"https:\/\/halkweb.com.tr\/de\/wp-json\/wp\/v2\/categories?post=282462"},{"taxonomy":"post_tag","embeddable":true,"href":"https:\/\/halkweb.com.tr\/de\/wp-json\/wp\/v2\/tags?post=282462"}],"curies":[{"name":"wp","href":"https:\/\/api.w.org\/{rel}","templated":true}]}}