{"id":282392,"date":"2026-02-05T12:43:51","date_gmt":"2026-02-05T12:43:51","guid":{"rendered":"https:\/\/halkweb.com.tr\/?p=282392"},"modified":"2026-02-05T12:45:40","modified_gmt":"2026-02-05T12:45:40","slug":"neue-kontroverse-im-fall-epstein-mysterioses-foto-in-sozialen-medien-erregt-verdacht","status":"publish","type":"post","link":"https:\/\/halkweb.com.tr\/de\/neue-kontroverse-im-fall-epstein-mysterioses-foto-in-sozialen-medien-erregt-verdacht\/","title":{"rendered":"Neue Kontroverse im Fall Epstein: Mysteri\u00f6ses Foto auf Social Media weckt Verdacht"},"content":{"rendered":"<p><strong><img loading=\"lazy\" decoding=\"async\" class=\"alignnone size-full wp-image-282393\" src=\"https:\/\/halkweb.com.tr\/wp-content\/uploads\/2026\/02\/je.jpg\" alt=\"\" width=\"1280\" height=\"720\" srcset=\"https:\/\/halkweb.com.tr\/wp-content\/uploads\/2026\/02\/je.jpg 1280w, https:\/\/halkweb.com.tr\/wp-content\/uploads\/2026\/02\/je-18x10.jpg 18w, https:\/\/halkweb.com.tr\/wp-content\/uploads\/2026\/02\/je-300x169.jpg 300w, https:\/\/halkweb.com.tr\/wp-content\/uploads\/2026\/02\/je-696x392.jpg 696w, https:\/\/halkweb.com.tr\/wp-content\/uploads\/2026\/02\/je-1068x601.jpg 1068w\" sizes=\"auto, (max-width: 1280px) 100vw, 1280px\" \/>Dilek Bozkurt- HALKWEB<\/strong>\u00a0W\u00e4hrend der Nebel um den Tod von Jeffrey Epstein im Jahr 2019 noch nicht gel\u00fcftet wurde, hat ein in den sozialen Medien geteiltes Foto eine neue Welle der Debatte in der internationalen \u00d6ffentlichkeit ausgel\u00f6st. Das Bild, auf dem ein Mann mit Bart und Sonnenbrille auf der Stra\u00dfe zu sehen ist, brachte die Frage \u201cLebt Epstein?\u201d wieder auf die Tagesordnung.<\/p>\n<h3>Angebliche \u00c4hnlichkeit befl\u00fcgelt Verschw\u00f6rungstheorien<\/h3>\n<p>Nach Behauptungen, \u00fcber die in der ausl\u00e4ndischen Presse vielfach berichtet wurde, gibt es auffallende \u00c4hnlichkeiten zwischen dem K\u00f6rperbau der Person auf dem Foto und den letzten bekannten Bildern von Epstein. Obwohl die Massen, insbesondere diejenigen, die den offiziellen Berichten \u00fcber Epsteins Tod skeptisch gegen\u00fcberstehen, dieses neue Bild als \u201cBeweis daf\u00fcr, dass er lebt\u201d bezeichnen, gibt es bisher keine konkreten Beweise oder offiziellen Best\u00e4tigungen f\u00fcr diese Behauptung.<\/p>\n<h3>Fokus des Verdachts: Heimlicher Tod im Jahr 2019<\/h3>\n<p>Rechtskreise und Experten warnen davor, dass die unkontrollierte Verbreitung solcher Bilder Spekulationen sch\u00fcrt. Die anhaltende Ungewissheit \u00fcber Epsteins Tod in seiner New Yorker Gef\u00e4ngniszelle und die k\u00fcrzlich an die \u00d6ffentlichkeit gelangten neuen Akten haben jedoch den Weg daf\u00fcr geebnet, dass solche Behauptungen schnell in der \u00d6ffentlichkeit Resonanz finden.<\/p>\n<h3>Das Schweigen geht weiter<\/h3>\n<p>Bislang gibt es weder eine Best\u00e4tigung noch ein Dementi seitens der Justizbeh\u00f6rden oder der Ermittlungsgruppen zu dem fraglichen Foto. W\u00e4hrend die Beh\u00f6rden schweigen, bleibt das Foto eine der meistdiskutierten \u201cVerschw\u00f6rungstheorien\u201d der letzten Jahre in den sozialen Medien.<\/p>\n<p>&nbsp;<\/p>","protected":false},"excerpt":{"rendered":"<p>Yetkililerin sessizli\u011fi s\u00fcrerken, foto\u011fraf sosyal medyada son y\u0131llar\u0131n en \u00e7ok konu\u015fulan &#8220;komplo teorileri&#8221; aras\u0131ndaki yerini koruyor.<\/p>","protected":false},"author":3,"featured_media":282393,"comment_status":"closed","ping_status":"closed","sticky":false,"template":"","format":"standard","meta":{"footnotes":""},"categories":[2],"tags":[289],"class_list":{"0":"post-282392","1":"post","2":"type-post","3":"status-publish","4":"format-standard","5":"has-post-thumbnail","7":"category-gundem","8":"tag-manset"},"_links":{"self":[{"href":"https:\/\/halkweb.com.tr\/de\/wp-json\/wp\/v2\/posts\/282392","targetHints":{"allow":["GET"]}}],"collection":[{"href":"https:\/\/halkweb.com.tr\/de\/wp-json\/wp\/v2\/posts"}],"about":[{"href":"https:\/\/halkweb.com.tr\/de\/wp-json\/wp\/v2\/types\/post"}],"author":[{"embeddable":true,"href":"https:\/\/halkweb.com.tr\/de\/wp-json\/wp\/v2\/users\/3"}],"replies":[{"embeddable":true,"href":"https:\/\/halkweb.com.tr\/de\/wp-json\/wp\/v2\/comments?post=282392"}],"version-history":[{"count":2,"href":"https:\/\/halkweb.com.tr\/de\/wp-json\/wp\/v2\/posts\/282392\/revisions"}],"predecessor-version":[{"id":282395,"href":"https:\/\/halkweb.com.tr\/de\/wp-json\/wp\/v2\/posts\/282392\/revisions\/282395"}],"wp:featuredmedia":[{"embeddable":true,"href":"https:\/\/halkweb.com.tr\/de\/wp-json\/wp\/v2\/media\/282393"}],"wp:attachment":[{"href":"https:\/\/halkweb.com.tr\/de\/wp-json\/wp\/v2\/media?parent=282392"}],"wp:term":[{"taxonomy":"category","embeddable":true,"href":"https:\/\/halkweb.com.tr\/de\/wp-json\/wp\/v2\/categories?post=282392"},{"taxonomy":"post_tag","embeddable":true,"href":"https:\/\/halkweb.com.tr\/de\/wp-json\/wp\/v2\/tags?post=282392"}],"curies":[{"name":"wp","href":"https:\/\/api.w.org\/{rel}","templated":true}]}}