{"id":282152,"date":"2026-01-30T14:18:41","date_gmt":"2026-01-30T14:18:41","guid":{"rendered":"https:\/\/halkweb.com.tr\/?p=282152"},"modified":"2026-01-30T14:18:41","modified_gmt":"2026-01-30T14:18:41","slug":"widerstand-der-lagerarbeiter-wachst-nach-migrost-begannen-auch-die-bim-arbeiter-mit-dem-widerstand","status":"publish","type":"post","link":"https:\/\/halkweb.com.tr\/de\/widerstand-der-lagerarbeiter-wachst-nach-migrost-begannen-auch-die-bim-arbeiter-mit-dem-widerstand\/","title":{"rendered":"Der Widerstand der Lagerarbeiter nimmt zu: Nach Migros beginnen auch die BIM-Arbeiter mit dem Widerstand"},"content":{"rendered":"<p>Migros depolar\u0131nda sefalet \u00fccretlerine kar\u015f\u0131 ba\u015flayan grevlerin ard\u0131ndan B\u0130M&#8217;in depolar\u0131nda \u00e7al\u0131\u015fan i\u015f\u00e7iler de eyleme ge\u00e7ti. B\u0130M&#8217;in Van&#8217;daki deposunda i\u015f\u00e7ilerin d\u00fcn ba\u015flatt\u0131\u011f\u0131 i\u015f yava\u015flatma eylemi s\u00fcrerken, bug\u00fcn \u0130stanbul Arnavutk\u00f6y, Erzurum ve I\u011fd\u0131r&#8217;daki i\u015f\u00e7iler de i\u015f b\u0131rakt\u0131.<\/p>\n<p>Van&#8217;da B\u0130M Depo i\u015f\u00e7ilerinin i\u015f b\u0131rakma eylemi ikinci g\u00fcn\u00fcnde kararl\u0131l\u0131kla s\u00fcrerken yeni eylem haberleri geldi. Depo, Liman, Tersane ve Deniz \u0130\u015f\u00e7ileri Sendikas\u0131 (DGD-SEN), sabah saatlerinde X hesab\u0131nda yapt\u0131\u011f\u0131 payla\u015f\u0131mda, \u0130stanbul&#8217;un Arnavutk\u00f6y il\u00e7esindeki B\u0130M deposunda \u00e7al\u0131\u015fan i\u015f\u00e7ilerin de i\u015f b\u0131rakt\u0131\u011f\u0131n\u0131 duyurdu. Yap\u0131lan a\u00e7\u0131klamada, &#8220;B\u0130M depo sevkiyat i\u015f\u00e7ileri, \u0130stanbul Arnavutk\u00f6y\u2019de y\u00fczde 27\u2019lik sefalet zamm\u0131na kar\u015f\u0131, i\u015fi b\u0131rakt\u0131! Depo i\u015f\u00e7ileri talepleri kar\u015f\u0131lanana kadar g\u00fcnde 1 saat i\u015f b\u0131rakacak&#8221; denildi.<\/p>\n<p>&nbsp;<\/p>\n<blockquote class=\"twitter-tweet\">\n<p dir=\"ltr\" lang=\"tr\">\u0130\u015fgal, grev, direni\u015f dedik. Bu iradeyi yenemezler, geri d\u00f6nd\u00fcremezler\u2026<\/p>\n<p>Birle\u015fen i\u015f\u00e7iler yenilmezler! \ud83d\ude4c <a href=\"https:\/\/twitter.com\/hashtag\/Gasp%C3%A7%C4%B1Migros?src=hash&amp;ref_src=twsrc%5Etfw\" target=\"_blank\" rel=\"noopener\">#Gasp\u00e7\u0131Migros<\/a> <a href=\"https:\/\/t.co\/huOdvMtEPW\">pic.twitter.com\/huOdvMtEPW<\/a><\/p>\n<p>\u2014 DGD-SEN (@DGDSEN) <a href=\"https:\/\/twitter.com\/DGDSEN\/status\/2017226164150935574?ref_src=twsrc%5Etfw\" target=\"_blank\" rel=\"noopener\">30. Januar 2026<\/a><\/p><\/blockquote>\n<p><script async src=\"https:\/\/platform.twitter.com\/widgets.js\" charset=\"utf-8\"><\/script><\/p>\n<h3>Eylemler yay\u0131l\u0131yor<\/h3>\n<p>Erzurum ve I\u011fd\u0131r&#8217;da da B\u0130M Depo i\u015f\u00e7ileri, sefalet \u00fccret dayatmas\u0131n\u0131 kabul etmediklerini s\u00f6yleyerek i\u015f b\u0131rakma eylemine kat\u0131ld\u0131.<\/p>\n<p>I\u011fd\u0131r&#8217;daki B\u0130M depo bah\u00e7esinde bir araya gelen i\u015f\u00e7iler, sloganlar e\u015fli\u011finde, bu \u00fccret art\u0131\u015f\u0131n\u0131n a\u00e7l\u0131k s\u0131n\u0131r\u0131 dayatmas\u0131n\u0131n da alt\u0131nda oldu\u011funu vurgulad\u0131. A\u011f\u0131r \u00e7al\u0131\u015fma ko\u015fullar\u0131na dikkat \u00e7eken i\u015f\u00e7iler, ya\u015fan\u0131labilir ve adil bir \u00fccret talepleri i\u00e7in \u00e7a\u011fr\u0131da bulundu.<\/p>\n<p>&nbsp;<\/p>\n<blockquote class=\"twitter-tweet\">\n<p dir=\"ltr\" lang=\"tr\">\u00c7evik kuvvet i\u015f\u00e7ileri darp ediyor, depo i\u00e7ine alm\u0131yor!<\/p>\n<p>\u201cBenim \u00fcst\u00fcme \u00e7ulland\u0131lar, depoya alm\u0131yorlar. Biz i\u015ften at\u0131lmad\u0131k ki! Sizin g\u00f6reviniz bizi korumak ama siz onlar\u0131 koruyorsunuz. Ama biz kazanaca\u011f\u0131z, herkes duysun, depo i\u015f\u00e7ileri kazanacak!\u201d<\/p>\n<p>Direne direne kazanaca\u011f\u0131z!\u2026 <a href=\"https:\/\/t.co\/xmFwgi8BTP\">pic.twitter.com\/xmFwgi8BTP<\/a><\/p>\n<p>\u2014 DGD-SEN (@DGDSEN) <a href=\"https:\/\/twitter.com\/DGDSEN\/status\/2017162341188608421?ref_src=twsrc%5Etfw\" target=\"_blank\" rel=\"noopener\">30. Januar 2026<\/a><\/p><\/blockquote>\n<p><script async src=\"https:\/\/platform.twitter.com\/widgets.js\" charset=\"utf-8\"><\/script><\/p>\n<h3>Direni\u015fi k\u0131rmaya d\u00f6n\u00fck g\u00f6zda\u011f\u0131<\/h3>\n<p>Migros depolar\u0131nda \u00e7al\u0131\u015fan 7 bin 800&#8217;den fazla ta\u015feron i\u015f\u00e7inin kadro ve insanca ya\u015fanacak bir \u00fccret i\u00e7in m\u00fccadelesi bir haftay\u0131 a\u015fk\u0131n bir s\u00fcredir devam ediyor. Son olarak Migros y\u00f6netimi, direni\u015fin s\u00fcrd\u00fc\u011f\u00fc depolarda \u00e7al\u0131\u015fan i\u015f\u00e7ilerin i\u015ften \u00e7\u0131kar\u0131ld\u0131\u011f\u0131n\u0131 duyuran bir a\u00e7\u0131klama yay\u0131mlam\u0131\u015f; i\u015f\u00e7ilere de \u201c\u0130\u015f akdiniz feshedilmi\u015ftir\u201d i\u00e7erikli mesajlar g\u00f6ndermi\u015fti. Ancak i\u015f\u00e7iler, e-Devlet ve SGK sistemlerinde herhangi bir resmi i\u015ften \u00e7\u0131karma kayd\u0131n\u0131n g\u00f6r\u00fcnmedi\u011fini belirterek, yap\u0131lan\u0131n fiili direni\u015fi k\u0131rmaya d\u00f6n\u00fck bir g\u00f6zda\u011f\u0131 ve bask\u0131 giri\u015fimi oldu\u011funu ifade etmi\u015fti.<\/p>\n<p>&nbsp;<\/p>\n<blockquote class=\"twitter-tweet\">\n<p dir=\"ltr\" lang=\"tr\">\u015eekerp\u0131nar\u2019da depo i\u00e7inden depo \u00f6n\u00fcne gelmeye \u00e7al\u0131\u015fan i\u015f\u00e7ileri amirler odalara kilitledi. Migros, depo i\u015f\u00e7ilerini rehin ald\u0131!<\/p>\n<p>Her ge\u00e7en an su\u00e7lar\u0131n\u0131 artt\u0131r\u0131yorlar. \u0130\u015f\u00e7ileri kilitlemek ne demek?<\/p>\n<p>T\u00fcm kamuoyunu ses \u00e7\u0131karmaya, depocular\u0131n yan\u0131nda olmaya \u00e7a\u011f\u0131r\u0131yoruz!<a href=\"https:\/\/twitter.com\/hashtag\/Gasp%C3%A7%C4%B1Migros?src=hash&amp;ref_src=twsrc%5Etfw\" target=\"_blank\" rel=\"noopener\">#Gasp\u00e7\u0131Migros<\/a> <a href=\"https:\/\/t.co\/ZcIyqWMdxB\">pic.twitter.com\/ZcIyqWMdxB<\/a><\/p>\n<p>\u2014 DGD-SEN (@DGDSEN) <a href=\"https:\/\/twitter.com\/DGDSEN\/status\/2017155571468599733?ref_src=twsrc%5Etfw\" target=\"_blank\" rel=\"noopener\">30. Januar 2026<\/a><\/p><\/blockquote>\n<p><script async src=\"https:\/\/platform.twitter.com\/widgets.js\" charset=\"utf-8\"><\/script><\/p>\n<h3>\u0130\u015f\u00e7iler rehin al\u0131nd\u0131 iddias\u0131<\/h3>\n<p>\u00c7ay\u0131rova\u2019n\u0131n \u015eekerp\u0131nar Mahallesi\u2019nde yer alan Migros depodaki eylemler devam ederken, depo i\u00e7inden depo \u00f6n\u00fcne gelmeye \u00e7al\u0131\u015fan i\u015f\u00e7ilerin amirleri taraf\u0131ndan odaya kilitlendi\u011fi iddia edildi. Depo, Liman, Tersane ve Deniz \u0130\u015f\u00e7ileri Sendikas\u0131\u2019n\u0131n sosyal medyadan payla\u015ft\u0131\u011f\u0131 g\u00f6r\u00fcnt\u00fclerde eylemde olan i\u015f\u00e7ilerle yetkililer aras\u0131nda tart\u0131\u015fma ya\u015fand\u0131. \u0130\u015f\u00e7iler, \u201cGrev hakk\u0131m\u0131z engellenemez\u201d diyerek slogan at\u0131p, d\u00fcd\u00fck \u00e7ald\u0131.<\/p>","protected":false},"excerpt":{"rendered":"<p>Migros depolar\u0131nda \u00e7al\u0131\u015fan i\u015f\u00e7ilerin insanca ya\u015fayacak \u00fccret talebiyle ba\u015flatt\u0131\u011f\u0131 i\u015f b\u0131rakma eylemleri B\u0130M depolar\u0131na ta\u015f\u0131nd\u0131. Van&#8217;da i\u015f\u00e7ilerin eylemi s\u00fcrerken, \u0130stanbul Arnavutk\u00f6y, Erzurum ve I\u011fd\u0131r&#8217;daki depo i\u015f\u00e7ileri de i\u015f b\u0131rakt\u0131.<\/p>","protected":false},"author":3,"featured_media":282153,"comment_status":"closed","ping_status":"closed","sticky":false,"template":"","format":"standard","meta":{"footnotes":""},"categories":[2],"tags":[289],"class_list":{"0":"post-282152","1":"post","2":"type-post","3":"status-publish","4":"format-standard","5":"has-post-thumbnail","7":"category-gundem","8":"tag-manset"},"_links":{"self":[{"href":"https:\/\/halkweb.com.tr\/de\/wp-json\/wp\/v2\/posts\/282152","targetHints":{"allow":["GET"]}}],"collection":[{"href":"https:\/\/halkweb.com.tr\/de\/wp-json\/wp\/v2\/posts"}],"about":[{"href":"https:\/\/halkweb.com.tr\/de\/wp-json\/wp\/v2\/types\/post"}],"author":[{"embeddable":true,"href":"https:\/\/halkweb.com.tr\/de\/wp-json\/wp\/v2\/users\/3"}],"replies":[{"embeddable":true,"href":"https:\/\/halkweb.com.tr\/de\/wp-json\/wp\/v2\/comments?post=282152"}],"version-history":[{"count":1,"href":"https:\/\/halkweb.com.tr\/de\/wp-json\/wp\/v2\/posts\/282152\/revisions"}],"predecessor-version":[{"id":282154,"href":"https:\/\/halkweb.com.tr\/de\/wp-json\/wp\/v2\/posts\/282152\/revisions\/282154"}],"wp:featuredmedia":[{"embeddable":true,"href":"https:\/\/halkweb.com.tr\/de\/wp-json\/wp\/v2\/media\/282153"}],"wp:attachment":[{"href":"https:\/\/halkweb.com.tr\/de\/wp-json\/wp\/v2\/media?parent=282152"}],"wp:term":[{"taxonomy":"category","embeddable":true,"href":"https:\/\/halkweb.com.tr\/de\/wp-json\/wp\/v2\/categories?post=282152"},{"taxonomy":"post_tag","embeddable":true,"href":"https:\/\/halkweb.com.tr\/de\/wp-json\/wp\/v2\/tags?post=282152"}],"curies":[{"name":"wp","href":"https:\/\/api.w.org\/{rel}","templated":true}]}}