{"id":282064,"date":"2026-01-27T15:56:04","date_gmt":"2026-01-27T15:56:04","guid":{"rendered":"https:\/\/halkweb.com.tr\/?p=282064"},"modified":"2026-01-27T16:05:07","modified_gmt":"2026-01-27T16:05:07","slug":"alevitische-organisationen-berichten-in-den-medien-nicht-uber-das-massaker-an-aleviten-in-syrien-beleidigungen-gegen-aleviten-werden-von-der-justiz-nicht-verfolgt","status":"publish","type":"post","link":"https:\/\/halkweb.com.tr\/de\/alevitische-organisationen-berichten-in-den-medien-nicht-uber-das-massaker-an-aleviten-in-syrien-beleidigungen-gegen-aleviten-werden-von-der-justiz-nicht-verfolgt\/","title":{"rendered":"Alevitische Organisationen: Medien berichten nicht \u00fcber das Massaker an Aleviten in Syrien; Beleidigungen gegen Aleviten werden von der Justiz nicht bearbeitet"},"content":{"rendered":"<p><strong>HALKWEB-<\/strong>Die Alevitische Bektaschi-F\u00f6deration, die Alevitische F\u00f6deration der T\u00fcrkei, die Hac\u0131 Bekta\u015f Veli Anatolische Kulturstiftung, die Alevitischen Kulturvereine und der Pir Sultan Abdal Kulturverein organisierten eine Pressekonferenz im Taksim Hill Hotel, um ihre Ansichten zu den aktuellen Forderungen der alevitischen Gemeinschaft darzulegen.<\/p>\n<p>Das Hauptthema des Treffens waren die Massaker an Aleviten in Syrien. Trotz ihrer Bem\u00fchungen beklagten die alevitischen Vertreter, dass diese Massaker in der t\u00fcrkischen \u00d6ffentlichkeit und in den Medien nicht gen\u00fcgend Beachtung finden.<\/p>\n<p>Mustafa Aslan, Vorsitzender der Alevitischen Bektaschi-F\u00f6deration, sagte auf dem Treffen, es sei besorgniserregend, dass \u00fcber den Kampf der alevitischen Organisationen in der Presse nicht ausreichend berichtet werde. Aslan sagte: \u201cWir alle sehen die Massaker, die von HTS-Banden in Syrien ver\u00fcbt werden. Aleviten werden massakriert und von ihrem Land vertrieben. Frauen werden gekidnappt und vergewaltigt. Das ist ein V\u00f6lkermord, und wir haben versucht, der Welt davon zu erz\u00e4hlen, aber die Medien in der T\u00fcrkei haben diesen V\u00f6lkermord nicht gesehen.\u201d.<\/p>\n<h3><strong>\u201cEs ist inakzeptabel, die massakrierende Organisation, die eine Krawatte tr\u00e4gt, als Vertreter des Landes darzustellen.\u201d<\/strong><\/h3>\n<p>Aslan betonte, dass HTS nicht nur Aleviten, sondern auch Drusen, Christen, Kurden und s\u00e4kulare Gruppen angreift, und sagte: \u201cEs ist inakzeptabel, dass diese massakrierende Struktur heute als Repr\u00e4sentant des Landes mit einer Krawatte pr\u00e4sentiert wird.\u201d Die AKP-Fraktionsvorsitzende Leyla \u015eahin Usta gab eine Erkl\u00e4rung ab, in der sie das Massaker an den Aleviten verteidigte, und erkl\u00e4rte, dass sie diese Bedenken auch im Parlament ge\u00e4u\u00dfert h\u00e4tten. Wir haben die \u00d6ffnung eines humanit\u00e4ren Hilfskorridors und die Entsendung eines Beobachterkomitees in die Region gefordert, aber wir haben immer noch keine Antwort erhalten. Auf der anderen Seite trifft sich der Au\u00dfenminister dieses Landes jeden Tag mit salafistischen Banden.\u201c.<\/p>\n<h3><strong>100 Strafanzeigen wurden nicht weiterverfolgt<\/strong><\/h3>\n<p>Der Vorsitzende der Alevitischen F\u00f6deration der T\u00fcrkei, Zeynel Abidin Ko\u00e7, erkl\u00e4rte, dass die ISIS-Banden nun an unsere Grenzen heranr\u00fccken und sagte: \u201cWir m\u00fcssen das sehen. Der republikanische Sunnitismus wird tats\u00e4chlich zerst\u00f6rt. Heute liegen den Aleviten mehr als 100 Strafanzeigen vor, aber nicht eine einzige davon wurde bearbeitet. Gibt es nicht einen einzigen Kriminellen? Dagegen werden die Strafanzeigen gegen uns sofort bearbeitet. Das ist \u00e4u\u00dferst beunruhigend\u2019, sagte er.<\/p>\n<h3><strong>\u201cWir sehen, dass die parteiische Presse sich fast wie ein Offizier der Banden in Syrien verh\u00e4lt\u201d<\/strong><\/h3>\n<p>Der Vorsitzende des Kulturvereins Pir Sultan Abdal, Cuma Er\u00e7e, \u00e4u\u00dferte sich wie folgt:<\/p>\n<p>\u201cWir sehen, dass die parteiische Presse fast wie ein Offizier der Banden in Syrien agiert. Die Art und Weise, wie eine Frau get\u00f6tet und von einem Geb\u00e4ude geworfen wird oder wie ihr die Haare abgeschnitten werden, zeigt deutlich, wem die Presse dient. Unser Nachbar ist nicht mehr Syrien, sondern eine m\u00f6rderische Organisation, die von Israel, den USA und den ISIS-Banden gebildet wird. Das erste, woran die Presse erinnern sollte, sind das Massaker vom 10. Oktober, das Neujahrsmassaker und die Anschl\u00e4ge in Yalova. Die Presse muss die \u00d6ffentlichkeit auf korrekte und echte Weise dar\u00fcber informieren.\u201d<\/p>","protected":false},"excerpt":{"rendered":"<p>Trotz ihrer Bem\u00fchungen beklagen die alevitischen Vertreter, dass die Massaker in der t\u00fcrkischen \u00d6ffentlichkeit und in den Medien nicht gen\u00fcgend Beachtung finden.<\/p>","protected":false},"author":4,"featured_media":282066,"comment_status":"closed","ping_status":"closed","sticky":false,"template":"","format":"standard","meta":{"footnotes":""},"categories":[2],"tags":[289],"class_list":{"0":"post-282064","1":"post","2":"type-post","3":"status-publish","4":"format-standard","5":"has-post-thumbnail","7":"category-gundem","8":"tag-manset"},"_links":{"self":[{"href":"https:\/\/halkweb.com.tr\/de\/wp-json\/wp\/v2\/posts\/282064","targetHints":{"allow":["GET"]}}],"collection":[{"href":"https:\/\/halkweb.com.tr\/de\/wp-json\/wp\/v2\/posts"}],"about":[{"href":"https:\/\/halkweb.com.tr\/de\/wp-json\/wp\/v2\/types\/post"}],"author":[{"embeddable":true,"href":"https:\/\/halkweb.com.tr\/de\/wp-json\/wp\/v2\/users\/4"}],"replies":[{"embeddable":true,"href":"https:\/\/halkweb.com.tr\/de\/wp-json\/wp\/v2\/comments?post=282064"}],"version-history":[{"count":4,"href":"https:\/\/halkweb.com.tr\/de\/wp-json\/wp\/v2\/posts\/282064\/revisions"}],"predecessor-version":[{"id":282072,"href":"https:\/\/halkweb.com.tr\/de\/wp-json\/wp\/v2\/posts\/282064\/revisions\/282072"}],"wp:featuredmedia":[{"embeddable":true,"href":"https:\/\/halkweb.com.tr\/de\/wp-json\/wp\/v2\/media\/282066"}],"wp:attachment":[{"href":"https:\/\/halkweb.com.tr\/de\/wp-json\/wp\/v2\/media?parent=282064"}],"wp:term":[{"taxonomy":"category","embeddable":true,"href":"https:\/\/halkweb.com.tr\/de\/wp-json\/wp\/v2\/categories?post=282064"},{"taxonomy":"post_tag","embeddable":true,"href":"https:\/\/halkweb.com.tr\/de\/wp-json\/wp\/v2\/tags?post=282064"}],"curies":[{"name":"wp","href":"https:\/\/api.w.org\/{rel}","templated":true}]}}