{"id":281999,"date":"2026-01-26T11:46:56","date_gmt":"2026-01-26T11:46:56","guid":{"rendered":"https:\/\/halkweb.com.tr\/?p=281999"},"modified":"2026-01-26T11:46:56","modified_gmt":"2026-01-26T11:46:56","slug":"prozess-gegen-die-kriminelle-organisation-aziz-ihsan-aktas-beginnt-und-7-prasidenten-mussen-sich-vor-gericht-verantworten","status":"publish","type":"post","link":"https:\/\/halkweb.com.tr\/de\/prozess-gegen-die-kriminelle-organisation-aziz-ihsan-aktas-beginnt-und-7-prasidenten-mussen-sich-vor-gericht-verantworten\/","title":{"rendered":"Prozess gegen 7 Pr\u00e4sidenten im Fall der kriminellen Vereinigung Aziz \u0130hsan Akta\u015f beginnt"},"content":{"rendered":"<p>Die erste Anh\u00f6rung in dem Verfahren, in dem Aziz \u0130hsan Akta\u015f als \u201cAnf\u00fchrer einer kriminellen Vereinigung\u201d \u201cohne Haft\u201d verurteilt werden soll, findet in Silivri statt. Zwischen dem 27. Januar und dem 20. Februar wird der Prozess im \u201cgro\u00dfen\u201d Saal des Gef\u00e4ngnisses von Silivri stattfinden.<\/p>\n<p>Die B\u00fcrgermeister von Avc\u0131lar, Adana Metropolitan, Adana Seyhan, Adana Ceyhan, Adana Seyhan, Adana Ceyhan und Be\u015fikta\u015f werden festgenommen, w\u00e4hrend die B\u00fcrgermeister von Ad\u0131yaman und Esenyurt ohne Untersuchungshaft verurteilt werden.<\/p>\n<p>Vor der ersten Anh\u00f6rung verfasste die Delegation des 1.<\/p>\n<p>Es wurde beschlossen, 25 Pressevertreter, 20 nationale und 5 internationale Pressevertreter, zur Anh\u00f6rung zuzulassen.<\/p>\n<p>Nachdem die Angeklagten, Zeugen, Anw\u00e4lte und Pressevertreter in den Gerichtssaal eingelassen worden waren, wurde beschlossen, die Verwandten ersten Grades der Angeklagten nach Ma\u00dfgabe der Kapazit\u00e4t zuzulassen.<\/p>\n<p>Nach der vorbereiteten Anklageschrift mit 40 Festgenommenen gibt es mit den Freilassungsbeschl\u00fcssen insgesamt 200 Beschuldigte, von denen 34 im Rahmen der Akte Aziz \u0130hsan Akta\u015f verhaftet sind.<\/p>","protected":false},"excerpt":{"rendered":"<p>Es wurde beschlossen, 25 Pressevertreter, 20 nationale und 5 internationale Pressevertreter, zur Anh\u00f6rung zuzulassen.<\/p>","protected":false},"author":3,"featured_media":282000,"comment_status":"closed","ping_status":"closed","sticky":false,"template":"","format":"standard","meta":{"footnotes":""},"categories":[2],"tags":[15,289],"class_list":{"0":"post-281999","1":"post","2":"type-post","3":"status-publish","4":"format-standard","5":"has-post-thumbnail","7":"category-gundem","8":"tag-chp","9":"tag-manset"},"_links":{"self":[{"href":"https:\/\/halkweb.com.tr\/de\/wp-json\/wp\/v2\/posts\/281999","targetHints":{"allow":["GET"]}}],"collection":[{"href":"https:\/\/halkweb.com.tr\/de\/wp-json\/wp\/v2\/posts"}],"about":[{"href":"https:\/\/halkweb.com.tr\/de\/wp-json\/wp\/v2\/types\/post"}],"author":[{"embeddable":true,"href":"https:\/\/halkweb.com.tr\/de\/wp-json\/wp\/v2\/users\/3"}],"replies":[{"embeddable":true,"href":"https:\/\/halkweb.com.tr\/de\/wp-json\/wp\/v2\/comments?post=281999"}],"version-history":[{"count":1,"href":"https:\/\/halkweb.com.tr\/de\/wp-json\/wp\/v2\/posts\/281999\/revisions"}],"predecessor-version":[{"id":282001,"href":"https:\/\/halkweb.com.tr\/de\/wp-json\/wp\/v2\/posts\/281999\/revisions\/282001"}],"wp:featuredmedia":[{"embeddable":true,"href":"https:\/\/halkweb.com.tr\/de\/wp-json\/wp\/v2\/media\/282000"}],"wp:attachment":[{"href":"https:\/\/halkweb.com.tr\/de\/wp-json\/wp\/v2\/media?parent=281999"}],"wp:term":[{"taxonomy":"category","embeddable":true,"href":"https:\/\/halkweb.com.tr\/de\/wp-json\/wp\/v2\/categories?post=281999"},{"taxonomy":"post_tag","embeddable":true,"href":"https:\/\/halkweb.com.tr\/de\/wp-json\/wp\/v2\/tags?post=281999"}],"curies":[{"name":"wp","href":"https:\/\/api.w.org\/{rel}","templated":true}]}}