{"id":281979,"date":"2026-01-26T07:10:35","date_gmt":"2026-01-26T07:10:35","guid":{"rendered":"https:\/\/halkweb.com.tr\/?p=281979"},"modified":"2026-01-26T07:10:35","modified_gmt":"2026-01-26T07:10:35","slug":"junta-unterdruckung","status":"publish","type":"post","link":"https:\/\/halkweb.com.tr\/de\/junta-unterdruckung\/","title":{"rendered":"Druck von Seiten der Junta"},"content":{"rendered":"<p>Die Erinnerung an dieses Land wurde nicht nur durch Putsche, sondern auch durch Schweigen gepr\u00e4gt.<br \/>\nIn der Zeitspanne von 1960 bis zum 12. September und vom 28. Februar bis heute gab es folgende Gemeinsamkeiten:<br \/>\nDer Staat hat es sich zur Aufgabe gemacht, seine B\u00fcrger zu disziplinieren, anstatt sie zu sch\u00fctzen.<\/p>\n<p>Ideen wurden etikettiert, Identit\u00e4ten wurden geschliffen, die Vergangenheit wurde als \u201canst\u00f6\u00dfig\u201d deklariert.<\/p>\n<p>Wir sind in einem Klima aufgewachsen, in dem einheitliches Denken, einheitliches Sprechen und einheitliches Schweigen akzeptabel waren.<\/p>\n<p>In der Schule hat man uns beigebracht, auswendig zu lernen, nicht aber, Fragen zu stellen.<\/p>\n<p>Zu Hause wurde dar\u00fcber gefl\u00fcstert, und es galt als mutig, auf der Stra\u00dfe laut zu denken.<\/p>\n<p>Es war akzeptabel, die Geschichte nicht zu konfrontieren, sondern sie zu polieren.<\/p>\n<p>Deshalb m\u00f6chte ich die Geschichte von Sabiha G\u00f6k\u00e7en erz\u00e4hlen,<br \/>\nDeshalb ist es immer noch unangenehm, \u00fcber das zu sprechen, was Hrant Dink geschrieben hat.<br \/>\nDenn eine Junta kommt nicht nur mit Panzern;<br \/>\nWenn es einmal in den K\u00f6pfen ist, bleibt es f\u00fcr Generationen.<\/p>\n<p>Aber die Welt hat sich ver\u00e4ndert.<br \/>\nInformationen entkommen den Grenzen, werden durch Verbote hindurchgelassen und verbreiten sich schneller als die Angst.<br \/>\nJunge Menschen sollten dies wissen:<br \/>\nDie Wahrheit zu sagen, ist kein Verbrechen,<br \/>\nFragen zu stellen ist kein Verrat,<br \/>\nDie Auseinandersetzung mit der Geschichte ist keine Feindseligkeit.<\/p>\n<p>Die wahre Angst der Junta ist nicht der Panzer,<br \/>\nkommt von Menschen, die reden, denken und sich erinnern.<\/p>","protected":false},"excerpt":{"rendered":"<p>Eine Junta kommt nicht nur mit einem Panzer; wenn sie einmal in den K\u00f6pfen verankert ist, bleibt sie f\u00fcr Generationen bestehen.<\/p>","protected":false},"author":44,"featured_media":281980,"comment_status":"closed","ping_status":"closed","sticky":false,"template":"","format":"standard","meta":{"footnotes":""},"categories":[286],"tags":[289],"class_list":{"0":"post-281979","1":"post","2":"type-post","3":"status-publish","4":"format-standard","5":"has-post-thumbnail","7":"category-yazarlar","8":"tag-manset"},"_links":{"self":[{"href":"https:\/\/halkweb.com.tr\/de\/wp-json\/wp\/v2\/posts\/281979","targetHints":{"allow":["GET"]}}],"collection":[{"href":"https:\/\/halkweb.com.tr\/de\/wp-json\/wp\/v2\/posts"}],"about":[{"href":"https:\/\/halkweb.com.tr\/de\/wp-json\/wp\/v2\/types\/post"}],"author":[{"embeddable":true,"href":"https:\/\/halkweb.com.tr\/de\/wp-json\/wp\/v2\/users\/44"}],"replies":[{"embeddable":true,"href":"https:\/\/halkweb.com.tr\/de\/wp-json\/wp\/v2\/comments?post=281979"}],"version-history":[{"count":1,"href":"https:\/\/halkweb.com.tr\/de\/wp-json\/wp\/v2\/posts\/281979\/revisions"}],"predecessor-version":[{"id":281981,"href":"https:\/\/halkweb.com.tr\/de\/wp-json\/wp\/v2\/posts\/281979\/revisions\/281981"}],"wp:featuredmedia":[{"embeddable":true,"href":"https:\/\/halkweb.com.tr\/de\/wp-json\/wp\/v2\/media\/281980"}],"wp:attachment":[{"href":"https:\/\/halkweb.com.tr\/de\/wp-json\/wp\/v2\/media?parent=281979"}],"wp:term":[{"taxonomy":"category","embeddable":true,"href":"https:\/\/halkweb.com.tr\/de\/wp-json\/wp\/v2\/categories?post=281979"},{"taxonomy":"post_tag","embeddable":true,"href":"https:\/\/halkweb.com.tr\/de\/wp-json\/wp\/v2\/tags?post=281979"}],"curies":[{"name":"wp","href":"https:\/\/api.w.org\/{rel}","templated":true}]}}