{"id":281617,"date":"2026-01-17T12:30:38","date_gmt":"2026-01-17T12:30:38","guid":{"rendered":"https:\/\/halkweb.com.tr\/?p=281617"},"modified":"2026-01-17T12:31:35","modified_gmt":"2026-01-17T12:31:35","slug":"die-reaktion-der-geschaftsfuhrung-von-gurpinar-cemevi-auf-chpli-ozere-ist-das-ergebnis-einer-gefahrlichen-mentalitat","status":"publish","type":"post","link":"https:\/\/halkweb.com.tr\/de\/die-reaktion-der-geschaftsfuhrung-von-gurpinar-cemevi-auf-chpli-ozere-ist-das-ergebnis-einer-gefahrlichen-mentalitat\/","title":{"rendered":"G\u00fcrp\u0131nar Cemevi Verwaltung reagiert auf CHP-\u00d6zer: Produkt einer gef\u00e4hrlichen Mentalit\u00e4t"},"content":{"rendered":"<p><strong>Dilek Bozkurt \/<\/strong> Die Verwaltung von Karacaahmet Dergah G\u00fcrp\u0131nar Cemevi reagierte scharf auf die \u00c4u\u00dferungen des CHP-Landesvorsitzenden von Kayseri, \u00dcmit \u00d6zer, gegen Aleviten.<\/p>\n<p>In der Erkl\u00e4rung, die im Namen des Vorsitzenden von G\u00fcrp\u0131nar Karacaahmet Sultan Cemevi, Av. Ali Dalg\u0131n, abgegeben wurde, wurde betont, dass die \u00c4u\u00dferungen einen Verfassungsbruch darstellten und eine Entschuldigung sowie ein Disziplinarverfahren gefordert.<\/p>\n<p>Die Verwaltung von Karacaahmet Dergah G\u00fcrp\u0131nar Cemevi gab eine schriftliche Erkl\u00e4rung zu den \u00c4u\u00dferungen des CHP-Landesvorsitzenden von Kayseri, \u00dcmit \u00d6zer, ab, die sich in der \u00f6ffentlichen Meinung niederschlugen und die alevitische Gemeinschaft beleidigten. In der Erkl\u00e4rung, die als Reaktion auf \u00d6zers Aussage \u201cAls ich Aleviten kennenlernte, machte ich MHP-Mitglieder zu meinen Favoriten\u201d herausgegeben wurde, hie\u00df es, dass diese Sprache Diskriminierung normalisiere und dem sozialen Frieden schade.<\/p>\n<figure id=\"attachment_281619\" aria-describedby=\"caption-attachment-281619\" style=\"width: 848px\" class=\"wp-caption alignnone\"><img loading=\"lazy\" decoding=\"async\" class=\"size-full wp-image-281619\" src=\"https:\/\/halkweb.com.tr\/wp-content\/uploads\/2026\/01\/gr.jpg\" alt=\"\" width=\"848\" height=\"859\" srcset=\"https:\/\/halkweb.com.tr\/wp-content\/uploads\/2026\/01\/gr.jpg 848w, https:\/\/halkweb.com.tr\/wp-content\/uploads\/2026\/01\/gr-12x12.jpg 12w, https:\/\/halkweb.com.tr\/wp-content\/uploads\/2026\/01\/gr-300x304.jpg 300w, https:\/\/halkweb.com.tr\/wp-content\/uploads\/2026\/01\/gr-696x705.jpg 696w\" sizes=\"auto, (max-width: 848px) 100vw, 848px\" \/><figcaption id=\"caption-attachment-281619\" class=\"wp-caption-text\">G\u00fcrp\u0131nar Karacaahmet Sultan Cemevi Pr\u00e4sident Av. Ali Dalg\u0131n<\/figcaption><\/figure>\n<h3>\u201cVerfassungsversto\u00df\u201d<\/h3>\n<p>In der Erkl\u00e4rung von Av. Ali Dalg\u0131n im Namen der Gesch\u00e4ftsf\u00fchrung von G\u00fcrp\u0131nar Cemevi hei\u00dft es, dass die fraglichen Aussagen nicht nur als \u201cungl\u00fccklich\u201d bezeichnet werden k\u00f6nnen. In der Erkl\u00e4rung wurden die folgenden Aussagen gemacht:<\/p>\n<p>\u201dArtikel 10 der Verfassung der Republik T\u00fcrkei und die Bestimmungen des t\u00fcrkischen Strafgesetzbuches, die Hassverbrechen regeln, verbieten die Diskriminierung aufgrund des Glaubens. Die implizite Abwertung einer Glaubensgemeinschaft durch einen Politiker ist nicht nur mit der politischen Moral unvereinbar, sondern zieht auch eine rechtliche Verantwortung nach sich.\u201d<\/p>\n<h3>\u201dDie Aleviten sind das wesentliche Element dieses Landes\u201d<\/h3>\n<p>In der von Dalg\u0131n herausgegebenen Erkl\u00e4rung wurde betont, dass die Aleviten keine Gemeinschaft sind, die \u201cgeduldet wird, solange sie anerkannt wird\u201d, sondern ein wesentliches Element, das auf der Grundlage der gleichen Staatsb\u00fcrgerschaft respektiert werden muss. Es wurde daran erinnert, dass es einer gef\u00e4hrlichen Mentalit\u00e4t entspringt, einen Glauben f\u00fcr \u201cakzeptabel\u201d zu erkl\u00e4ren, indem man ihn mit einer anderen Identit\u00e4t vergleicht, die die Verantwortung f\u00fcr die Leiden der Vergangenheit tr\u00e4gt.<\/p>","protected":false},"excerpt":{"rendered":"<p>Es wurde betont, dass Aleviten keine Gemeinschaft sind, die man \u201ctoleriert, solange man sie anerkennt\u201d, sondern ein wesentliches Element, das auf der Grundlage der gleichen Staatsb\u00fcrgerschaft respektiert werden muss.<\/p>","protected":false},"author":3,"featured_media":281618,"comment_status":"closed","ping_status":"closed","sticky":false,"template":"","format":"standard","meta":{"footnotes":""},"categories":[2],"tags":[],"class_list":{"0":"post-281617","1":"post","2":"type-post","3":"status-publish","4":"format-standard","5":"has-post-thumbnail","7":"category-gundem"},"_links":{"self":[{"href":"https:\/\/halkweb.com.tr\/de\/wp-json\/wp\/v2\/posts\/281617","targetHints":{"allow":["GET"]}}],"collection":[{"href":"https:\/\/halkweb.com.tr\/de\/wp-json\/wp\/v2\/posts"}],"about":[{"href":"https:\/\/halkweb.com.tr\/de\/wp-json\/wp\/v2\/types\/post"}],"author":[{"embeddable":true,"href":"https:\/\/halkweb.com.tr\/de\/wp-json\/wp\/v2\/users\/3"}],"replies":[{"embeddable":true,"href":"https:\/\/halkweb.com.tr\/de\/wp-json\/wp\/v2\/comments?post=281617"}],"version-history":[{"count":3,"href":"https:\/\/halkweb.com.tr\/de\/wp-json\/wp\/v2\/posts\/281617\/revisions"}],"predecessor-version":[{"id":281622,"href":"https:\/\/halkweb.com.tr\/de\/wp-json\/wp\/v2\/posts\/281617\/revisions\/281622"}],"wp:featuredmedia":[{"embeddable":true,"href":"https:\/\/halkweb.com.tr\/de\/wp-json\/wp\/v2\/media\/281618"}],"wp:attachment":[{"href":"https:\/\/halkweb.com.tr\/de\/wp-json\/wp\/v2\/media?parent=281617"}],"wp:term":[{"taxonomy":"category","embeddable":true,"href":"https:\/\/halkweb.com.tr\/de\/wp-json\/wp\/v2\/categories?post=281617"},{"taxonomy":"post_tag","embeddable":true,"href":"https:\/\/halkweb.com.tr\/de\/wp-json\/wp\/v2\/tags?post=281617"}],"curies":[{"name":"wp","href":"https:\/\/api.w.org\/{rel}","templated":true}]}}